{"id":1197056,"date":"2026-07-27T18:55:33","date_gmt":"2026-07-27T18:55:33","guid":{"rendered":"https:\/\/www.europesays.com\/de\/1197056\/"},"modified":"2026-07-27T18:55:33","modified_gmt":"2026-07-27T18:55:33","slug":"fuer-mega-summe-naechster-bvb-transfer-fix-nur-dembele-war-teurer-fussball","status":"publish","type":"post","link":"https:\/\/www.europesays.com\/de\/1197056\/","title":{"rendered":"F\u00fcr Mega-Summe! N\u00e4chster BVB-Transfer fix \u2013 Nur Demb\u00e9l\u00e9 war teurer | Fu\u00dfball"},"content":{"rendered":"<p><b>Dortmund \u2013 Der BVB schl\u00e4gt zu! Wie mehrere Medien berichten und auch BILD best\u00e4tigen kann, holt Borussia Dortmund das griechische Juwel Konstantinos Karetsas (18). Am Montag gelang Sportdirektor Ole Book (40) in Belgien der Durchbruch. Mit den Genk-Bossen einigte er sich auf ein Gesamtpaket von 33 Millionen Euro \u2013 plus Weiterverkaufsbeteiligung.<\/b><\/p>\n<p>Mit 33 Millionen Euro wird Karetsas der zweitteuerste Transfer der Vereinsgeschichte. Nur Ousmane Demb\u00e9l\u00e9 war 2016 noch teurer. Der Weltfu\u00dfballer kam f\u00fcr 35 Millionen Euro vom franz\u00f6sischen Klub Rennes. Wenn der griechische Nationalspieler eine \u00e4hnliche Karriere hinlegt, w\u00e4ren beim <a href=\"https:\/\/sportbild.bild.de\/bundesliga\/vereine\/borussia-dortmund\/home-33283690.sport.html\" class=\"text-link\" rel=\"nofollow noopener\" target=\"_blank\">BVB<\/a> sicherlich alle zufrieden.<\/p>\n<p><img decoding=\"async\" width=\"992\" height=\"558\" alt=\"Konstantinos Karetsas (18) kommt zum BVB\" loading=\"lazy\" src=\"https:\/\/www.europesays.com\/de\/wp-content\/uploads\/2026\/07\/b555d4d8200a48d1de86e536a8dc16e7,f86a1386.jpeg\"   class=\"landscape\"\/><\/p>\n<p class=\"fig__caption__text\">Konstantinos Karetsas (18) kommt zum BVB<\/p>\n<p>Foto: picture alliance\/Eibner-Pressefoto<\/p>\n<p>Karetsas soll Brandt-Rolle \u00fcbernehmen<\/p>\n<p>Fakt ist: Der 18-J\u00e4hrige wird die Rolle von Ex-Star Julian Brandt (30) im offensiven Mittelfeld einnehmen. Mit seiner Kreativit\u00e4t und Spritzigkeit soll er deutlich mehr Torgefahr als sein Vorg\u00e4nger ausstrahlen. Eine Position, in die das Talent aber auch erst reinwachsen muss. Es wird sicherlich ein paar Wochen dauern, bis er sich an das neue Tempo in der Bundesliga gew\u00f6hnt hat.<\/p>\n<p>Mehr zum Thema<\/p>\n<p>Wie BILD bereits berichtete, war sich der BVB mit Karetsas seit Wochen einig. Er hatte den Dortmundern seine Wechselbereitschaft signalisiert, die grunds\u00e4tzlichen Vertragsmodalit\u00e4ten wurden abgestimmt. Deshalb schaffte es auch kein anderer Verein mehr, den Deal zu torpedieren. Zuletzt gab es weitere Klubs, die Interesse an dem Griechen zeigten \u2013 das wurde nie wirklich ernst, weil er dem BVB bereits seine Zusage gegeben hatte.<\/p>\n<p>Dritter Sommer-Transfer in Planung<\/p>\n<p>Nach Joane Gadau (19) von RB Salzburg t\u00fcten Dortmunds Kader-Konstrukteure um Sport-Boss Lars Ricken (40) und Book den zweiten fetten Sommer-Transfer ein. Das soll aber noch nicht alles sein. Auch Said El Mala (19) vom 1. FC K\u00f6ln soll noch kommen. Wie BILD bereits berichtete, wurde mit dem Spieler bereits abgekl\u00e4rt, dass er einen F\u00fcnf-Jahres-Vertrag bekommt. Jetzt m\u00fcssen sich aber noch die Vereine einigen.<\/p>\n<p>\u201eIch bin kein junges Kind mehr&#8230;\u201c: Kampfansage von Bellingham!<a class=\"anchor video-teaser__anchor\" href=\"https:\/\/sportbild.bild.de\/fussball\/1-bundesliga\/ich-bin-kein-junges-kind-mehr-kampfansage-von-bellingham-6a677cb95a746a23ee62445d\" rel=\"nofollow noopener\" target=\"_blank\"><img decoding=\"async\" width=\"992\" height=\"558\" alt=\"\" loading=\"lazy\" src=\"https:\/\/www.europesays.com\/de\/wp-content\/uploads\/2026\/07\/1d899b88f8ff6b725bac7695d282720d-landscape,617c9840.jpeg\"   class=\"landscape teaser__image\"\/><\/a><\/p>\n<p>Quelle: BILD27.07.2026<\/p>\n","protected":false},"excerpt":{"rendered":"Dortmund \u2013 Der BVB schl\u00e4gt zu! Wie mehrere Medien berichten und auch BILD best\u00e4tigen kann, holt Borussia Dortmund&hellip;\n","protected":false},"author":2,"featured_media":1197057,"comment_status":"","ping_status":"","sticky":false,"template":"","format":"standard","meta":{"footnotes":"","_share_on_mastodon":"0"},"categories":[1833],"tags":[104891,1423,888,3364,29,217,538,30,1565,9208,21015,9662,1209,73392,803,819,5132],"class_list":["post-1197056","post","type-post","status-publish","format-standard","has-post-thumbnail","category-dortmund","tag-adeyemi-karim","tag-belgien","tag-borussia-dortmund","tag-de","tag-deutschland","tag-dortmund","tag-erste-bundesliga","tag-germany","tag-griechenland","tag-kehl-sebastian","tag-kolsberger-sebastian","tag-no-sport-app","tag-nordrhein-westfalen","tag-schroeer-michel","tag-spielertransfer","tag-sport-leuchtturm-essen","tag-weiler-joerg"],"share_on_mastodon":{"url":"https:\/\/pubeurope.com\/@de\/116993467861056647","error":""},"_links":{"self":[{"href":"https:\/\/www.europesays.com\/de\/wp-json\/wp\/v2\/posts\/1197056","targetHints":{"allow":["GET"]}}],"collection":[{"href":"https:\/\/www.europesays.com\/de\/wp-json\/wp\/v2\/posts"}],"about":[{"href":"https:\/\/www.europesays.com\/de\/wp-json\/wp\/v2\/types\/post"}],"author":[{"embeddable":true,"href":"https:\/\/www.europesays.com\/de\/wp-json\/wp\/v2\/users\/2"}],"replies":[{"embeddable":true,"href":"https:\/\/www.europesays.com\/de\/wp-json\/wp\/v2\/comments?post=1197056"}],"version-history":[{"count":0,"href":"https:\/\/www.europesays.com\/de\/wp-json\/wp\/v2\/posts\/1197056\/revisions"}],"wp:featuredmedia":[{"embeddable":true,"href":"https:\/\/www.europesays.com\/de\/wp-json\/wp\/v2\/media\/1197057"}],"wp:attachment":[{"href":"https:\/\/www.europesays.com\/de\/wp-json\/wp\/v2\/media?parent=1197056"}],"wp:term":[{"taxonomy":"category","embeddable":true,"href":"https:\/\/www.europesays.com\/de\/wp-json\/wp\/v2\/categories?post=1197056"},{"taxonomy":"post_tag","embeddable":true,"href":"https:\/\/www.europesays.com\/de\/wp-json\/wp\/v2\/tags?post=1197056"}],"curies":[{"name":"wp","href":"https:\/\/api.w.org\/{rel}","templated":true}]}}