{"id":1197090,"date":"2026-07-27T19:15:27","date_gmt":"2026-07-27T19:15:27","guid":{"rendered":"https:\/\/www.europesays.com\/de\/1197090\/"},"modified":"2026-07-27T19:15:27","modified_gmt":"2026-07-27T19:15:27","slug":"terror-beim-csd-4-000-bei-muenchner-mahnwache-nach-terroranschlag-in-berlin-bayern","status":"publish","type":"post","link":"https:\/\/www.europesays.com\/de\/1197090\/","title":{"rendered":"Terror beim CSD &#8211; 4.000 bei M\u00fcnchner Mahnwache nach Terroranschlag in Berlin &#8211; Bayern"},"content":{"rendered":"<p data-manual=\"paragraph\" data-schema-org-speakable=\"true\" class=\"css-1eosz7k\">M\u00fcnchen (dpa) &#8211; Nach dem mutma\u00dflich islamistischen Terroranschlag beim Christopher Street Day (CSD) in <a href=\"https:\/\/www.sueddeutsche.de\/thema\/Berlin\" rel=\"nofollow noopener\" target=\"_blank\">Berlin<\/a> haben in M\u00fcnchen rund 4.000 Menschen an einer Mahnwache teilgenommen. Das berichteten die Veranstalter anschlie\u00dfend, die Zahl war demnach mit der Sch\u00e4tzung der Polizei abgestimmt. Zuvor hatte M\u00fcnchens Oberb\u00fcrgermeister Dominik Krause (Gr\u00fcne) Regenbogenflaggen als Symbol der Toleranz vor dem Rathaus aufh\u00e4ngen lassen.<\/p>\n<p data-manual=\"paragraph\" data-schema-org-speakable=\"true\" class=\"css-1eosz7k\">Die Gedanken aller seien bei den Verletzten, den Angeh\u00f6rigen und Freunden und Freundinnen der get\u00f6teten Person sowie bei denen, die das Geschehen miterleben mussten, sagte der M\u00fcnchner CSD-Gesch\u00e4ftsf\u00fchrer Alexander Kluge. \u201eUnsere ganze Solidarit\u00e4t gilt dem Berliner CSD und der queeren Community in Berlin. Heute trauern wir und wir stehen zusammen.\u201c\u00a0<\/p>\n<p data-manual=\"paragraph\" data-schema-org-speakable=\"true\" class=\"css-1eosz7k\">Der CSD in Berlin war am Samstagabend abgebrochen worden, nachdem ein Auto am Rande der Gro\u00dfveranstaltung in eine Menschenmenge gefahren war. Eine Frau wurde get\u00f6tet, 29 weitere Menschen wurden verletzt. Am Sonntagabend erschoss die Polizei den mutma\u00dflichen Attent\u00e4ter Abdul B.<\/p>\n<p><img decoding=\"async\" src=\"https:\/\/www.europesays.com\/de\/wp-content\/uploads\/2026\/07\/75a55374-fe98-4cca-8dda-5439e1d555cc.jpg\"   alt=\"Beim Christopher Street Day in M\u00fcnchen nahm Oberb\u00fcrgermeister Dominik Krause mit seinem Lebensgef\u00e4hrten Sebastian M\u00fcller teil. (Archivbild)\" loading=\"lazy\" class=\"css-8atqhb\"\/>Beim Christopher Street Day in M\u00fcnchen nahm Oberb\u00fcrgermeister Dominik Krause mit seinem Lebensgef\u00e4hrten Sebastian M\u00fcller teil. (Archivbild) Felix H\u00f6rhager\/dpa<\/p>\n<p data-manual=\"paragraph\" data-schema-org-speakable=\"true\" class=\"css-1eosz7k\">OB Krause &#8211; der Ende Juni beim M\u00fcnchner CSD mit seinem Lebensgef\u00e4hrten teilgenommen hatte &#8211; bezeichnete die Tat in einem Brief an seinen Berliner Amtskollegen Kai Wegner (CDU) als Anschlag \u201egegen die LGBTIQ+-Community und gegen unsere demokratische Gesellschaft\u201c.<\/p>\n<p>Krause: Offene Gesellschaft verteidigen<\/p>\n<p data-manual=\"paragraph\" data-schema-org-speakable=\"true\" class=\"css-1eosz7k\">Krause betonte, wie wichtig es sei, die offene Gesellschaft und deren demokratische Errungenschaften zu verteidigen. \u201eDazu geh\u00f6ren das Recht auf sexuelle Selbstbestimmung, der Schutz von Minderheiten und das Demonstrationsrecht. All dies wurde durch den Anschlag vom Wochenende angegriffen.\u201c<\/p>\n<p data-manual=\"paragraph\" data-schema-org-speakable=\"true\" class=\"css-1eosz7k\">\u00a9 dpa-infocom, dpa:260727-930-445718\/2<\/p>\n","protected":false},"excerpt":{"rendered":"M\u00fcnchen (dpa) &#8211; Nach dem mutma\u00dflich islamistischen Terroranschlag beim Christopher Street Day (CSD) in Berlin haben in M\u00fcnchen&hellip;\n","protected":false},"author":2,"featured_media":1197091,"comment_status":"","ping_status":"","sticky":false,"template":"","format":"standard","meta":{"footnotes":"","_share_on_mastodon":"0"},"categories":[1825],"tags":[2922,772,296,29,1549,30,1584,5257,149],"class_list":["post-1197090","post","type-post","status-publish","format-standard","has-post-thumbnail","category-berlin","tag-altstadt","tag-bayern","tag-berlin","tag-deutschland","tag-extremismus","tag-germany","tag-kriminalitaet","tag-marienplatz","tag-sueddeutsche-zeitung"],"share_on_mastodon":{"url":"https:\/\/pubeurope.com\/@de\/116993547072561958","error":""},"_links":{"self":[{"href":"https:\/\/www.europesays.com\/de\/wp-json\/wp\/v2\/posts\/1197090","targetHints":{"allow":["GET"]}}],"collection":[{"href":"https:\/\/www.europesays.com\/de\/wp-json\/wp\/v2\/posts"}],"about":[{"href":"https:\/\/www.europesays.com\/de\/wp-json\/wp\/v2\/types\/post"}],"author":[{"embeddable":true,"href":"https:\/\/www.europesays.com\/de\/wp-json\/wp\/v2\/users\/2"}],"replies":[{"embeddable":true,"href":"https:\/\/www.europesays.com\/de\/wp-json\/wp\/v2\/comments?post=1197090"}],"version-history":[{"count":0,"href":"https:\/\/www.europesays.com\/de\/wp-json\/wp\/v2\/posts\/1197090\/revisions"}],"wp:featuredmedia":[{"embeddable":true,"href":"https:\/\/www.europesays.com\/de\/wp-json\/wp\/v2\/media\/1197091"}],"wp:attachment":[{"href":"https:\/\/www.europesays.com\/de\/wp-json\/wp\/v2\/media?parent=1197090"}],"wp:term":[{"taxonomy":"category","embeddable":true,"href":"https:\/\/www.europesays.com\/de\/wp-json\/wp\/v2\/categories?post=1197090"},{"taxonomy":"post_tag","embeddable":true,"href":"https:\/\/www.europesays.com\/de\/wp-json\/wp\/v2\/tags?post=1197090"}],"curies":[{"name":"wp","href":"https:\/\/api.w.org\/{rel}","templated":true}]}}