{"id":1197102,"date":"2026-07-27T19:22:20","date_gmt":"2026-07-27T19:22:20","guid":{"rendered":"https:\/\/www.europesays.com\/de\/1197102\/"},"modified":"2026-07-27T19:22:20","modified_gmt":"2026-07-27T19:22:20","slug":"die-leisen-und-die-grossen-toene-jetzt-in-der-ard-mediathek","status":"publish","type":"post","link":"https:\/\/www.europesays.com\/de\/1197102\/","title":{"rendered":"&#8222;Die leisen und die gro\u00dfen T\u00f6ne&#8220;: Jetzt in der ARD-Mediathek"},"content":{"rendered":"<p>        <img decoding=\"async\" src=\"https:\/\/www.europesays.com\/de\/wp-content\/uploads\/2026\/07\/1785180140_175_toene114.webp\" alt=\"Szene aus dem Film &quot;Die leisen und die gro\u00dfen T\u00f6ne&quot;\" title=\"Szene aus dem Film &quot;Die leisen und die gro\u00dfen T\u00f6ne&quot; | Neue Visionen\" class=\"responsive\"\/><\/p>\n<p>AUDIO: &#8222;Die leisen und die gro\u00dfen T\u00f6ne&#8220; im ARD-Sommerkino (4 Min)<\/p>\n<p>\n                Stand: 28.07.2026 00:01 Uhr<\/p>\n<p class=\"preface\">Dass gro\u00dfe Dirigenten in der Provinz mit kleinen Leuten musizieren m\u00fcssen, gab&#8217;s schon \u00f6fter im Kino. Nun verschl\u00e4gt es in der franz\u00f6sischen Tragikom\u00f6die &#8222;Die leisen und die gro\u00dfen T\u00f6ne&#8220; erneut einen namhaften Maestro ins Hinterland. Jetzt in der ARD-Mediathek.<\/p>\n<p class=\"textauthor\">von <a href=\"https:\/\/www.ndr.de\/kultur\/walli-mueller,mueller1662.html\" rel=\"nofollow noopener\" target=\"_blank\">Walli M\u00fcller<\/a><\/p>\n<p class=\"\">Viel zu oft gibt es Filme, bei denen schon nach dem Intro der restliche Handlungsverlauf absehbar ist. Und wenn ein ber\u00fchmter Dirigent das Niveau einer Provinz-Blaskapelle heben soll, dann steht quasi schon fest, dass er hier seine wahre Berufung finden wird. Aber es gibt dann eben doch immer wieder die leisen und die gro\u00dfen \u00dcberraschungen im Kino.<\/p>\n<p>    Zwei unterschiedliche Br\u00fcder entdecken Gemeinsamkeiten<\/p>\n<p class=\"\">Thibaut Desormeaux, Dirigent von Weltrang, landet in einer Arbeiterstadt, fern der Metropole Paris, weil er w\u00e4hrend einer Orchesterprobe zusammengebrochen ist. Diagnose: Leuk\u00e4mie. Eine Knochenmarksspende ist \u00fcberlebensnotwendig. Als sich jedoch seine Schwester testen l\u00e4sst, f\u00e4llt auf, dass sie gar nicht biologisch mit ihm verwandt ist. So muss nach 37 Jahren die Katze aus dem Sack: Thibaut ist ein Adoptivkind! Aber er hat einen leiblichen Bruder, der sich in der Provinz ausfindig machen l\u00e4sst.<\/p>\n<p class=\"\">Die Adoption der beiden Br\u00fcder war in gewisser Weise ein soziales Experiment: Thibaut landete in einem Bildungsb\u00fcrger-Haushalt, wurde musikalisch von Anfang an gef\u00f6rdert &#8211; Jimmy bei einem zwar herzensguten, aber mittellosen Paar. Bei ihm hat\u2019s nur zum Kantinenkoch und Hobby-Posaunisten gereicht, und er f\u00fchlt sich \u00fcberrumpelt von diesem Schn\u00f6sel aus der Stadt.<\/p>\n<p class=\"\">Schlie\u00dflich leistet Jimmy aber doch die notwendige Hilfe &#8211; und das w\u00e4r\u2019s aus seiner Sicht mit der Verbr\u00fcderung. H\u00e4tte Thibaut nicht das starke Bed\u00fcrfnis sich zu bedanken. Und w\u00fcrde er nicht beim Wiedersehen feststellen, dass sie beide Miles Davis lieben und das Musiker-Gen in sich tragen, inklusive absolutem Geh\u00f6r.<\/p>\n<p>    Originelle Geschichte mit ber\u00fchrenden Momenten<\/p>\n<p class=\"\">Richtige Br\u00fcder werden die beiden nun nicht im Hauruck-Modus, sondern in einem glaubhaften, schmerzlichen Prozess. Vor allem f\u00fcr Jimmy, der sich naturgem\u00e4\u00df vom Schicksal benachteiligt f\u00fchlen muss. Pierre Lottin spielt ihn wunderbar wahrhaftig. Thibaut wiederum erkl\u00e4rt sich aus Dankbarkeit bereit, Jimmys Blaskapelle fit f\u00fcr einen Wettbewerb zu machen.<\/p>\n<p class=\"\">Auch hier w\u00e4re die g\u00e4ngige Formel, dass der Profi in zwei oder drei Proben die Laien-Kombo zum Weltklasse-Orchester trimmt. Aber Regisseur Emmanuel Courcol geht eigene Wege, entwickelt seine Geschichte in nie vorhersehbaren Bahnen und beschert dem Kinopublikum unfassbar sch\u00f6ne und ber\u00fchrende Momente &#8211; etwa wenn die zwei Br\u00fcder gemeinsam am Klavier einfach nur gl\u00fccklich sind, oder Thibaut Jimmy das Dirigieren beibringt.<\/p>\n<p>    Der perfekte Film f\u00fcr die Weihnachtstage<\/p>\n<p class=\"\">&#8222;Die leisen und die gro\u00dfen T\u00f6ne&#8220; haben in diesem Jahr bei so gut wie jedem Filmfestival den Publikumspreis gewonnen. Ein herzergreifender Film \u00fcber soziale Unterschiede, Bruder-Gef\u00fchle und die Freude an der Musik. In jeder Hinsicht also der perfekte Film f\u00fcr die Weihnachtstage.<\/p>\n<p>        <a href=\"https:\/\/www.europesays.com\/de\/wp-content\/uploads\/2026\/07\/1785180140_175_toene114.webp\" class=\"zoomimage\" title=\"Bild vergr\u00f6\u00dfern\"><\/p>\n<p>        <img decoding=\"async\" src=\"https:\/\/www.europesays.com\/de\/wp-content\/uploads\/2026\/07\/1785180140_175_toene114.webp\" alt=\"Szene aus dem Film &quot;Die leisen und die gro\u00dfen T\u00f6ne&quot;\" title=\"Szene aus dem Film &quot;Die leisen und die gro\u00dfen T\u00f6ne&quot; | Neue Visionen\" class=\"responsive\" loading=\"lazy\"\/><\/p>\n<p>        <\/a><\/p>\n<p>      Die leisen und die gro\u00dfen T\u00f6ne<\/p>\n<dl>\n<dt>Produktionsjahr:<\/dt>\n<dd>2024<\/dd>\n<dt>Produktionsland:<\/dt>\n<dd>Frankreich<\/dd>\n<dt>Zusatzinfo:<\/dt>\n<dd>Mit Benjamin Lavernhe, Pierre Lottin, Sarah Suco und anderen<\/dd>\n<dt>Regie:<\/dt>\n<dd>Emmanuel Courcol<\/dd>\n<dt>L\u00e4nge:<\/dt>\n<dd>104 Minuten<\/dd>\n<dt>Altersempfehlung:<\/dt>\n<dd>ohne Altersbeschr\u00e4nkung<\/dd>\n<dt>Kinostart:<\/dt>\n<dd>26. Dezember 2024<\/dd>\n<\/dl>\n","protected":false},"excerpt":{"rendered":"AUDIO: &#8222;Die leisen und die gro\u00dfen T\u00f6ne&#8220; im ARD-Sommerkino (4 Min) Stand: 28.07.2026 00:01 Uhr Dass gro\u00dfe Dirigenten&hellip;\n","protected":false},"author":2,"featured_media":1197103,"comment_status":"","ping_status":"","sticky":false,"template":"","format":"standard","meta":{"footnotes":"","_share_on_mastodon":"0"},"categories":[1771],"tags":[1778,29,249744,214,92,30,95,1229,1777,1803,5284,215],"class_list":["post-1197102","post","type-post","status-publish","format-standard","has-post-thumbnail","category-kino","tag-cinema","tag-deutschland","tag-die-leisen-und-die-grossen-toene","tag-entertainment","tag-film","tag-germany","tag-kino","tag-kritik","tag-movie","tag-rezension","tag-spielfilm","tag-unterhaltung"],"share_on_mastodon":{"url":"https:\/\/pubeurope.com\/@de\/116993575640335532","error":""},"_links":{"self":[{"href":"https:\/\/www.europesays.com\/de\/wp-json\/wp\/v2\/posts\/1197102","targetHints":{"allow":["GET"]}}],"collection":[{"href":"https:\/\/www.europesays.com\/de\/wp-json\/wp\/v2\/posts"}],"about":[{"href":"https:\/\/www.europesays.com\/de\/wp-json\/wp\/v2\/types\/post"}],"author":[{"embeddable":true,"href":"https:\/\/www.europesays.com\/de\/wp-json\/wp\/v2\/users\/2"}],"replies":[{"embeddable":true,"href":"https:\/\/www.europesays.com\/de\/wp-json\/wp\/v2\/comments?post=1197102"}],"version-history":[{"count":0,"href":"https:\/\/www.europesays.com\/de\/wp-json\/wp\/v2\/posts\/1197102\/revisions"}],"wp:featuredmedia":[{"embeddable":true,"href":"https:\/\/www.europesays.com\/de\/wp-json\/wp\/v2\/media\/1197103"}],"wp:attachment":[{"href":"https:\/\/www.europesays.com\/de\/wp-json\/wp\/v2\/media?parent=1197102"}],"wp:term":[{"taxonomy":"category","embeddable":true,"href":"https:\/\/www.europesays.com\/de\/wp-json\/wp\/v2\/categories?post=1197102"},{"taxonomy":"post_tag","embeddable":true,"href":"https:\/\/www.europesays.com\/de\/wp-json\/wp\/v2\/tags?post=1197102"}],"curies":[{"name":"wp","href":"https:\/\/api.w.org\/{rel}","templated":true}]}}