{"id":1197459,"date":"2026-07-27T23:02:17","date_gmt":"2026-07-27T23:02:17","guid":{"rendered":"https:\/\/www.europesays.com\/de\/1197459\/"},"modified":"2026-07-27T23:02:17","modified_gmt":"2026-07-27T23:02:17","slug":"viel-mehr-als-rechte-und-linke-bka-410-islamistische-gefaehrder-in-deutschland","status":"publish","type":"post","link":"https:\/\/www.europesays.com\/de\/1197459\/","title":{"rendered":"Viel mehr als Rechte und Linke: BKA: 410 islamistische Gef\u00e4hrder in Deutschland"},"content":{"rendered":"<p>Viel mehr als Rechte und LinkeBKA: 410 islamistische Gef\u00e4hrder in Deutschland<\/p>\n<p>28.07.2026, 00:19 Uhr <\/p>\n<p>Artikel anh\u00f6ren(02:02 min)<\/p>\n<p><img decoding=\"async\" class=\"Image_img__fQCi0 Image_Img_16_9__4BLfH widget-picture-inline_maximizable__t_E7h\" loading=\"eager\" fetchpriority=\"high\" src=\"https:\/\/www.europesays.com\/de\/wp-content\/uploads\/2026\/07\/Blumen-Kerzen-Botschaften-und-eine-Regenbogenfahne-sind-am-Morgen-auf-dem-Pariser-Platz-vor-dem-Bran.webp\" alt=\"Blumen-Kerzen-Botschaften-und-eine-Regenbogenfahne-sind-am-Morgen-auf-dem-Pariser-Platz-vor-dem-Brandenburger-Tor-zu-sehen-Im-Tiergarten-war-am-Rande-des-Christopher-Street-Day-ein-Mann-mit-einem-Fahrzeug-in-eine-Menschenmenge-gefahren\"\/>Trauerbekundungen nach dem Anschlag auf den Christopher Street Day in Berlin &#8211; Mehr als 400 Islamisten in Deutschland traut das Bundeskriminalamt \u00e4hnliche Taten zu. (Foto: picture alliance\/dpa)TeilenFolgen auf:<a href=\"https:\/\/www.whatsapp.com\/channel\/0029Va5cdVJD8SDp5YZgYF01\" title=\"Auf WhatsApp folgen\" target=\"_blank\" rel=\"nofollow noopener\"><img decoding=\"async\" src=\"https:\/\/www.n-tv.de\/socialIcons\/whatsapp.svg\" alt=\"whatsapp\" class=\"ArticleShare_icon__FsrC2\"\/><\/a><a href=\"https:\/\/www.google.com\/preferences\/source?q=n-tv.de\" title=\"ntv als bevorzugte Quelle auf Google hinzuf\u00fcgen\" target=\"_blank\" rel=\"nofollow noopener\"><img decoding=\"async\" src=\"https:\/\/www.n-tv.de\/socialIcons\/google.svg\" alt=\"whatsapp\" class=\"ArticleShare_icon__FsrC2\"\/><\/a><\/p>\n<p class=\"Typography_text-m__XI0da Typography_weight-bold__uT6mq storyline_lead_text_leadtext__q_wg8\">In Deutschland gelten Hunderte Menschen als so gef\u00e4hrlich, dass ihnen Anschl\u00e4ge zugetraut werden &#8211; die mit Abstand gr\u00f6\u00dfte Gruppe davon bilden Islamisten. Die Beh\u00f6rden betonen jedoch, dass die reine Anzahl nur bedingt aussagekr\u00e4ftig ist.<\/p>\n<p class=\"Typography_text-default__P3otY Typography_weight-normal__pqUbH storyline_paragraph_p__qSR5N\">Das Bundeskriminalamt (BKA) betrachtet laut einem Bericht des Redaktionsnetzwerks Deutschland (RND) derzeit 410 Menschen als islamistische Gef\u00e4hrder. Diese seien dem Bereich des islamistischen Terrorismus\/Extremismus zuzuordnen. Hinzu k\u00e4men 65 Gef\u00e4hrder im Bereich Rechtsextremismus und 17 Gef\u00e4hrder im Bereich Linksextremismus. Die Zahlen spiegeln den Stand 1. Juli 2026 wider. Als Gef\u00e4hrder gelten Menschen, denen gr\u00f6\u00dfere Gewalttaten wie Anschl\u00e4ge zugetraut werden.<\/p>\n<p class=\"Typography_text-default__P3otY Typography_weight-normal__pqUbH storyline_paragraph_p__qSR5N\">Die Gr\u00fcnde f\u00fcr eine Ein- oder Ausstufung von Gef\u00e4hrdern durch die Polizeien der Bundesl\u00e4nder seien vielf\u00e4ltig und unterl\u00e4gen jeweils einer Einzelfallbetrachtung, erl\u00e4uterte das BKA dem RND-Bericht zufolge. Die Anzahl der Gef\u00e4hrder unterliege folglich Schwankungen. Sie gebe als alleiniges Kriterium keinen Aufschluss \u00fcber die Gef\u00e4hrdungslage.<\/p>\n<p class=\"Typography_text-default__P3otY Typography_weight-normal__pqUbH storyline_paragraph_p__qSR5N\">Ein 21-j\u00e4hriger Deutscher mit libanesischen Wurzeln und Verbindungen zum islamistischen Terror soll am Rande des CSD in Berlin am Samstagabend Menschen mit einem Van angefahren und mit einer Stichwaffe angegriffen haben. Eine Frau aus Polen wurde t\u00f6dlich und weitere 29 Menschen teils lebensgef\u00e4hrlich verletzt. Bei seiner Festnahme am Sonntagabend wurde Abdul B. von Einsatzkr\u00e4ften erschossen. Die Tat hat eine Diskussion um einen versch\u00e4rften Umgang mit extremistischen Gef\u00e4hrdern entfacht.<\/p>\n<p class=\"Typography_text-s__wu_cm Typography_weight-normal__pqUbH Typography_color-darkgrey__sZEnP article-detail-footer_source__KslPc\">Quelle: ntv.de, kst\/dpa<\/p>\n","protected":false},"excerpt":{"rendered":"Viel mehr als Rechte und LinkeBKA: 410 islamistische Gef\u00e4hrder in Deutschland 28.07.2026, 00:19 Uhr Artikel anh\u00f6ren(02:02 min) Trauerbekundungen&hellip;\n","protected":false},"author":2,"featured_media":1197460,"comment_status":"","ping_status":"","sticky":false,"template":"","format":"standard","meta":{"footnotes":"","_share_on_mastodon":"0"},"categories":[2],"tags":[331,3924,332,3922,422,3364,29,1549,30,13,14936,556,33260,14,3923,15,3921,16,12,2544],"class_list":["post-1197459","post","type-post","status-publish","format-standard","has-post-thumbnail","category-deutschland","tag-aktuelle-nachrichten","tag-aktuelle-nachrichten-aus-deutschland","tag-aktuelle-news","tag-aktuelle-news-aus-deutschland","tag-bka","tag-de","tag-deutschland","tag-extremismus","tag-germany","tag-headlines","tag-innere-sicherheit","tag-islamismus","tag-islamisten","tag-nachrichten","tag-nachrichten-aus-deutschland","tag-news","tag-news-aus-deutschland","tag-politik","tag-schlagzeilen","tag-terrorismus"],"share_on_mastodon":{"url":"https:\/\/pubeurope.com\/@de\/116994437982473534","error":""},"_links":{"self":[{"href":"https:\/\/www.europesays.com\/de\/wp-json\/wp\/v2\/posts\/1197459","targetHints":{"allow":["GET"]}}],"collection":[{"href":"https:\/\/www.europesays.com\/de\/wp-json\/wp\/v2\/posts"}],"about":[{"href":"https:\/\/www.europesays.com\/de\/wp-json\/wp\/v2\/types\/post"}],"author":[{"embeddable":true,"href":"https:\/\/www.europesays.com\/de\/wp-json\/wp\/v2\/users\/2"}],"replies":[{"embeddable":true,"href":"https:\/\/www.europesays.com\/de\/wp-json\/wp\/v2\/comments?post=1197459"}],"version-history":[{"count":0,"href":"https:\/\/www.europesays.com\/de\/wp-json\/wp\/v2\/posts\/1197459\/revisions"}],"wp:featuredmedia":[{"embeddable":true,"href":"https:\/\/www.europesays.com\/de\/wp-json\/wp\/v2\/media\/1197460"}],"wp:attachment":[{"href":"https:\/\/www.europesays.com\/de\/wp-json\/wp\/v2\/media?parent=1197459"}],"wp:term":[{"taxonomy":"category","embeddable":true,"href":"https:\/\/www.europesays.com\/de\/wp-json\/wp\/v2\/categories?post=1197459"},{"taxonomy":"post_tag","embeddable":true,"href":"https:\/\/www.europesays.com\/de\/wp-json\/wp\/v2\/tags?post=1197459"}],"curies":[{"name":"wp","href":"https:\/\/api.w.org\/{rel}","templated":true}]}}