{"id":1197473,"date":"2026-07-27T23:10:43","date_gmt":"2026-07-27T23:10:43","guid":{"rendered":"https:\/\/www.europesays.com\/de\/1197473\/"},"modified":"2026-07-27T23:10:43","modified_gmt":"2026-07-27T23:10:43","slug":"die-finals-in-hannover-kevric-und-varfolomeev-turn-stars-wecken-medaillentraeume-3","status":"publish","type":"post","link":"https:\/\/www.europesays.com\/de\/1197473\/","title":{"rendered":"Die Finals in Hannover: Kevric und Varfolomeev: Turn-Stars wecken Medaillentr\u00e4ume"},"content":{"rendered":"<p class=\"fp-paragraph\"><strong>Hannover<\/strong> &#8211; Zweites Finale, zweites Gold: Helen Kevric ist eindrucksvoll auf die gro\u00dfe Turn-B\u00fchne zur\u00fcckgekehrt und n\u00e4hrt Hoffnungen auf glanzvolle Europameisterschaften in gut zwei Wochen. Zum Abschluss der deutschen Meisterschaften in Hannover lieferte sich die 18 Jahre alte Stuttgarterin einen spannenden Zweikampf mit Pauline Sch\u00e4fer-Betz und holte nach dem Stufenbarren auch den Titel am Schwebebalken. Mit 13,025 Z\u00e4hlern setzte sich die Olympia-Sechste vor der punktgleichen Chemnitzerin durch.\u00a0<\/p>\n<p class=\"fp-paragraph\">Bei den Titelk\u00e4mpfen vor voll besetzten R\u00e4ngen \u00fcberzeugten jedoch nicht nur die beiden R\u00fcckkehrerinnen. Doppel-Europameisterin Karina Sch\u00f6nmaier war am Sprung und am Boden jeweils die Beste. Auch die neue Mehrkampf-Meisterin Silja St\u00f6hr (Heddesheim) pr\u00e4sentierte sich mit Medaillengewinnen an drei weiteren Ger\u00e4ten formstark.\u00a0<\/p>\n<p>Kevric \u00fcbergibt sich Medaillen selbst<\/p>\n<p class=\"fp-paragraph\">\u201eWir k\u00f6nnen uns auf die EM freuen. Wenn alle gesund bleiben, haben wir ein starkes Team\u201c, sagte Trainerin Tatjana Bachmayer, die nicht nur ihre zahlreichen Chemnitzer Turnerinnen betreute, sondern vertretungsweise auch Kevric. Die 18-J\u00e4hrige ist seit den Missbrauchsvorw\u00fcrfen am Kunst-Turn-Zentrum Stuttgart mit wechselnden Trainerinnen nicht zurechtgekommen und in Hannover ohne Coach angetreten.\u00a0<\/p>\n<p class=\"fp-paragraph\">So kam es zu der ungew\u00f6hnlichen Konstellation, dass sich die Olympia-Sechste am Stufenbarren ihre Goldmedaillen selbst um den Hals h\u00e4ngen musste, w\u00e4hrend dies bei den anderen Medaillengewinnern die Heimtrainer \u00fcbernahmen. \u201eKlar w\u00e4re es f\u00fcr mich sch\u00f6ner, wenn ich einen Trainer hier h\u00e4tte, der mir die Medaillen \u00fcbergibt. Aber ich habe es hierher geschafft. Also kann ich mir die Medaille auch selber \u00fcbergeben, solange ich keinen habe, der sie mir \u00fcbergeben kann\u201c, meinte Kevric.<\/p>\n<p class=\"fp-paragraph\">F\u00fcr die Turnerinnen steht am kommenden Wochenende noch eine abschlie\u00dfende Qualifikation f\u00fcr die EM vom 13. bis 16. August in Zagreb auf dem Programm. Erst dann will Bundestrainer Gerben Wiersma seine f\u00fcnf Starterinnen nominieren.<\/p>\n<p>Fernduell Kevric gegen Varfolomeev?<\/p>\n<p class=\"fp-paragraph\">Der internationale Wettkampfkalender will es in diesem Jahr, dass sich die Turnerinnen und die Gymnastinnen zeitgleich ein Fernduell um Podiumspl\u00e4tze liefern. So hei\u00dft es im Gegensatz zu sonst rund um das zweite August-Wochenende Kevric gegen Ausnahme-Gymnastin Darja Varfolomeev. Knapp drei Wochen vor den Heim-Weltmeisterschaften in Frankfurt\/Main gewann die 19-J\u00e4hrige am Samstag bei den Finals erneut Mehrkampf-Gold. Ohne vollends zu \u00fcberzeugen, dominierte die Olympiasiegerin, Welt- und Europameisterin die Entscheidung.\u00a0<\/p>\n<p class=\"fp-paragraph\">\u201eEs gab Fehler bei Reifen und Keule. Darauf m\u00fcssen wir ein bisschen mehr achten und daran arbeiten und genau schauen, woran es gelegen hat. Aber trotzdem bin ich zufrieden\u201c, sagte Varfolomeev. Sie sei sehr nerv\u00f6s gewesen, gab sie zu, \u201eweil es kurz vor der WM ist und die Stimmung krass war\u201c.\u00a0<\/p>\n<p class=\"fp-paragraph\">Dass die Schmidenerin zu den maximal drei WM-Starterinnen geh\u00f6rt, stand au\u00dfer Frage. Offen war nur, wer sie begleiten wird. Am Tag nach dem Vierkampf als letzter WM-Qualifikation stand fest: Varfolomeev startet in der Frankfurter Festhalle an allen vier Ger\u00e4ten und die Meisterschaftszweite Lada Pusch tritt mit dem Reifen, dem Ball und den Keulen an. Dritte Starterin ist Anastasia Simakova (beide Schmiden), die f\u00fcr die Entscheidung mit dem Band nominiert wurde.<\/p>\n","protected":false},"excerpt":{"rendered":"Hannover &#8211; Zweites Finale, zweites Gold: Helen Kevric ist eindrucksvoll auf die gro\u00dfe Turn-B\u00fchne zur\u00fcckgekehrt und n\u00e4hrt Hoffnungen&hellip;\n","protected":false},"author":2,"featured_media":1194311,"comment_status":"","ping_status":"","sticky":false,"template":"","format":"standard","meta":{"footnotes":"","_share_on_mastodon":"0"},"categories":[1836],"tags":[3364,29,30,46,1411,55290,27381],"class_list":["post-1197473","post","type-post","status-publish","format-standard","has-post-thumbnail","category-hannover","tag-de","tag-deutschland","tag-germany","tag-hannover","tag-niedersachsen","tag-rhythmische-sportgymnastik","tag-turnen"],"share_on_mastodon":{"url":"https:\/\/pubeurope.com\/@de\/116994469071928102","error":""},"_links":{"self":[{"href":"https:\/\/www.europesays.com\/de\/wp-json\/wp\/v2\/posts\/1197473","targetHints":{"allow":["GET"]}}],"collection":[{"href":"https:\/\/www.europesays.com\/de\/wp-json\/wp\/v2\/posts"}],"about":[{"href":"https:\/\/www.europesays.com\/de\/wp-json\/wp\/v2\/types\/post"}],"author":[{"embeddable":true,"href":"https:\/\/www.europesays.com\/de\/wp-json\/wp\/v2\/users\/2"}],"replies":[{"embeddable":true,"href":"https:\/\/www.europesays.com\/de\/wp-json\/wp\/v2\/comments?post=1197473"}],"version-history":[{"count":0,"href":"https:\/\/www.europesays.com\/de\/wp-json\/wp\/v2\/posts\/1197473\/revisions"}],"wp:featuredmedia":[{"embeddable":true,"href":"https:\/\/www.europesays.com\/de\/wp-json\/wp\/v2\/media\/1194311"}],"wp:attachment":[{"href":"https:\/\/www.europesays.com\/de\/wp-json\/wp\/v2\/media?parent=1197473"}],"wp:term":[{"taxonomy":"category","embeddable":true,"href":"https:\/\/www.europesays.com\/de\/wp-json\/wp\/v2\/categories?post=1197473"},{"taxonomy":"post_tag","embeddable":true,"href":"https:\/\/www.europesays.com\/de\/wp-json\/wp\/v2\/tags?post=1197473"}],"curies":[{"name":"wp","href":"https:\/\/api.w.org\/{rel}","templated":true}]}}