{"id":1197542,"date":"2026-07-27T23:53:19","date_gmt":"2026-07-27T23:53:19","guid":{"rendered":"https:\/\/www.europesays.com\/de\/1197542\/"},"modified":"2026-07-27T23:53:19","modified_gmt":"2026-07-27T23:53:19","slug":"rapper-d4vd-muss-vor-gericht-die-letzte-nachricht-bevor-celeste-%e2%80%a014-zerstueckelt-wurde-unterhaltung","status":"publish","type":"post","link":"https:\/\/www.europesays.com\/de\/1197542\/","title":{"rendered":"Rapper D4vD muss vor Gericht: Die letzte Nachricht, bevor Celeste (\u202014) zerst\u00fcckelt wurde | Unterhaltung"},"content":{"rendered":"<p><a class=\"skip-content skip-content--link\" href=\"#in-content-skip-link-target-v-0-0\">TTS-Player \u00fcberspringen\u21b5<\/a><a id=\"in-content-skip-link-target-v-0-0\" class=\"skip-content--target-link-hidden skip-content skip-content--target-link\" href=\"#in-content-skip-link-target-v-0-0\">Artikel weiterlesen<\/a><\/p>\n<p>Los Angeles (USA) \u2013 <b>Jetzt ist es offiziell: US-Musiker D4vd (21) muss sich vor Gericht verantworten! Richterin Charlaine Olmedo entschied nach einer f\u00fcnft\u00e4gigen Voranh\u00f6rung in Los Angeles, dass es genug Hinweise gebe, um den Musiker wegen mutma\u00dflichen Mordes an Celeste Rivas Hernandez (\u2020 14) vor ein Geschworenengericht zu bringen.<\/b><\/p>\n<p>D4vd, b\u00fcrgerlich David Anthony Burke, muss sich schon bald wegen Mordes, fortgesetzten sexuellen Missbrauchs eines Kindes unter 14 und Verst\u00fcmmelung menschlicher \u00dcberreste verantworten. Und: Die Richterin ordnete an, dass der Angeklagte bis auf Weiteres ohne Kaution hinter Gittern bleiben muss. <\/p>\n<p><img decoding=\"async\" width=\"992\" height=\"558\" alt=\"Gerichtsmediziner Dr. Grant Ho erkl\u00e4rte anhand von Bildern und Zeichnungen die Verletzungen des Mordopfers\" loading=\"lazy\" src=\"https:\/\/www.europesays.com\/de\/wp-content\/uploads\/2026\/07\/21a878b0bf0342c72be428333fb88d91,7e820654.jpeg\"   class=\"landscape\"\/><\/p>\n<p class=\"fig__caption__text\">Gerichtsmediziner Dr. Grant Ho erkl\u00e4rte anhand von Bildern und Zeichnungen die Verletzungen des Mordopfers<\/p>\n<p>Foto: action press<\/p>\n<p>Der US-Rapper zeigte bei der Knallhart-Entscheidung keinerlei Emotionen, obwohl die Staatsanwaltschaft ihn als \u201esehr cleveren Erwachsenen\u201c bezeichnete, der Celeste sexuell missbraucht, manipuliert und schlie\u00dflich get\u00f6tet habe. Ausl\u00f6ser f\u00fcr die Horrortat soll laut Anklage die Drohung von Celeste gewesen sein, die Beziehung mit D4vd \u00f6ffentlich zu machen und damit seine Karriere zu zerst\u00f6ren.<\/p>\n<p>In der vergangenen Woche wurden bereits der mutma\u00dfliche Tathergang sowie der Obduktionsbericht des M\u00e4dchens detailliert vorgestellt. Die Staatsanwaltschaft sprach dabei von einem \u00fcberw\u00e4ltigenden \u201eBerg an Beweisen\u201c und zeichnete am Montag erneut Celes\u00adtes letzte Stunden minuti\u00f6s nach.<\/p>\n<p>Mehr zum ThemaDas war Celestes letzte Nachricht<\/p>\n<p>Nach einer Nachricht an D4vd sei ihr Handy endg\u00fcltig verstummt! Am 23. April 2025 soll Celeste kurz nach 22 Uhr mit einem Uber, das der <a href=\"https:\/\/www.bild.de\/themen\/specials\/rapper\/unterhaltung-nachrichten-news-fotos-videos-19301324.bild.html\" class=\"text-link\" rel=\"nofollow noopener\" target=\"_blank\">Rapper<\/a> geschickt haben soll, an seinem Haus in den Hollywood Hills angekommen sein. Ihre letzte Nachricht? \u201eIch bin gleich da, mach die T\u00fcr auf, wenn du zu Hause bist.\u201c Danach: Funkstille.<\/p>\n<p>Die Anklage behauptet: D4vd habe Celeste umgehend get\u00f6tet, als sie durch die T\u00fcr kam. Seine Anw\u00e4ltin Marilyn Bednarski hielt jedoch dagegen und sagte, es gebe keine Beweise, dass Burke mit \u201ebewusster Absicht\u201c t\u00f6ten wollte. Die vielen Textnachrichten zwischen dem Angeklagten und der 14-J\u00e4hrigen w\u00fcrden eher das Gegenteil zeigen. Burke habe F\u00fcrsorge und Liebe ge\u00e4u\u00dfert. Die Verteidigung beantragte daher, die Mordanklage fallen zu lassen. Jedoch ohne Erfolg!<\/p>\n<p><img decoding=\"async\" width=\"992\" height=\"558\" alt=\"Eine Gedenktafel f\u00fcr das 14-j\u00e4hrige Opfer Celeste in ihrer Heimatstadt Lake Elsinore in Kalifornien\" loading=\"lazy\" src=\"https:\/\/www.europesays.com\/de\/wp-content\/uploads\/2026\/07\/b8aa2e972ee0f12386e4acda88b80859,c37f9b75.jpeg\"   class=\"landscape\"\/><\/p>\n<p class=\"fig__caption__text\">Eine Gedenktafel f\u00fcr das 14-j\u00e4hrige Opfer Celeste in ihrer Heimatstadt Lake Elsinore in Kalifornien<\/p>\n<p>Foto: AP Photo\/Damian Dovarganes<\/p>\n<p>Droht D4vd nun die Todesstrafe? Bezirksstaatsanwalt Nathan Hochman (62) erkl\u00e4rte am Montagnachmittag, er pr\u00fcfe noch, ob er sie beantragen werde. Der n\u00e4chste Termin im Horror-Prozess gegen Rapper D4vd steht in jedem Fall fest: Die Anklageverlesung soll am 31. August stattfinden.<\/p>\n","protected":false},"excerpt":{"rendered":"TTS-Player \u00fcberspringen\u21b5Artikel weiterlesen Los Angeles (USA) \u2013 Jetzt ist es offiziell: US-Musiker D4vd (21) muss sich vor Gericht&hellip;\n","protected":false},"author":2,"featured_media":1197543,"comment_status":"","ping_status":"","sticky":false,"template":"","format":"standard","meta":{"footnotes":"","_share_on_mastodon":"0"},"categories":[155],"tags":[29,214,30,584,7893,121,1306,138370,760,3533,215],"class_list":["post-1197542","post","type-post","status-publish","format-standard","has-post-thumbnail","category-unterhaltung","tag-deutschland","tag-entertainment","tag-germany","tag-leiche","tag-los-angeles","tag-polizei","tag-rapper","tag-team-first","tag-tesla","tag-todesfall","tag-unterhaltung"],"share_on_mastodon":{"url":"https:\/\/pubeurope.com\/@de\/116994639989968271","error":""},"_links":{"self":[{"href":"https:\/\/www.europesays.com\/de\/wp-json\/wp\/v2\/posts\/1197542","targetHints":{"allow":["GET"]}}],"collection":[{"href":"https:\/\/www.europesays.com\/de\/wp-json\/wp\/v2\/posts"}],"about":[{"href":"https:\/\/www.europesays.com\/de\/wp-json\/wp\/v2\/types\/post"}],"author":[{"embeddable":true,"href":"https:\/\/www.europesays.com\/de\/wp-json\/wp\/v2\/users\/2"}],"replies":[{"embeddable":true,"href":"https:\/\/www.europesays.com\/de\/wp-json\/wp\/v2\/comments?post=1197542"}],"version-history":[{"count":0,"href":"https:\/\/www.europesays.com\/de\/wp-json\/wp\/v2\/posts\/1197542\/revisions"}],"wp:featuredmedia":[{"embeddable":true,"href":"https:\/\/www.europesays.com\/de\/wp-json\/wp\/v2\/media\/1197543"}],"wp:attachment":[{"href":"https:\/\/www.europesays.com\/de\/wp-json\/wp\/v2\/media?parent=1197542"}],"wp:term":[{"taxonomy":"category","embeddable":true,"href":"https:\/\/www.europesays.com\/de\/wp-json\/wp\/v2\/categories?post=1197542"},{"taxonomy":"post_tag","embeddable":true,"href":"https:\/\/www.europesays.com\/de\/wp-json\/wp\/v2\/tags?post=1197542"}],"curies":[{"name":"wp","href":"https:\/\/api.w.org\/{rel}","templated":true}]}}