{"id":1197732,"date":"2026-07-28T01:59:18","date_gmt":"2026-07-28T01:59:18","guid":{"rendered":"https:\/\/www.europesays.com\/de\/1197732\/"},"modified":"2026-07-28T01:59:18","modified_gmt":"2026-07-28T01:59:18","slug":"russland-vergroessert-seine-streitkraefte-in-einer-entscheidenden-phase","status":"publish","type":"post","link":"https:\/\/www.europesays.com\/de\/1197732\/","title":{"rendered":"Russland vergr\u00f6\u00dfert seine Streitkr\u00e4fte in einer entscheidenden Phase."},"content":{"rendered":"<p><img loading=\"lazy\" decoding=\"async\" style=\"cursor:pointer\" id=\"6495809\" alt=\"images.jpg\" data-width=\"694\" data-height=\"442\" data-image-id=\"6495809\" class=\"lazyload cms-photo\" data-large-src=\"https:\/\/cdn.tienphong.vn\/images\/aaf6c1a409571b0e7631c55fc938a019cf953a387f4e9bb8e01b3284d40994d3259a18dabf3155071e7b421a268705f8\/images.jpg.avif\" src=\"https:\/\/cdn.tienphong.vn\/images\/76ebf5a83288aec3c900beb38736aaffcf953a387f4e9bb8e01b3284d40994d3259a18dabf3155071e7b421a268705f8\/images.jpg.avif\" title=\"Der russische Pr\u00e4sident Wladimir Putin. (Foto: TASS)\" width=\"694\" height=\"442\"\/> Der russische Pr\u00e4sident Wladimir Putin. (Foto: TASS)<\/p>\n<p> Im Dekret hei\u00dft es, die St\u00e4rke der russischen Streitkr\u00e4fte betrage 2.426.130 Personen, darunter 1.535.000 Soldaten.<\/p>\n<p> Somit erh\u00f6hte sich die Gesamtbelegschaft um 27.000 Personen, darunter 25.000 Milit\u00e4rangeh\u00f6rige.<\/p>\n<p> Der Erlass tritt am 1. August in Kraft.<\/p>\n<p> Laut einer Mitteilung auf dem Regierungsportal steht die Entscheidung zur Erh\u00f6hung der Truppenst\u00e4rke \u201eim Zusammenhang mit der Aufstellung <a class=\"data-link\" data-org-href=\"https:\/\/www.vietnam.vn\/de\/category\/quan-su\" href=\"https:\/\/www.vietnam.vn\/de\/category\/quan-su\" title=\"Milit\u00e4r\" target=\"_blank\" rel=\"nofollow noopener\">milit\u00e4rischer<\/a> Baueinheiten innerhalb der russischen Streitkr\u00e4fte\u201c.<\/p>\n<p> Dies ist die zweite Truppenverst\u00e4rkung der russischen Streitkr\u00e4fte seit <a class=\"data-link\" data-org-href=\"https:\/\/www.vietnam.vn\/de\/tag\/mua-he\" href=\"https:\/\/www.vietnam.vn\/de\/tag\/mua-he\" title=\"Sommer\" target=\"_blank\" rel=\"nofollow noopener\">Sommerbeginn<\/a> . Zuvor hatte Pr\u00e4sident Putin am 12. Juni beschlossen, die St\u00e4rke der Streitkr\u00e4fte auf 2.399.130 Personen, darunter 1.510.000 Soldaten, zu erh\u00f6hen.<\/p>\n<p> Diese Entscheidungen fielen, als der Konflikt zwischen Russland <a class=\"data-link\" data-org-href=\"https:\/\/www.vietnam.vn\/de\/tag\/ukraine\" href=\"https:\/\/www.vietnam.vn\/de\/tag\/ukraine\" title=\"Ukraine\" target=\"_blank\" rel=\"nofollow noopener\">und der Ukraine<\/a> in eine entscheidende Phase eintrat. Die ukrainische Armee intensiviert ihre Fernangriffe auf russisches Territorium und reformiert gleichzeitig ihre F\u00fchrung.<\/p>\n<p> Die St\u00e4ndige Vertreterin Russlands bei den Vereinten Nationen, Anna Jewstignejewa, erkl\u00e4rte unterdessen, dass das russische Milit\u00e4r seine Kontrolle \u00fcber den Konflikt in der Ukraine kontinuierlich ausweite.<\/p>\n<p> \u201eTats\u00e4chlich weitet das russische Milit\u00e4r seine Kontrolle schrittweise aus, behindert den Einsatz von Reservekr\u00e4ften, schneidet die Versorgung der ukrainischen Armee ab und neutralisiert Einrichtungen, die den ukrainischen Milit\u00e4rapparat unterst\u00fctzen\u201c, sagte die Vertreterin bei einem Treffen des UN-Sicherheitsrats zum Thema Ukraine. <\/p>\n<p class=\"mb-0\"> Quelle: https:\/\/tienphong.vn\/nga-tang-quy-mo-quan-doi-vao-thoi-diem-then-chot-post1863110.tpo<\/p>\n","protected":false},"excerpt":{"rendered":"Der russische Pr\u00e4sident Wladimir Putin. (Foto: TASS) Im Dekret hei\u00dft es, die St\u00e4rke der russischen Streitkr\u00e4fte betrage 2.426.130&hellip;\n","protected":false},"author":2,"featured_media":1197733,"comment_status":"","ping_status":"","sticky":false,"template":"","format":"standard","meta":{"footnotes":"","_share_on_mastodon":"0"},"categories":[4013],"tags":[249861,331,332,223611,13,451,14,15,4043,4044,850,307,12,6375],"class_list":["post-1197732","post","type-post","status-publish","format-standard","has-post-thumbnail","category-russland","tag-militaergroesse","tag-aktuelle-nachrichten","tag-aktuelle-news","tag-der-russische-praesident-wladimir-putin","tag-headlines","tag-militaer","tag-nachrichten","tag-news","tag-russia","tag-russian-federation","tag-russische-foederation","tag-russland","tag-schlagzeilen","tag-streitkraefte"],"share_on_mastodon":{"url":"https:\/\/pubeurope.com\/@de\/116995134049311685","error":""},"_links":{"self":[{"href":"https:\/\/www.europesays.com\/de\/wp-json\/wp\/v2\/posts\/1197732","targetHints":{"allow":["GET"]}}],"collection":[{"href":"https:\/\/www.europesays.com\/de\/wp-json\/wp\/v2\/posts"}],"about":[{"href":"https:\/\/www.europesays.com\/de\/wp-json\/wp\/v2\/types\/post"}],"author":[{"embeddable":true,"href":"https:\/\/www.europesays.com\/de\/wp-json\/wp\/v2\/users\/2"}],"replies":[{"embeddable":true,"href":"https:\/\/www.europesays.com\/de\/wp-json\/wp\/v2\/comments?post=1197732"}],"version-history":[{"count":0,"href":"https:\/\/www.europesays.com\/de\/wp-json\/wp\/v2\/posts\/1197732\/revisions"}],"wp:featuredmedia":[{"embeddable":true,"href":"https:\/\/www.europesays.com\/de\/wp-json\/wp\/v2\/media\/1197733"}],"wp:attachment":[{"href":"https:\/\/www.europesays.com\/de\/wp-json\/wp\/v2\/media?parent=1197732"}],"wp:term":[{"taxonomy":"category","embeddable":true,"href":"https:\/\/www.europesays.com\/de\/wp-json\/wp\/v2\/categories?post=1197732"},{"taxonomy":"post_tag","embeddable":true,"href":"https:\/\/www.europesays.com\/de\/wp-json\/wp\/v2\/tags?post=1197732"}],"curies":[{"name":"wp","href":"https:\/\/api.w.org\/{rel}","templated":true}]}}