{"id":1197776,"date":"2026-07-28T02:26:51","date_gmt":"2026-07-28T02:26:51","guid":{"rendered":"https:\/\/www.europesays.com\/de\/1197776\/"},"modified":"2026-07-28T02:26:51","modified_gmt":"2026-07-28T02:26:51","slug":"weniger-als-neun-stunden-am-tag-kleineres-zeitfenster-zum-essen-koennte-demenzrisiko-senken","status":"publish","type":"post","link":"https:\/\/www.europesays.com\/de\/1197776\/","title":{"rendered":"Weniger als neun Stunden am Tag: Kleineres Zeitfenster zum Essen k\u00f6nnte Demenzrisiko senken"},"content":{"rendered":"<p>Weniger als neun Stunden am TagKleineres Zeitfenster zum Essen k\u00f6nnte Demenzrisiko senken<\/p>\n<p>27.07.2026, 11:43 Uhr <\/p>\n<p>Artikel anh\u00f6ren(03:29 min)<\/p>\n<p><img decoding=\"async\" class=\"Image_img__fQCi0 Image_Img_16_9__4BLfH widget-picture-inline_maximizable__t_E7h\" loading=\"eager\" fetchpriority=\"high\" src=\"https:\/\/www.europesays.com\/de\/wp-content\/uploads\/2026\/07\/Minimales-Miniaturbild-eines-einfarbigen-Weckers-das-ein-Sechs-Uhr-Konzept-fuer-den-fruehen-Morgen-a.webp\" alt=\"Minimales-Miniaturbild-eines-einfarbigen-Weckers-das-ein-Sechs-Uhr-Konzept-fuer-den-fruehen-Morgen-auf-strukturiertem-grauem-Hintergrund-zeigt\"\/>Wer im Alter nur zwischen 10 und 18 Uhr isst, k\u00f6nnte so die Leistungsf\u00e4higkeit seines Gehirns unterst\u00fctzen. (Foto: picture alliance \/ imageBROKER)TeilenFolgen auf:<a href=\"https:\/\/www.whatsapp.com\/channel\/0029Va5cdVJD8SDp5YZgYF01\" title=\"Auf WhatsApp folgen\" target=\"_blank\" rel=\"nofollow noopener\"><img decoding=\"async\" src=\"https:\/\/www.n-tv.de\/socialIcons\/whatsapp.svg\" alt=\"whatsapp\" class=\"ArticleShare_icon__FsrC2\"\/><\/a><a href=\"https:\/\/www.google.com\/preferences\/source?q=n-tv.de\" title=\"ntv als bevorzugte Quelle auf Google hinzuf\u00fcgen\" target=\"_blank\" rel=\"nofollow noopener\"><img decoding=\"async\" src=\"https:\/\/www.n-tv.de\/socialIcons\/google.svg\" alt=\"whatsapp\" class=\"ArticleShare_icon__FsrC2\"\/><\/a><\/p>\n<p class=\"Typography_text-m__XI0da Typography_weight-bold__uT6mq storyline_lead_text_leadtext__q_wg8\">\u00dcbergewicht kann auch einen ung\u00fcnstigen Einfluss auf die geistige Leistungsf\u00e4higkeit im Alter haben. Doch nicht nur eine Reduzierung der Kalorien, sondern auch die Reduzierung des t\u00e4glichen Zeitfensters zum Essen kann das Gehirn sch\u00fctzen.<\/p>\n<p class=\"Typography_text-default__P3otY Typography_weight-normal__pqUbH storyline_paragraph_p__qSR5N\">Frauen, die im Alter ihre t\u00e4glichen Essenszeiten und die Kalorienaufnahme reduzieren, k\u00f6nnten damit nicht nur das K\u00f6rpergewicht verlieren, sondern auch ihr Gehirn sch\u00fctzen. Das hat ein Forschungsteam der Rutgers University in New Jersey herausgefunden. Bislang war klar, dass sich \u00dcbergewicht ung\u00fcnstig auf die geistige Leistungsf\u00e4higkeit im Alter auswirkt. Doch nun liefern die Forschenden um die Ern\u00e4hrungswissenschaftlerin Sue Shapses erste Hinweise darauf, wie eine Reduzierung der Essenszeit auf unter neun Stunden am Tag das Demenzrisiko senkt.<\/p>\n<p class=\"Typography_text-default__P3otY Typography_weight-normal__pqUbH storyline_paragraph_p__qSR5N\">F\u00fcr die Untersuchung konnten 47 \u00fcbergewichtige oder adip\u00f6se Frauen im Alter von 50 bis 79 Jahren gewonnen werden. Alle Teilnehmerinnen wurden angewiesen, ihre Kalorienzufuhr um 500 Kalorien t\u00e4glich zu reduzieren. Eine Gruppe mit 26 Teilnehmerinnen wurde instruiert, ihre Nahrungsaufnahme auf ein Zeitfenster von weniger als neun Stunden pro Tag zu beschr\u00e4nken, w\u00e4hrend die \u00fcbrigen Teilnehmerinnen ihr \u00fcbliches Essensfenster von etwa zw\u00f6lf Stunden pro Tag beibehielten.<\/p>\n<p class=\"Typography_text-default__P3otY Typography_weight-normal__pqUbH storyline_paragraph_p__qSR5N\">In der Gruppe mit zeitlich begrenzter Nahrungsaufnahme a\u00dfen die Teilnehmerinnen in der Regel ausschlie\u00dflich zwischen 10 und 18 Uhr. Im Durchschnitt hatten sie ein t\u00e4gliches Essensfenster von 8,2 Stunden. Die Teilnehmerinnen der zweiten Gruppe hingegen hielten ihre \u00fcblichen Essenszeiten ein und kamen damit auf einen Zeitraum von durchschnittlich 12,3 Stunden pro Tag. Alle Teilnehmerinnen absolvierten w\u00e4hrend des Untersuchungszeitraums verschiedene Tests.<\/p>\n<p>Unterschiede bei Ged\u00e4chtnis und Lernen<\/p>\n<p class=\"Typography_text-default__P3otY Typography_weight-normal__pqUbH storyline_paragraph_p__qSR5N\">Nach sechs Monaten zeigte sich in beiden Gruppen ein nahezu gleicher Gewichtsverlust von durchschnittlich sieben Kilogramm. Allerdings sahen die Forschenden auch, dass die Teilnehmerinnen in der Gruppe mit der begrenzten Essenszeit bei den Testergebnissen zur r\u00e4umlichen Planung und Probleml\u00f6sung im Vergleich zur Kontrollgruppe besser abschnitten. Zudem machten sie tendenziell weniger Fehler in Ged\u00e4chtnis- und Lerntests. Bei den Tests zu Multitasking oder bei Reaktionszeit gab es hingegen keine bedeutsamen Unterschiede zwischen den Teilnehmerinnen aus beiden Gruppen.<\/p>\n<p class=\"Typography_text-default__P3otY Typography_weight-normal__pqUbH storyline_paragraph_p__qSR5N\">&#8222;Schon eine Gewichtsabnahme allein kann einen Teil des altersbedingten kognitiven Abbaus verhindern&#8220;, wird Shapses in <a class=\"inline_link\" href=\"https:\/\/www.eurekalert.org\/news-releases\/1136419?\" target=\"_blank\" rel=\"nofollow noopener\">einer Mitteilung <\/a>zitiert. Diese Daten legten au\u00dferdem nahe, dass es zus\u00e4tzliche Vorteile geben k\u00f6nnte, wenn man vier Stunden vor dem Schlafengehen aufh\u00f6re zu essen und die Nahrungsaufnahme auf acht bis neun Stunden pro Tag reduziere. <\/p>\n<p class=\"Typography_text-default__P3otY Typography_weight-normal__pqUbH storyline_paragraph_p__qSR5N\">Die vorl\u00e4ufigen Ergebnisse der Untersuchung wurden auf der diesj\u00e4hrigen <a class=\"inline_link\" href=\"https:\/\/nutrition2026.eventscribe.net\/index.asp\" target=\"_blank\" rel=\"nofollow noopener\">Konferenz der American Society for Nutrition<\/a> in Washington D.C. pr\u00e4sentiert. Die Forschergruppe betont, die Ergebnisse m\u00fcssten noch mit einer gr\u00f6\u00dferen Teilnehmeranzahl best\u00e4tigt werden. Zudem planen sie, die Mechanismen zu untersuchen, die die m\u00f6glichen Vorteile zeitlich begrenzter Nahrungsaufnahme erkl\u00e4ren k\u00f6nnten. Denkbar seien Wechselwirkungen zwischen zirkadianem Rhythmus, N\u00e4hrstofferkennung, Entz\u00fcndungsprozessen und Stoffwechselgesundheit. <\/p>\n<p class=\"Typography_text-s__wu_cm Typography_weight-normal__pqUbH Typography_color-darkgrey__sZEnP article-detail-footer_source__KslPc\">Quelle: ntv.de, jaz<\/p>\n","protected":false},"excerpt":{"rendered":"Weniger als neun Stunden am TagKleineres Zeitfenster zum Essen k\u00f6nnte Demenzrisiko senken 27.07.2026, 11:43 Uhr Artikel anh\u00f6ren(03:29 min)&hellip;\n","protected":false},"author":2,"featured_media":1197777,"comment_status":"","ping_status":"","sticky":false,"template":"","format":"standard","meta":{"footnotes":"","_share_on_mastodon":"0"},"categories":[1834],"tags":[752,161631,3364,1051,29,5763,3688,111246,30,1209,42606],"class_list":["post-1197776","post","type-post","status-publish","format-standard","has-post-thumbnail","category-essen","tag-bildung","tag-chronobiologie","tag-de","tag-demenz","tag-deutschland","tag-ernaehrung","tag-essen","tag-fasten","tag-germany","tag-nordrhein-westfalen","tag-uebergewicht"],"share_on_mastodon":{"url":"https:\/\/pubeurope.com\/@de\/116995246998116963","error":""},"_links":{"self":[{"href":"https:\/\/www.europesays.com\/de\/wp-json\/wp\/v2\/posts\/1197776","targetHints":{"allow":["GET"]}}],"collection":[{"href":"https:\/\/www.europesays.com\/de\/wp-json\/wp\/v2\/posts"}],"about":[{"href":"https:\/\/www.europesays.com\/de\/wp-json\/wp\/v2\/types\/post"}],"author":[{"embeddable":true,"href":"https:\/\/www.europesays.com\/de\/wp-json\/wp\/v2\/users\/2"}],"replies":[{"embeddable":true,"href":"https:\/\/www.europesays.com\/de\/wp-json\/wp\/v2\/comments?post=1197776"}],"version-history":[{"count":0,"href":"https:\/\/www.europesays.com\/de\/wp-json\/wp\/v2\/posts\/1197776\/revisions"}],"wp:featuredmedia":[{"embeddable":true,"href":"https:\/\/www.europesays.com\/de\/wp-json\/wp\/v2\/media\/1197777"}],"wp:attachment":[{"href":"https:\/\/www.europesays.com\/de\/wp-json\/wp\/v2\/media?parent=1197776"}],"wp:term":[{"taxonomy":"category","embeddable":true,"href":"https:\/\/www.europesays.com\/de\/wp-json\/wp\/v2\/categories?post=1197776"},{"taxonomy":"post_tag","embeddable":true,"href":"https:\/\/www.europesays.com\/de\/wp-json\/wp\/v2\/tags?post=1197776"}],"curies":[{"name":"wp","href":"https:\/\/api.w.org\/{rel}","templated":true}]}}