{"id":1197814,"date":"2026-07-28T02:49:53","date_gmt":"2026-07-28T02:49:53","guid":{"rendered":"https:\/\/www.europesays.com\/de\/1197814\/"},"modified":"2026-07-28T02:49:53","modified_gmt":"2026-07-28T02:49:53","slug":"anschlag-auf-den-csd-in-berlin-behoerden-sollen-abdul-b-eine-stunde-vor-angriff-gefilmt-haben","status":"publish","type":"post","link":"https:\/\/www.europesays.com\/de\/1197814\/","title":{"rendered":"Anschlag auf den CSD in Berlin: Beh\u00f6rden sollen Abdul B. eine Stunde vor Angriff gefilmt haben"},"content":{"rendered":"<p>Anschlag auf den CSD in BerlinBeh\u00f6rden sollen Abdul B. eine Stunde vor Angriff gefilmt haben<\/p>\n<p>27.07.2026, 19:02 Uhr <\/p>\n<p>Artikel anh\u00f6ren(03:51 min)<\/p>\n<p><img decoding=\"async\" class=\"Image_img__fQCi0 Image_Img_16_9__4BLfH widget-picture-inline_maximizable__t_E7h\" loading=\"eager\" fetchpriority=\"high\" src=\"https:\/\/www.europesays.com\/de\/wp-content\/uploads\/2026\/07\/DEU-Deutschland-Germany-Berlin-27-07-2026-Trauernde-am-Denkmal-fuer-die-im-Nationalsozialismus-verfo.webp\" alt=\"DEU-Deutschland-Germany-Berlin-27-07-2026-Trauernde-am-Denkmal-fuer-die-im-Nationalsozialismus-verfolgten-Homosexuellen-und-Blumen-nahe-am-Tatort-in-Tiergarten-wo-ein-Attentaeter-in-eine-Menschenmenge-gefahren-ist-in-Trauer-an-der-Trauerveranstaltung-und-Gedenkveranstaltung-in-Solidaritaet-fuer-die-Opfer-des-islamistischen-CSD-Anschlags-und-dessen-Abbruch-unter-dem-Motto-Liebe-ist-staerker-als-Hass-in-Berlin-Deutschland-Bei-dem-Terroranschlag-im-Park-Tiergarten-starb-ein-Mensch-und-weitere-wurden-teils-schwer-verletzt-Der-Anschlag-erfolgte-auf-der-Demonstration-der-schwul-lesbischen-Gedenkparade-Christopher-Street-Day-CSD-Parade-Berlin-Pride-2026-fuer-die-Rechte-der-LGBTQ-Community-unter-dem-Motto-Haltung-ist-Hot-Segen-in-Berlin-Deutschland-Die-Demo-setzt-sich-fuer-Vielfalt-Menschenrechte-und-den-Schutz-von-Minderheiten-ein-und-ist-eine-der-groessten-Veranstaltungen-der-LGBTQ-Community-in-Europa-en-Mourners-at-the-memorial-for-homosexuals-persecuted-under-National-Socialism-and-flowers-in-solidarity-for-the-victims-of-the-CSD-attack-under-the-motto-Love-is-stronger-than-hate-in-Berlin-Germany-One-person-died-and-others-sustained-injuries-in-the-terrorist-attack-in-Tiergarten-Park-The-attack-took-place-during-the-Christopher-Street-Day-CSD-parade-Berlin-Pride-a-demonstration-advocating-for-LGBTQ-community-rights-held-under-the-motto-Haltung-ist-Hot-Taking-a-Stand-is-Hot-in-Berlin-Germany\"\/>Trauernde versammeln sich nach dem Anschlag auf den CSD am Denkmal f\u00fcr die im Nationalsozialismus verfolgten Homosexuellen. (Foto: picture alliance \/ Ipon)TeilenFolgen auf:<a href=\"https:\/\/www.whatsapp.com\/channel\/0029Va5cdVJD8SDp5YZgYF01\" title=\"Auf WhatsApp folgen\" target=\"_blank\" rel=\"nofollow noopener\"><img decoding=\"async\" src=\"https:\/\/www.n-tv.de\/socialIcons\/whatsapp.svg\" alt=\"whatsapp\" class=\"ArticleShare_icon__FsrC2\"\/><\/a><a href=\"https:\/\/www.google.com\/preferences\/source?q=n-tv.de\" title=\"ntv als bevorzugte Quelle auf Google hinzuf\u00fcgen\" target=\"_blank\" rel=\"nofollow noopener\"><img decoding=\"async\" src=\"https:\/\/www.n-tv.de\/socialIcons\/google.svg\" alt=\"whatsapp\" class=\"ArticleShare_icon__FsrC2\"\/><\/a><\/p>\n<p class=\"Typography_text-m__XI0da Typography_weight-bold__uT6mq storyline_lead_text_leadtext__q_wg8\">Als Gef\u00e4hrder war Abdul B. auf dem Schirm der Berliner Sicherheitsbeh\u00f6rden. In der N\u00e4he seines Hauses wurde eine Kamera installiert. Doch das Verhalten des mutma\u00dflichen Attent\u00e4ters gab den Ermittlern wohl keinen Anlass f\u00fcr einen konkreten Verdacht.<\/p>\n<p class=\"Typography_text-default__P3otY Typography_weight-normal__pqUbH storyline_paragraph_p__qSR5N\">Laut einer Recherche mehrerer Medien wurde der mutma\u00dfliche Attent\u00e4ter des Christopher Street Day (CSD) in Berlin noch eine Stunde vor seinem Anschlag von den Sicherheitsbeh\u00f6rden gefilmt. Eine vom LKA Berlin gegen\u00fcber seinem Hauseingang installierte Kamera habe den 21-j\u00e4hrigen Abdul B. gefilmt, wie er am Samstagabend um 20.58 Uhr das Haus verlie\u00df, berichten &#8222;S\u00fcddeutsche Zeitung&#8220;, WDR und NDR. Kurz darauf soll er mit einem wei\u00dfen Transporter im Tiergarten in eine Menschenmenge gerast sein. Eine Frau starb, 29 Menschen wurden verletzt.<\/p>\n<p class=\"Typography_text-default__P3otY Typography_weight-normal__pqUbH storyline_paragraph_p__qSR5N\">Die Sicherheitsbeh\u00f6rden in Berlin hatten Abdul B. dem Bericht zufolge bis kurz vor der Tat auf dem Schirm. Auch laut Informationen von RTL soll es die besagte Kamera gegeben haben. Demnach h\u00e4tte sie den Anschlag aber nicht verhindern k\u00f6nnen, da Abdul B. sich im Vorfeld extrem unauff\u00e4llig verhalten haben soll und es keinerlei Anzeichen f\u00fcr sein Vorhaben gegeben habe.<\/p>\n<p class=\"Typography_text-default__P3otY Typography_weight-normal__pqUbH storyline_paragraph_p__qSR5N\">Am 12. Mai wurde der mutma\u00dfliche T\u00e4ter von einem Jugendgericht am Amtsgericht Tiergarten wegen des versuchten Anschlusses an den IS zu einer Jugendstrafe von einem Jahr und zehn Monaten verurteilt. Die Generalstaatsanwaltschaft forderte eine h\u00f6here Strafe und legte Berufung ein. Das Urteil wurde daher nicht rechtskr\u00e4ftig. Das Gericht hob einen bestehenden Haftbefehl auf, &#8222;da die Untersuchungshaft vorrangig der Sicherung des Strafverfahrens dient und keine vorweggenommene Strafe darstellt&#8220;.<\/p>\n<p class=\"Typography_text-default__P3otY Typography_weight-normal__pqUbH storyline_paragraph_p__qSR5N\">Das Berliner LKA entschied dem Bericht zufolge, den Islamisten nach seiner Freilassung engmaschig zu beobachten. Sein Handy und seine Social-Media-Kan\u00e4le seien \u00fcberwacht worden, Observationsteams sollen ihm regelm\u00e4\u00dfig gefolgt sein. Um Informationen \u00fcber seinen Tagesablauf zu gewinnen, wurde demnach zus\u00e4tzlich die Kamera installiert, die den Hauseingang von B. filmte. Die Aufnahmen seien jeweils nach 24 Stunden ausgewertet worden.<\/p>\n<p class=\"Typography_text-default__P3otY Typography_weight-normal__pqUbH storyline_paragraph_p__qSR5N\">Den bisherigen Erkenntnissen zufolge hatte sich Abdul B. in den Jahren zuvor radikalisiert und geh\u00f6rte der islamistischen Szene an. 2022 wurde B. von einem Jugendgericht verurteilt, weil er einen anderen Jugendlichen geschlagen und getreten und von einem weiteren Jugendlichen Kopfh\u00f6rer geraubt hatte. 2024 ver\u00f6ffentlichte er laut Gericht auf seinem Instagram-Profil zwei Videos, in denen Symbole des IS zu sehen und Glaubenslieder zu h\u00f6ren waren. <\/p>\n<p>Seit Mai auf freiem Fu\u00df<\/p>\n<p class=\"Typography_text-default__P3otY Typography_weight-normal__pqUbH storyline_paragraph_p__qSR5N\">Im Jahr 2025 versuchte Abdul B, sich der Terrormiliz Islamischer Staat (IS) anzuschlie\u00dfen. Er reiste \u00fcber die T\u00fcrkei in den Libanon, &#8222;um von dort aus nach Syrien zu gelangen und sich dem IS anzuschlie\u00dfen&#8220;, wie die Generalstaatsanwaltschaft mitteilte. Am 24. Juli 2025 wurde er im Libanon festgenommen und kam dort in Untersuchungshaft. Ein Milit\u00e4rgericht habe ihn dort &#8222;unter anderem wegen Anstiftung zu religi\u00f6sen und konfessionellen Konflikten&#8220; zu drei Monaten Gef\u00e4ngnis verurteilt.<\/p>\n<p class=\"Typography_text-default__P3otY Typography_weight-normal__pqUbH storyline_paragraph_p__qSR5N\">Nach seiner Entlassung flog B. am 17. November 2025 zur\u00fcck nach Deutschland und wurde am Berliner Flughafen erneut festgenommen. Es folgte eine monatelange Untersuchungshaft und schlie\u00dflich die Freilassung im Mai, nachdem das Gericht den bestehenden Haftbefehl aufgehoben hatte.<\/p>\n<p class=\"Typography_text-s__wu_cm Typography_weight-normal__pqUbH Typography_color-darkgrey__sZEnP article-detail-footer_source__KslPc\">Quelle: ntv.de, dsc\/dpa<\/p>\n","protected":false},"excerpt":{"rendered":"Anschlag auf den CSD in BerlinBeh\u00f6rden sollen Abdul B. eine Stunde vor Angriff gefilmt haben 27.07.2026, 19:02 Uhr&hellip;\n","protected":false},"author":2,"featured_media":1197815,"comment_status":"","ping_status":"","sticky":false,"template":"","format":"standard","meta":{"footnotes":"","_share_on_mastodon":"0"},"categories":[1825],"tags":[249893,296,29,30,556,42571,16,927],"class_list":["post-1197814","post","type-post","status-publish","format-standard","has-post-thumbnail","category-berlin","tag-anschlag-auf-den-csd-in-berlin","tag-berlin","tag-deutschland","tag-germany","tag-islamismus","tag-lgbtqia","tag-politik","tag-terroranschlaege"],"share_on_mastodon":{"url":"https:\/\/pubeurope.com\/@de\/116995336313860945","error":""},"_links":{"self":[{"href":"https:\/\/www.europesays.com\/de\/wp-json\/wp\/v2\/posts\/1197814","targetHints":{"allow":["GET"]}}],"collection":[{"href":"https:\/\/www.europesays.com\/de\/wp-json\/wp\/v2\/posts"}],"about":[{"href":"https:\/\/www.europesays.com\/de\/wp-json\/wp\/v2\/types\/post"}],"author":[{"embeddable":true,"href":"https:\/\/www.europesays.com\/de\/wp-json\/wp\/v2\/users\/2"}],"replies":[{"embeddable":true,"href":"https:\/\/www.europesays.com\/de\/wp-json\/wp\/v2\/comments?post=1197814"}],"version-history":[{"count":0,"href":"https:\/\/www.europesays.com\/de\/wp-json\/wp\/v2\/posts\/1197814\/revisions"}],"wp:featuredmedia":[{"embeddable":true,"href":"https:\/\/www.europesays.com\/de\/wp-json\/wp\/v2\/media\/1197815"}],"wp:attachment":[{"href":"https:\/\/www.europesays.com\/de\/wp-json\/wp\/v2\/media?parent=1197814"}],"wp:term":[{"taxonomy":"category","embeddable":true,"href":"https:\/\/www.europesays.com\/de\/wp-json\/wp\/v2\/categories?post=1197814"},{"taxonomy":"post_tag","embeddable":true,"href":"https:\/\/www.europesays.com\/de\/wp-json\/wp\/v2\/tags?post=1197814"}],"curies":[{"name":"wp","href":"https:\/\/api.w.org\/{rel}","templated":true}]}}