{"id":1197867,"date":"2026-07-28T03:27:41","date_gmt":"2026-07-28T03:27:41","guid":{"rendered":"https:\/\/www.europesays.com\/de\/1197867\/"},"modified":"2026-07-28T03:27:41","modified_gmt":"2026-07-28T03:27:41","slug":"verler-liefert-sich-verfolgungsjagd-mit-der-polizei","status":"publish","type":"post","link":"https:\/\/www.europesays.com\/de\/1197867\/","title":{"rendered":"Verler liefert sich Verfolgungsjagd mit der Polizei"},"content":{"rendered":"<p>Mehrere Verkehrsdelikte wirft die Polizei einem 48 Jahre alten Verler vor. Der hat versucht, vor der Kontrolle zu fl\u00fcchten. Die Verfolgungsjagd endet f\u00fcr ihn im Graben.<\/p>\n<p>Kaunitz (gl). Zeugen in Kaunitz haben am Freitagabend, 24. Juli, gegen 21.30 Uhr laut einer Mitteilung der Polizei einen m\u00f6glicherweise alkoholisierten Autofahrer gemeldet, der in Richtung Verl unterwegs gewesen sein soll.\u00a0<\/p>\n<p>Wenige Minuten sp\u00e4ter stellte ein Streifenwagen das Auto am Kreisverkehr Bielefelder Stra\u00dfe\/Sender Stra\u00dfe fest. Nachdem die Beamten Anhaltezeichen gaben, widersetzte sich der Fahrer des VW und versuchte, sich einer Kontrolle zu entziehen. In Verl bog der VW-Fahrer zun\u00e4chst in mehrere Stra\u00dfen ab, um kurz darauf auf der Lindenstra\u00dfe stadtausw\u00e4rts zu fahren. Dort verlor die Polizei das Auto kurz aus den Augen. Gegen 21.42 Uhr wurde der VW verschlossen abgestellt im Einm\u00fcndungsbereich Marienstra\u00dfe\/Gentestra\u00dfe gefunden. W\u00e4hrend der gesamten Verfolgungsfahrt wurden nach derzeitigem Stand keine unbeteiligten Personen gef\u00e4hrdet.<\/p>\n<p class=\"contextmenu caption\">1,44 Promille Atem-Alkohol festgestellt<\/p>\n<p>Bei der anschlie\u00dfenden Suche nach dem Fahrer war die Polizei mit mehreren Streifenwagenbesatzungen sowie auch einem Hundef\u00fchrer vor Ort. Dem Diensthund gelang es schlie\u00dflich, den Fahrer des VW, einen 48-j\u00e4hrigen Verler, versteckt in einem nahe gelegenen Stra\u00dfengraben mit hohem Gras aufzusp\u00fcren. Bei dem Mann wurde ein freiwilliger Atemalkoholtest durchgef\u00fchrt, mit einem vorl\u00e4ufigen Ergebnis von 1,44 Promille. Anschlie\u00dfend wurde der Verler zur Entnahme einer Blutprobe durch einen Arzt mit zur Polizeiwache genommen.<\/p>\n<p>In Absprache mit der Staatsanwaltschaft Bielefeld wurde der genutzte VW sichergestellt und durch ein Abschleppunternehmen abgeholt. Gegen den 48-J\u00e4hrigen leiteten die Beamten ein Ermittlungsverfahren wegen mehrerer Verkehrsdelikte ein und stellten den F\u00fchrerschein sicher.<\/p>\n<p>Texte und Fotos von die-glocke.de sind urheberrechtlich gesch\u00fctzt.<br \/>\n            Weiterverwendung nur mit Genehmigung der Chefredaktion.<\/p>\n","protected":false},"excerpt":{"rendered":"Mehrere Verkehrsdelikte wirft die Polizei einem 48 Jahre alten Verler vor. Der hat versucht, vor der Kontrolle zu&hellip;\n","protected":false},"author":2,"featured_media":1197868,"comment_status":"","ping_status":"","sticky":false,"template":"","format":"standard","meta":{"footnotes":"","_share_on_mastodon":"0"},"categories":[1841],"tags":[80080,1605,3364,29,980,8036,30,1209,249899,249898,40,8183,603],"class_list":["post-1197867","post","type-post","status-publish","format-standard","has-post-thumbnail","category-bielefeld","tag-alkoholtest","tag-bielefeld","tag-de","tag-deutschland","tag-festnahme","tag-flucht","tag-germany","tag-nordrhein-westfalen","tag-politeieinsatz","tag-promille-alkohol","tag-verfolgungsjagd","tag-verkehrskontrolle","tag-vw"],"share_on_mastodon":{"url":"https:\/\/pubeurope.com\/@de\/116995479738131744","error":""},"_links":{"self":[{"href":"https:\/\/www.europesays.com\/de\/wp-json\/wp\/v2\/posts\/1197867","targetHints":{"allow":["GET"]}}],"collection":[{"href":"https:\/\/www.europesays.com\/de\/wp-json\/wp\/v2\/posts"}],"about":[{"href":"https:\/\/www.europesays.com\/de\/wp-json\/wp\/v2\/types\/post"}],"author":[{"embeddable":true,"href":"https:\/\/www.europesays.com\/de\/wp-json\/wp\/v2\/users\/2"}],"replies":[{"embeddable":true,"href":"https:\/\/www.europesays.com\/de\/wp-json\/wp\/v2\/comments?post=1197867"}],"version-history":[{"count":0,"href":"https:\/\/www.europesays.com\/de\/wp-json\/wp\/v2\/posts\/1197867\/revisions"}],"wp:featuredmedia":[{"embeddable":true,"href":"https:\/\/www.europesays.com\/de\/wp-json\/wp\/v2\/media\/1197868"}],"wp:attachment":[{"href":"https:\/\/www.europesays.com\/de\/wp-json\/wp\/v2\/media?parent=1197867"}],"wp:term":[{"taxonomy":"category","embeddable":true,"href":"https:\/\/www.europesays.com\/de\/wp-json\/wp\/v2\/categories?post=1197867"},{"taxonomy":"post_tag","embeddable":true,"href":"https:\/\/www.europesays.com\/de\/wp-json\/wp\/v2\/tags?post=1197867"}],"curies":[{"name":"wp","href":"https:\/\/api.w.org\/{rel}","templated":true}]}}