{"id":1197908,"date":"2026-07-28T04:03:31","date_gmt":"2026-07-28T04:03:31","guid":{"rendered":"https:\/\/www.europesays.com\/de\/1197908\/"},"modified":"2026-07-28T04:03:31","modified_gmt":"2026-07-28T04:03:31","slug":"fw-dresden-dachstuhlbrand-in-den-froebelhoefen-loescharbeiten-dauern-an","status":"publish","type":"post","link":"https:\/\/www.europesays.com\/de\/1197908\/","title":{"rendered":"FW Dresden: Dachstuhlbrand in den Fr\u00f6belh\u00f6fen &#8211; L\u00f6scharbeiten dauern an"},"content":{"rendered":"<p class=\"date\">27.07.2026 \u2013 20:48<\/p>\n<p class=\"customer\">\n                        <a class=\"story-customer\" title=\"weiter zum newsroom von Feuerwehr Dresden\" href=\"https:\/\/www.presseportal.de\/blaulicht\/nr\/154636\" rel=\"nofollow noopener\" target=\"_blank\">Feuerwehr Dresden<\/a>\n                    <\/p>\n<p><a class=\"glightbox event-trigger\" href=\"https:\/\/cache.pressmailing.net\/thumbnail\/story_hires\/a5889d12-8dc1-44d2-9a50-57ff4354da6b\/26-07-2717-30-489.jpeg.jpg\" data-description=\"\u00a9 Feuerwehr Dresden Dachstuhlbrand mit RTW und Einsatzleitwagen\" data-category=\"medialightbox\" data-action=\"click\" data-label=\"single\" data-value=\"6a67a80d270000fd2c741f06\" rel=\"nofollow noopener\" target=\"_blank\"><img decoding=\"async\" height=\"540\" with=\"720\" src=\"https:\/\/www.europesays.com\/de\/wp-content\/uploads\/2026\/07\/fw-dresden-dachstuhlbrand-in-den-fr-belh-fen-l-scharbeiten-dauern-an.jpeg\"   alt=\"FW Dresden: Dachstuhlbrand in den Fr\u00f6belh\u00f6fen - L\u00f6scharbeiten dauern an\" class=\"single\"\/><\/a><\/p>\n<p><a data-category=\"citylink-story-view\" data-action=\"click\" data-label=\"Citylink in Meldungsansicht\" class=\"story-city event-trigger\" href=\"https:\/\/www.presseportal.de\/regional\/Dresden\" title=\"News aus Dresden \" rel=\"nofollow noopener\" target=\"_blank\">Dresden<\/a> (ots)<\/p>\n<p>Zeit: 27. Juli 2026, seit 16:38 Uhr<\/p>\n<p>Ort: W\u00f6lfnitzstrasse, Friedrichstadt<\/p>\n<p>Die Feuerwehr Dresden wurde heute zu einem Dachstuhlbrand in den Fr\u00f6belh\u00f6fen alarmiert. Bereits auf der Anfahrt war eine deutliche Rauchentwicklung erkennbar.<br \/>\nBeim Eintreffen der ersten Einsatzkr\u00e4fte best\u00e4tigte sich der Brand im Bereich des Dachstuhls. Umgehend wurde die Brandbek\u00e4mpfung eingeleitet. Die Einsatzkr\u00e4fte gingen sowohl \u00fcber den Innenangriff als auch \u00fcber Drehleitern gegen das Feuer vor, um eine Ausbreitung auf weitere Geb\u00e4udeteile zu verhindern. Die vom Brand betroffene Dachfl\u00e4che wird auf ca. 200 Quadratmeter gesch\u00e4tzt. Durch die Dachkonstruktion gestalten sich die L\u00f6scharbeiten schwierig. Die Einsatzkr\u00e4fte m\u00fcssen die Dachhaut von innen und von au\u00dfen mit technischen Ger\u00e4ten \u00f6ffnen, da nur so Glutnester gefunden und effektiv gel\u00f6scht werden k\u00f6nnen. Zum Zeitpunkt des Berichtes waren mittlerweile 20 Trupps unter Verwendung von Atemschutzger\u00e4ten und handgef\u00fchrten Strahlrohren im Einsatz.<br \/>\nNach aktuellem Stand wurden keine Personen im unmittelbaren Zusammenhang mit dem Ereignis verletzt. Nur am Rande der Einsatzstelle war eine 86-j\u00e4hrige Frau gest\u00fcrzt, diese wurde rettungsdienstlich erstversorgt und in ein Krankenhaus gebracht.<\/p>\n<p>Die L\u00f6scharbeiten dauern an. Somit kommt es weiterhin im Umfeld der Einsatzstelle zu Verkehrseinschr\u00e4nkungen. Der Stra\u00dfenbahnverkehr konnte wieder aufgenommen werden.<br \/>\nDas Einsatzende ist noch nicht genau absehbar, da nach Beendigung der L\u00f6scharbeiten immer eine Nachkontrolle erfolgen muss.<\/p>\n<p>Im Einsatz befanden sich in der Spitze ca. 90 Einsatzkr\u00e4fte der Feuerwehr Dresden aus den Wachen \u00dcbigau, L\u00f6btau, Altstadt und Albertstadt, sowie die Rettungswachen Friedrichstadt und L\u00f6btau. Auch unsere Stadtteilfeuerwehren Gompitz, Gorbitz, Kaitz, Langebr\u00fcck, Lockwitz und die ASB- Drohnenstaffel waren mit ehrenamtlichen Kr\u00e4ften bei dem Einsatz dabei.<br \/>\nDie Ermittlungen zur Brandursache werden nach Abschluss der L\u00f6scharbeiten von der Polizei aufgenommen.<\/p>\n<p class=\"contact-headline\">R\u00fcckfragen bitte an:<\/p>\n<p class=\"contact-text\">Feuerwehr Dresden<br \/>Pressestelle Feuerwehr Dresden<br \/>Pierre Steffen Bedrich<br \/>Telefon: 0351\/8155-297<br \/>Mobil: 0151 &#8211; 58239907<br \/>E-Mail: <a href=\"https:\/\/www.presseportal.de\/blaulicht\/pm\/154636\/mailto:feuerwehrpressestelle@dresden.de\" class=\"uri-mailto\" rel=\"nofollow noopener\" target=\"_blank\">feuerwehrpressestelle@dresden.de<\/a><br \/><a target=\"_blank\" class=\"uri-ext outbound\" rel=\"noopener nofollow\" href=\"https:\/\/www.dresden.de\/feuerwehr\">https:\/\/www.dresden.de\/feuerwehr<\/a><\/p>\n<p class=\"originator\">Original-Content von: Feuerwehr Dresden, \u00fcbermittelt durch news aktuell<\/p>\n","protected":false},"excerpt":{"rendered":"27.07.2026 \u2013 20:48 Feuerwehr Dresden Dresden (ots) Zeit: 27. Juli 2026, seit 16:38 Uhr Ort: W\u00f6lfnitzstrasse, Friedrichstadt Die&hellip;\n","protected":false},"author":2,"featured_media":1197909,"comment_status":"","ping_status":"","sticky":false,"template":"","format":"standard","meta":{"footnotes":"","_share_on_mastodon":"0"},"categories":[1835],"tags":[2919,3364,29,2386,985,30,3908,178,180,179,181,859,14110,1284],"class_list":["post-1197908","post","type-post","status-publish","format-standard","has-post-thumbnail","category-dresden","tag-brand","tag-de","tag-deutschland","tag-dresden","tag-feuerwehr","tag-germany","tag-notfallrettung","tag-presse","tag-pressemeldung","tag-pressemitteilung","tag-pressemitteilungen","tag-sachsen","tag-sn","tag-unfall"],"share_on_mastodon":{"url":"https:\/\/pubeurope.com\/@de\/116995621369212399","error":""},"_links":{"self":[{"href":"https:\/\/www.europesays.com\/de\/wp-json\/wp\/v2\/posts\/1197908","targetHints":{"allow":["GET"]}}],"collection":[{"href":"https:\/\/www.europesays.com\/de\/wp-json\/wp\/v2\/posts"}],"about":[{"href":"https:\/\/www.europesays.com\/de\/wp-json\/wp\/v2\/types\/post"}],"author":[{"embeddable":true,"href":"https:\/\/www.europesays.com\/de\/wp-json\/wp\/v2\/users\/2"}],"replies":[{"embeddable":true,"href":"https:\/\/www.europesays.com\/de\/wp-json\/wp\/v2\/comments?post=1197908"}],"version-history":[{"count":0,"href":"https:\/\/www.europesays.com\/de\/wp-json\/wp\/v2\/posts\/1197908\/revisions"}],"wp:featuredmedia":[{"embeddable":true,"href":"https:\/\/www.europesays.com\/de\/wp-json\/wp\/v2\/media\/1197909"}],"wp:attachment":[{"href":"https:\/\/www.europesays.com\/de\/wp-json\/wp\/v2\/media?parent=1197908"}],"wp:term":[{"taxonomy":"category","embeddable":true,"href":"https:\/\/www.europesays.com\/de\/wp-json\/wp\/v2\/categories?post=1197908"},{"taxonomy":"post_tag","embeddable":true,"href":"https:\/\/www.europesays.com\/de\/wp-json\/wp\/v2\/tags?post=1197908"}],"curies":[{"name":"wp","href":"https:\/\/api.w.org\/{rel}","templated":true}]}}