{"id":1198083,"date":"2026-07-28T05:55:35","date_gmt":"2026-07-28T05:55:35","guid":{"rendered":"https:\/\/www.europesays.com\/de\/1198083\/"},"modified":"2026-07-28T05:55:35","modified_gmt":"2026-07-28T05:55:35","slug":"fc-bayern-muenchen-luis-diaz-tatsaechlich-an-wechsel-nach-saudi-arabien-interessiert","status":"publish","type":"post","link":"https:\/\/www.europesays.com\/de\/1198083\/","title":{"rendered":"FC Bayern M\u00fcnchen: Luis Diaz tats\u00e4chlich an Wechsel nach Saudi-Arabien interessiert?"},"content":{"rendered":"<p class=\"MuiTypography-root MuiTypography-body1 mui-1foiij2\">ran Fu\u00dfball Bundesliga<\/p>\n<p class=\"MuiTypography-root MuiTypography-body1 mui-1agghpn\">FC Bayern: Davies feiert geheime Hochzeit in Paris<\/p>\n<p class=\"MuiTypography-root MuiTypography-body1 mui-nx3t7m\">Videoclip \u2022 01:05 Min<\/p>\n<p class=\"MuiTypography-root MuiTypography-body1 mui-1qsr6u5\" data-testid=\"intro-paragraph\">Seit Monaten gibt es Ger\u00fcchte \u00fcber einen m\u00f6glichen Wechsel von Michael Olise zu Real Madrid. Nun soll Luis D\u00edaz im Visier von Al Hilal sein.<\/p>\n<p class=\"MuiTypography-root MuiTypography-body1 mui-1pymq60\" data-testid=\"paragraph\">Muss der <a class=\"MuiTypography-root MuiTypography-inherit MuiLink-root MuiLink-underlineAlways mui-1bbqssm\" tabindex=\"0\" href=\"https:\/\/ran.joyn.de\/sports\/teams\/te209-bayern-muenchen\" rel=\"nofollow noopener\" target=\"_blank\">FC Bayern<\/a> M\u00fcnchen um den Verbleib von <a class=\"MuiTypography-root MuiTypography-inherit MuiLink-root MuiLink-underlineAlways mui-1bbqssm\" tabindex=\"0\" href=\"https:\/\/ran.joyn.de\/sports\/spieler\/pe482718-luis-diaz\" rel=\"nofollow noopener\" target=\"_blank\">Luis Diaz<\/a> bangen?<\/p>\n<p class=\"MuiTypography-root MuiTypography-body1 mui-1pymq60\" data-testid=\"paragraph\">Zun\u00e4chst hatte der belgische Journalist Sacha Tavolieri berichtet, dass Al Hilal Interesse am Kolumbianer zeigen soll und bereit sei, astronomische Summen zu bieten.<\/p>\n<p class=\"MuiTypography-root MuiTypography-body1 mui-1pymq60\" data-testid=\"paragraph\">Nun best\u00e4tigte mit der &#8222;L&#8217;\u00c9quipe&#8220; auch die erste seri\u00f6se Zeitung, dass sich der Klub aus Saudi-Arabien mit dem Bayern-Linksau\u00dfen besch\u00e4ftigt. Eine Verpflichtung von Diaz sei dem Bericht zufolge auf der Priorit\u00e4tenliste ganz oben.<\/p>\n<p class=\"MuiTypography-root MuiTypography-body1 mui-1pymq60\" data-testid=\"paragraph\">Diaz selbst soll interessiert an einem Wechsel zu Al Hilal sein, was dem Saudi-Klub offenbar dazu veranlasst hat, ein Angebot in H\u00f6he von mindestens 70 Millionen Euro zu pr\u00e4parieren. Der FC Bayern hat der franz\u00f6sischen Zeitung aber schon klargestellt, dass man nicht die Absicht hat, Diaz drei Jahre vor Vertragende zu verkaufen.<\/p>\n<p>Die n\u00e4chsten Fu\u00dfball-\u00dcbertragungen auf Joyn<\/p>\n<ul class=\"MuiBox-root mui-1xju5wg\" id=\"_R_4l9fav5ubsnpfd7fdb_\">\n<li class=\"mui-rsnbhl\"><img decoding=\"async\" src=\"https:\/\/www.europesays.com\/de\/wp-content\/uploads\/2026\/07\/{\"width\":5264,\"rect\":{\"x\":0,\"y\":0,\"width\":5264,\"height\":2961}}.webp\"   width=\"5264\" height=\"2961\" alt=\"\" class=\"mui-n608sm\" loading=\"lazy\" fetchpriority=\"auto\"\/>\n<p class=\"MuiTypography-root MuiTypography-body1 mui-1xrky36\">Samstag, 01.08. 14:00 \u2022 Fussball<\/p>\n<p>Fu\u00dfball: Regionalliga, 1. FC Schweinfurt &#8211; TSV 1860 M\u00fcnchen im LivestreamVerf\u00fcgbar auf Joyn<\/p>\n<p class=\"MuiTypography-root MuiTypography-body1 mui-1ybzvdw\">120 Min<\/p>\n<p>Aktionsmen\u00fc \u00f6ffnen<img decoding=\"async\" src=\"https:\/\/www.europesays.com\/de\/wp-content\/uploads\/2026\/07\/{\"width\":5264,\"rect\":{\"x\":0,\"y\":0,\"width\":5264,\"height\":2961}}.webp\"   width=\"5264\" height=\"2961\" alt=\"\" class=\"mui-n608sm\" loading=\"lazy\" fetchpriority=\"auto\"\/><\/p>\n<p class=\"MuiTypography-root MuiTypography-body1 mui-1xrky36\">Samstag, 01.08. 14:00 \u2022 Fussball<\/p>\n<p>Fu\u00dfball: Regionalliga, 1. FC Schweinfurt &#8211; TSV 1860 M\u00fcnchen im LivestreamVerf\u00fcgbar auf Joyn<\/p>\n<p class=\"MuiTypography-root MuiTypography-body1 mui-1ybzvdw\">120 Min<\/p>\n<\/li>\n<li class=\"mui-rsnbhl\"><img decoding=\"async\" src=\"https:\/\/www.europesays.com\/de\/wp-content\/uploads\/2026\/07\/{\"width\":5672,\"rect\":{\"x\":0,\"y\":295,\"width\":5672,\"height\":3190}}.webp\"   width=\"5672\" height=\"3190\" alt=\"\" class=\"mui-n608sm\" loading=\"lazy\" fetchpriority=\"auto\"\/>\n<p class=\"MuiTypography-root MuiTypography-body1 mui-1xrky36\">Samstag, 01.08. 16:00 \u2022 Fussball<\/p>\n<p>Fu\u00dfball: Regionalliga, BFC Dynamo \u2013 BSG Chemie Leipzig im LivestreamVerf\u00fcgbar auf Joyn<\/p>\n<p class=\"MuiTypography-root MuiTypography-body1 mui-1ybzvdw\">120 Min<\/p>\n<p>Aktionsmen\u00fc \u00f6ffnen<img decoding=\"async\" src=\"https:\/\/www.europesays.com\/de\/wp-content\/uploads\/2026\/07\/{\"width\":5672,\"rect\":{\"x\":0,\"y\":295,\"width\":5672,\"height\":3190}}.webp\"   width=\"5672\" height=\"3190\" alt=\"\" class=\"mui-n608sm\" loading=\"lazy\" fetchpriority=\"auto\"\/><\/p>\n<p class=\"MuiTypography-root MuiTypography-body1 mui-1xrky36\">Samstag, 01.08. 16:00 \u2022 Fussball<\/p>\n<p>Fu\u00dfball: Regionalliga, BFC Dynamo \u2013 BSG Chemie Leipzig im LivestreamVerf\u00fcgbar auf Joyn<\/p>\n<p class=\"MuiTypography-root MuiTypography-body1 mui-1ybzvdw\">120 Min<\/p>\n<\/li>\n<li class=\"mui-rsnbhl\"><img decoding=\"async\" src=\"https:\/\/www.europesays.com\/de\/wp-content\/uploads\/2026\/07\/{\"width\":4000,\"rect\":{\"x\":0,\"y\":209,\"width\":4000,\"height\":2250}}.webp\"   width=\"4000\" height=\"2250\" alt=\"\" class=\"mui-n608sm\" loading=\"lazy\" fetchpriority=\"auto\"\/>\n<p class=\"MuiTypography-root MuiTypography-body1 mui-1xrky36\">Freitag, 07.08. 19:50 \u2022 Fussball<\/p>\n<p>2. Bundesliga, Er\u00f6ffnungsspiel: VfL Bochum-Hertha BSC im LivestreamVerf\u00fcgbar auf Joyn<\/p>\n<p class=\"MuiTypography-root MuiTypography-body1 mui-1ybzvdw\">190 Min<\/p>\n<p>Aktionsmen\u00fc \u00f6ffnen<img decoding=\"async\" src=\"https:\/\/www.europesays.com\/de\/wp-content\/uploads\/2026\/07\/{\"width\":4000,\"rect\":{\"x\":0,\"y\":209,\"width\":4000,\"height\":2250}}.webp\"   width=\"4000\" height=\"2250\" alt=\"\" class=\"mui-n608sm\" loading=\"lazy\" fetchpriority=\"auto\"\/><\/p>\n<p class=\"MuiTypography-root MuiTypography-body1 mui-1xrky36\">Freitag, 07.08. 19:50 \u2022 Fussball<\/p>\n<p>2. Bundesliga, Er\u00f6ffnungsspiel: VfL Bochum-Hertha BSC im LivestreamVerf\u00fcgbar auf Joyn<\/p>\n<p class=\"MuiTypography-root MuiTypography-body1 mui-1ybzvdw\">190 Min<\/p>\n<\/li>\n<li hidden=\"\" aria-hidden=\"true\" class=\"mui-rsnbhl\"><img decoding=\"async\" src=\"https:\/\/www.europesays.com\/de\/wp-content\/uploads\/2026\/04\/{\"width\":5000,\"rect\":{\"x\":0,\"y\":13,\"width\":5000,\"height\":2812}}.webp\"   width=\"5000\" height=\"2812\" alt=\"\" class=\"mui-n608sm\" loading=\"lazy\" fetchpriority=\"auto\"\/>\n<p class=\"MuiTypography-root MuiTypography-body1 mui-1xrky36\">Samstag, 08.08. 18:00 \u2022 Fussball<\/p>\n<p>Sportschau im LivestreamVerf\u00fcgbar auf Joyn<\/p>\n<p class=\"MuiTypography-root MuiTypography-body1 mui-1ybzvdw\">55 Min<\/p>\n<p>Aktionsmen\u00fc \u00f6ffnen<img decoding=\"async\" src=\"https:\/\/www.europesays.com\/de\/wp-content\/uploads\/2026\/04\/{\"width\":5000,\"rect\":{\"x\":0,\"y\":13,\"width\":5000,\"height\":2812}}.webp\"   width=\"5000\" height=\"2812\" alt=\"\" class=\"mui-n608sm\" loading=\"lazy\" fetchpriority=\"auto\"\/><\/p>\n<p class=\"MuiTypography-root MuiTypography-body1 mui-1xrky36\">Samstag, 08.08. 18:00 \u2022 Fussball<\/p>\n<p>Sportschau im LivestreamVerf\u00fcgbar auf Joyn<\/p>\n<p class=\"MuiTypography-root MuiTypography-body1 mui-1ybzvdw\">55 Min<\/p>\n<\/li>\n<\/ul>\n<p class=\"MuiTypography-root MuiTypography-body1 mui-1pymq60\" data-testid=\"paragraph\">Tavolieri hatte zuvor berichtet, dass Al Hilal bereit sei, dem Fl\u00fcgelst\u00fcrmer ein Gehalt von rund 25 Millionen Euro netto pro Saison anzubieten.<\/p>\n<p class=\"MuiTypography-root MuiTypography-body1 mui-1pymq60\" data-testid=\"paragraph\">Die Verhandlungen zwischen dem Verein und Diaz sollen bereits begonnen haben. Besonders spannend dabei: Die Verhandlungen soll Richard Hughes f\u00fchren.<\/p>\n<p class=\"MuiTypography-root MuiTypography-body1 mui-1pymq60\" data-testid=\"paragraph\">Der Schotte ist derzeit eigentlich noch Sportdirektor des <a class=\"MuiTypography-root MuiTypography-inherit MuiLink-root MuiLink-underlineAlways mui-1bbqssm\" tabindex=\"0\" href=\"https:\/\/ran.joyn.de\/sports\/teams\/te1226-liverpool-fc\" rel=\"nofollow noopener\" target=\"_blank\">FC Liverpool<\/a>, allerdings gibt es mehrere Berichte, die darauf hindeuten, dass er das Amt nach dem Transferfenster niederlegen und zu Al Hilal wechseln wird.<\/p>\n<p class=\"MuiTypography-root MuiTypography-body1 mui-1hq5oao\">Externer Inhalt<\/p>\n<p class=\"MuiTypography-root MuiTypography-body1 mui-1pymq60\">Dieser Inhalt stammt von externen Anbietern wie Facebook, Instagram oder Youtube.<\/p>\n<p class=\"MuiTypography-root MuiTypography-body1 mui-1pymq60\">Aktiviere bitte Personalisierte Anzeigen und Inhalte sowie Anbieter au\u00dferhalb des CMP Standards, um diese Inhalte anzuzeigen.<\/p>\n<p>Privatsph\u00e4re-EinstellungenWeitere Fu\u00dfball-VideosAl Hilal soll wohl Transferbudget von 300 Millionen Euro zur Verf\u00fcgung stehen haben<\/p>\n<p class=\"MuiTypography-root MuiTypography-body1 mui-1pymq60\" data-testid=\"paragraph\">Tavolieri hatte berichtet, dass noch keine Gespr\u00e4che zwischen dem Vizemeister der Saudi Pro League und dem FC Bayern stattfinden. Dies w\u00e4re erst im Falle einer Einigung mit Diaz angedacht.<\/p>\n<p class=\"MuiTypography-root MuiTypography-body1 mui-1pymq60\" data-testid=\"paragraph\">Weiter hei\u00dft es, dass der saudische Klub in diesem Transferfenster ein Budget von 350 Millionen US-Dollar (rund 307 Millionen Euro) zur Verf\u00fcgung haben soll und bereit w\u00e4re, zwischen 120 und 150 Millionen US-Dollar (105 bis 130 Millionen Euro) f\u00fcr die Verpflichtung des 29-J\u00e4hrigen zu bieten. Dies w\u00e4re eine andere Gr\u00f6\u00dfenordnung als die gut 70 Millionen Euro, von denen die &#8222;L&#8217;\u00c9quipe&#8220; als m\u00f6gliches Einstiegsgebot berichtet.<\/p>\n<p class=\"MuiTypography-root MuiTypography-body1 mui-1pymq60\" data-testid=\"paragraph\">Der Verein hat gerade erst den Niederl\u00e4nder Crysencio Summerville f\u00fcr rund 64,5 Millionen Euro vom Premier-League-Absteiger <a class=\"MuiTypography-root MuiTypography-inherit MuiLink-root MuiLink-underlineAlways mui-1bbqssm\" tabindex=\"0\" href=\"https:\/\/ran.joyn.de\/sports\/teams\/te2137-west-ham-united\" rel=\"nofollow noopener\" target=\"_blank\">West Ham United<\/a> verpflichtet. Die Summe k\u00f6nnte durch Bonuszahlungen sogar noch auf 76 Millionen Euro steigen.<\/p>\n<p class=\"MuiTypography-root MuiTypography-body1 mui-1pymq60\" data-testid=\"paragraph\">Neben ihm spielen unter anderem Stars wie Kalidou Koulibaly, Theo Hernandez, Ruben Neves oder Karim Benzema beim Klub in Riad.<\/p>\n<p class=\"MuiTypography-root MuiTypography-body1 mui-1pymq60\" data-testid=\"paragraph\">Auch interessant: <a class=\"MuiTypography-root MuiTypography-inherit MuiLink-root MuiLink-underlineAlways mui-1bbqssm\" tabindex=\"0\" href=\"https:\/\/ran.joyn.de\/sports\/fussball\/bundesliga\/fc-bayern-muenchen-michael-olise-vor-transfer-real-madrid-hat-wohl-entscheidung-getroffen-160334\" rel=\"nofollow noopener\" target=\"_blank\">FC Bayern: Michael Olise vor Transfer? Real Madrid legt sich offenbar fest<\/a><\/p>\n<p>Dir gefallen ran-News?Weitere Bundesliga-News<\/p>\n","protected":false},"excerpt":{"rendered":"ran Fu\u00dfball Bundesliga FC Bayern: Davies feiert geheime Hochzeit in Paris Videoclip \u2022 01:05 Min Seit Monaten gibt&hellip;\n","protected":false},"author":2,"featured_media":1198084,"comment_status":"","ping_status":"","sticky":false,"template":"","format":"standard","meta":{"footnotes":"","_share_on_mastodon":"0"},"categories":[1827],"tags":[60201,772,299,29,458,347,30,235,73410,1268,249945,4769,265,5421],"class_list":["post-1198083","post","type-post","status-publish","format-standard","has-post-thumbnail","category-muenchen","tag-al-hilal","tag-bayern","tag-bundesliga","tag-deutschland","tag-fc-bayern-muenchen","tag-fussball","tag-germany","tag-geruecht","tag-luis-diaz","tag-muenchen","tag-richard-hughes","tag-saudi-arabien","tag-sport","tag-wechsel"],"share_on_mastodon":{"url":"https:\/\/pubeurope.com\/@de\/116996062510845949","error":""},"_links":{"self":[{"href":"https:\/\/www.europesays.com\/de\/wp-json\/wp\/v2\/posts\/1198083","targetHints":{"allow":["GET"]}}],"collection":[{"href":"https:\/\/www.europesays.com\/de\/wp-json\/wp\/v2\/posts"}],"about":[{"href":"https:\/\/www.europesays.com\/de\/wp-json\/wp\/v2\/types\/post"}],"author":[{"embeddable":true,"href":"https:\/\/www.europesays.com\/de\/wp-json\/wp\/v2\/users\/2"}],"replies":[{"embeddable":true,"href":"https:\/\/www.europesays.com\/de\/wp-json\/wp\/v2\/comments?post=1198083"}],"version-history":[{"count":0,"href":"https:\/\/www.europesays.com\/de\/wp-json\/wp\/v2\/posts\/1198083\/revisions"}],"wp:featuredmedia":[{"embeddable":true,"href":"https:\/\/www.europesays.com\/de\/wp-json\/wp\/v2\/media\/1198084"}],"wp:attachment":[{"href":"https:\/\/www.europesays.com\/de\/wp-json\/wp\/v2\/media?parent=1198083"}],"wp:term":[{"taxonomy":"category","embeddable":true,"href":"https:\/\/www.europesays.com\/de\/wp-json\/wp\/v2\/categories?post=1198083"},{"taxonomy":"post_tag","embeddable":true,"href":"https:\/\/www.europesays.com\/de\/wp-json\/wp\/v2\/tags?post=1198083"}],"curies":[{"name":"wp","href":"https:\/\/api.w.org\/{rel}","templated":true}]}}