{"id":1198129,"date":"2026-07-28T06:26:18","date_gmt":"2026-07-28T06:26:18","guid":{"rendered":"https:\/\/www.europesays.com\/de\/1198129\/"},"modified":"2026-07-28T06:26:18","modified_gmt":"2026-07-28T06:26:18","slug":"hza-ki-54-kilogramm-kath-in-reisekoffern-zoll-stoppt-mutmasslichen-drogentransport","status":"publish","type":"post","link":"https:\/\/www.europesays.com\/de\/1198129\/","title":{"rendered":"HZA-KI: 54 Kilogramm Kath in Reisekoffern &#8211; Zoll stoppt mutma\u00dflichen Drogentransport &#8230;"},"content":{"rendered":"<p class=\"date\">28.07.2026 \u2013 07:52<\/p>\n<p class=\"customer\">\n                        <a class=\"story-customer\" title=\"weiter zum newsroom von Hauptzollamt Kiel\" href=\"https:\/\/www.presseportal.de\/blaulicht\/nr\/121233\" rel=\"nofollow noopener\" target=\"_blank\">Hauptzollamt Kiel<\/a>\n                    <\/p>\n<p><a class=\"glightbox event-trigger\" href=\"https:\/\/cache.pressmailing.net\/thumbnail\/story_hires\/46be2404-4f6e-49d7-95ae-afc8a79318be\/Zoll_Arm.jpg.jpg\" data-description=\"Symbolbild zu Kathaufgriff&#010;Quelle. Hauptzollamt Kiel\" data-category=\"medialightbox\" data-action=\"click\" data-label=\"single\" data-value=\"6a684383270000fd2c74b02b\" rel=\"nofollow noopener\" target=\"_blank\"><img decoding=\"async\" height=\"540\" with=\"720\" src=\"https:\/\/www.europesays.com\/de\/wp-content\/uploads\/2026\/07\/hza-ki-54-kilogramm-kath-in-reisekoffern-zoll-stoppt-mutma-lichen-drogentransport-nach-d-nemark.jpeg\"   alt=\"HZA-KI: 54 Kilogramm Kath in Reisekoffern - Zoll stoppt mutma\u00dflichen Drogentransport nach D\u00e4nemark\" class=\"single\"\/><\/a><\/p>\n<p><a data-category=\"citylink-story-view\" data-action=\"click\" data-label=\"Citylink in Meldungsansicht\" class=\"story-city event-trigger\" href=\"https:\/\/www.presseportal.de\/regional\/Kiel%2C%20Bad%20Bramstedt%2C%20Neum%FCnste%2C%20Offenbach%2C%2C%20Schleswig-Holstein\" title=\"News aus Kiel, Bad Bramstedt, Neum\u00fcnste, Offenbach,, Schleswig-Holstein \" rel=\"nofollow noopener\" target=\"_blank\">Kiel, Bad Bramstedt, Neum\u00fcnste, Offenbach,, Schleswig-Holstein<\/a> (ots)<\/p>\n<p>Einsatzkr\u00e4fte des Hauptzollamts Kiel haben in der Nacht zum 25. Juli 2026 bei einer Kontrolle auf dem Rastplatz Brokenlande an der A7 rund 54 Kilogramm frisches Kath sichergestellt.<\/p>\n<p>Das Bet\u00e4ubungsmittel befand sich in zwei Reisekoffern im Kofferraum eines Pkw mit deutschem Kennzeichen. Gegen den 25-j\u00e4hrigen eritreischen Fahrer wurde ein Ermittlungsverfahren eingeleitet.<\/p>\n<p>Die Z\u00f6llnerinnen und Z\u00f6llner kontrollierten den Pkw gegen 0:30 Uhr im Rahmen einer zollrechtlichen Kontrolle. Der Fahrer gab an, von Offenbach nach D\u00e4nemark unterwegs zu sein. Auf Nachfrage erkl\u00e4rte er, keine verbotenen oder steuerpflichtigen Waren mitzuf\u00fchren.<\/p>\n<p>Bei der anschlie\u00dfenden Kontrolle des Fahrzeugs entdeckten die Einsatzkr\u00e4fte im Kofferraum zwei Reisekoffer, in denen sich frisches Kath sowie mehrere K\u00fchlpacks befanden. Die Verwiegung ergab ein Bruttogewicht von rund 54 Kilogramm.<\/p>\n<p>Der Fahrer gab nach seiner Belehrung an, die beiden Koffer von einem Bekannten in Offenbach erhalten zu haben. Er habe den Auftrag gehabt, diese nach D\u00e4nemark zu bringen. Die Koffer mit den Drogen wurden sichergestellt.<\/p>\n<p>&#8222;Das Kath wurde zwischenzeitlich vernichtet. Damit ist sichergestellt, dass die Drogen nicht mehr in Umlauf geraten k\u00f6nnen&#8220;, so Gabriele Oder, Sprecherin des Hauptzollamts Kiel.<\/p>\n<p>Die weiteren Ermittlungen f\u00fchrt das Hauptzollamt Kiel im Auftrag der Staatsanwaltschaft Kiel.<\/p>\n<p>Zusatzinformation<\/p>\n<p>Kath ist eine vor allem in Ostafrika und auf der Arabischen Halbinsel verbreitete Pflanze. Die frischen Bl\u00e4tter enthalten die berauschenden Wirkstoffe Cathinon und Cathin und unterliegen in Deutschland den Vorschriften des Bet\u00e4ubungsmittelrechts. Da die Wirkstoffe bereits nach kurzer Zeit an Wirkung verlieren, wird Kath h\u00e4ufig frisch und gek\u00fchlt transportiert.<\/p>\n<p class=\"contact-headline\">R\u00fcckfragen bitte an:<\/p>\n<p class=\"contact-text\">Hauptzollamt Kiel<br \/>Gabriele Oder<br \/>Telefon: 0431-20083-1106<br \/>Mobil: 016091162783<br \/>E-Mail: <a href=\"https:\/\/www.presseportal.de\/blaulicht\/pm\/121233\/mailto:presse.hza-kiel@zoll.bund.de\" class=\"uri-mailto\" rel=\"nofollow noopener\" target=\"_blank\">presse.hza-kiel@zoll.bund.de<\/a><br \/><a target=\"_blank\" class=\"uri-ext outbound\" rel=\"noopener nofollow\" href=\"https:\/\/www.zoll.de\">www.zoll.de<\/a><\/p>\n<p class=\"originator\">Original-Content von: Hauptzollamt Kiel, \u00fcbermittelt durch news aktuell<\/p>\n","protected":false},"excerpt":{"rendered":"28.07.2026 \u2013 07:52 Hauptzollamt Kiel Kiel, Bad Bramstedt, Neum\u00fcnste, Offenbach,, Schleswig-Holstein (ots) Einsatzkr\u00e4fte des Hauptzollamts Kiel haben in&hellip;\n","protected":false},"author":2,"featured_media":1198130,"comment_status":"","ping_status":"","sticky":false,"template":"","format":"standard","meta":{"footnotes":"","_share_on_mastodon":"0"},"categories":[1852],"tags":[4571,3364,29,548,663,3934,30,13,4949,177,14,15,178,180,179,181,12,1971,17990,615],"class_list":["post-1198129","post","type-post","status-publish","format-standard","has-post-thumbnail","category-kiel","tag-rauschgift","tag-de","tag-deutschland","tag-eu","tag-europa","tag-europe","tag-germany","tag-headlines","tag-kiel","tag-kriminalitt","tag-nachrichten","tag-news","tag-presse","tag-pressemeldung","tag-pressemitteilung","tag-pressemitteilungen","tag-schlagzeilen","tag-schleswig-holstein","tag-sh","tag-zoll"],"share_on_mastodon":{"url":"https:\/\/pubeurope.com\/@de\/116996184033308250","error":""},"_links":{"self":[{"href":"https:\/\/www.europesays.com\/de\/wp-json\/wp\/v2\/posts\/1198129","targetHints":{"allow":["GET"]}}],"collection":[{"href":"https:\/\/www.europesays.com\/de\/wp-json\/wp\/v2\/posts"}],"about":[{"href":"https:\/\/www.europesays.com\/de\/wp-json\/wp\/v2\/types\/post"}],"author":[{"embeddable":true,"href":"https:\/\/www.europesays.com\/de\/wp-json\/wp\/v2\/users\/2"}],"replies":[{"embeddable":true,"href":"https:\/\/www.europesays.com\/de\/wp-json\/wp\/v2\/comments?post=1198129"}],"version-history":[{"count":0,"href":"https:\/\/www.europesays.com\/de\/wp-json\/wp\/v2\/posts\/1198129\/revisions"}],"wp:featuredmedia":[{"embeddable":true,"href":"https:\/\/www.europesays.com\/de\/wp-json\/wp\/v2\/media\/1198130"}],"wp:attachment":[{"href":"https:\/\/www.europesays.com\/de\/wp-json\/wp\/v2\/media?parent=1198129"}],"wp:term":[{"taxonomy":"category","embeddable":true,"href":"https:\/\/www.europesays.com\/de\/wp-json\/wp\/v2\/categories?post=1198129"},{"taxonomy":"post_tag","embeddable":true,"href":"https:\/\/www.europesays.com\/de\/wp-json\/wp\/v2\/tags?post=1198129"}],"curies":[{"name":"wp","href":"https:\/\/api.w.org\/{rel}","templated":true}]}}