{"id":1198131,"date":"2026-07-28T06:27:19","date_gmt":"2026-07-28T06:27:19","guid":{"rendered":"https:\/\/www.europesays.com\/de\/1198131\/"},"modified":"2026-07-28T06:27:19","modified_gmt":"2026-07-28T06:27:19","slug":"nach-anschlag-beim-berliner-csd-hunderte-menschen-gedenken-in-chemnitz-der-opfer","status":"publish","type":"post","link":"https:\/\/www.europesays.com\/de\/1198131\/","title":{"rendered":"Nach Anschlag beim Berliner CSD: Hunderte Menschen gedenken in Chemnitz der Opfer"},"content":{"rendered":"<p>Nachdem am Samstag ein grausamer Anschlag beim Berliner CSD ver\u00fcbt wurde, gedachten am Montag viele St\u00e4dte in Deutschland in einer Mahnwache den Opfern. Auch <a href=\"https:\/\/www.blick.de\/thema\/ort\/chemnitz\" title=\"Chemnitz\" class=\"internal-article-link\" data-ct=\"ENTITY\/LOCATION\/CHEMNITZ\" rel=\"nofollow noopener\" target=\"_blank\">Chemnitz<\/a> war dabei.<\/p>\n<p>Am Montagnachmittag fanden sich mehrere hundert Chemnitzerinnen und Chemnitzer am roten Turm zusammen, um den Opfern zu gedenken.<\/p>\n<p>\n\tChemnitzer CSD-Verein organisiert Mahnwache\n\t<\/p>\n<p>Organisiert wurde die Mahnwache am Roten Turm durch den CSD Chemnitz e.V., der unter dem Motto \u201eQueer bleibt! Jetzt erst recht!\u201c auf seinen sozialen Kan\u00e4len zur Teilnahme einlud. Etwa 300 Menschen kamen der Einladung nach.<\/p>\n<p>\n\tFreie Sachsen demonstrieren zeitgleich\n\t<\/p>\n<p>Zeitgleich zog eine Demonstration der als gesichert rechtsextrem eingestuften Partei Freie Sachsen an der Mahnwache vorbei. Einige Teilnehmer der Gedenkveranstaltung versuchten, den Demonstrationszug zu blockieren. Die Polizei verhinderte dies. Weitere Zwischenf\u00e4lle wurden nicht bekannt.<\/p>\n<p>\t<a href=\"https:\/\/www.blick.de\/chemnitz\/baustellen-update-fuer-chemnitz-wo-pendler-ab-montag-mehr-zeit-benoetigen-artikel14346649\" title=\"Baustellen-Update f\u00fcr Chemnitz: Wo Pendler ab Montag mehr Zeit ben\u00f6tigen\" class=\"teaser teaser--side-by-side-desktop-larger\" data-ct=\"ARTICLE\/ADDITIONAL-LINK\/TEASER-1\" rel=\"nofollow noopener\" target=\"_blank\"><\/p>\n<p>\t\t\t\t\t\t\t\t\t        \t\t\t\t<img decoding=\"async\" class=\"media-image teaser__img\" loading=\"lazy\" fetchpriority=\"auto\" src=\"https:\/\/www.europesays.com\/de\/wp-content\/uploads\/2026\/07\/19257256_W360C2040x1360o0x0.jpg\" alt=\"Baustellen-Update f\u00fcr Chemnitz: Wo Pendler ab Montag mehr Zeit ben\u00f6tigen - Kommende Woche werden Pendler durch weitere Baustellen ausgebremst.\"   style=\"&#10;&#9;&#9;&#9;aspect-ratio:2040\/1360;&#10;&#9;&#9;&#9;background: url(data:image\/jpg;base64,\/9j\/2wBDAAUDBAQEAwUEBAQFBQUGBwwIBwcHBw8LCwkMEQ8SEhEPERETFhwXExQaFRERGCEYGh0dHx8fExciJCIeJBweHx7\/2wBDAQUFBQcGBw4ICA4eFBEUHh4eHh4eHh4eHh4eHh4eHh4eHh4eHh4eHh4eHh4eHh4eHh4eHh4eHh4eHh4eHh4eHh7\/wAARCAAHAAoDASIAAhEBAxEB\/8QAHwAAAQUBAQEBAQEAAAAAAAAAAAECAwQFBgcICQoL\/8QAtRAAAgEDAwIEAwUFBAQAAAF9AQIDAAQRBRIhMUEGE1FhByJxFDKBkaEII0KxwRVS0fAkM2JyggkKFhcYGRolJicoKSo0NTY3ODk6Q0RFRkdISUpTVFVWV1hZWmNkZWZnaGlqc3R1dnd4eXqDhIWGh4iJipKTlJWWl5iZmqKjpKWmp6ipqrKztLW2t7i5usLDxMXGx8jJytLT1NXW19jZ2uHi4+Tl5ufo6erx8vP09fb3+Pn6\/8QAHwEAAwEBAQEBAQEBAQAAAAAAAAECAwQFBgcICQoL\/8QAtREAAgECBAQDBAcFBAQAAQJ3AAECAxEEBSExBhJBUQdhcRMiMoEIFEKRobHBCSMzUvAVYnLRChYkNOEl8RcYGRomJygpKjU2Nzg5OkNERUZHSElKU1RVVldYWVpjZGVmZ2hpanN0dXZ3eHl6goOEhYaHiImKkpOUlZaXmJmaoqOkpaanqKmqsrO0tba3uLm6wsPExcbHyMnK0tPU1dbX2Nna4uPk5ebn6Onq8vP09fb3+Pn6\/9oADAMBAAIRAxEAPwDK1zxVo2qeJPDWtXUUi3tgF844LR3CruKgpwFwzZ464xXSReNMxIZdc11nKgsVljUE9yB5fH0oorncdW7v72bq1krL7j\/\/2Q==) no-repeat left top; background-size: cover;&#9;&#9;&#9;width: 100%;&#9;&#9;\"\/><\/p>\n<p>Chemnitz<\/p>\n<p>\t\t\t\t\t\tBaustellen-Update f\u00fcr Chemnitz: Wo Pendler ab Montag mehr Zeit ben\u00f6tigen<\/p>\n<p class=\"teaser__text\">Von Einsiedel bis Wittgensdorf: In Chemnitz starten ab dem 27. Juli zahlreiche neue Sperrungen und Umleitungen.<\/p>\n<p>\t<\/a><\/p>\n<p>\t<a href=\"https:\/\/www.blick.de\/leipzig\/mit-lkw-kollidiert-motorradfahrer-stirbt-bei-unfall-in-grosspoesna-artikel14349338\" title=\"Mit LKW kollidiert: Motorradfahrer stirbt bei Unfall in Gro\u00dfp\u00f6sna\" class=\"teaser teaser--side-by-side-desktop-larger\" data-ct=\"ARTICLE\/ADDITIONAL-LINK\/TEASER-2\" rel=\"nofollow noopener\" target=\"_blank\"><\/p>\n<p>\t\t\t\t\t\t\t\t\t        \t\t\t\t<img decoding=\"async\" class=\"media-image teaser__img\" loading=\"lazy\" fetchpriority=\"auto\" src=\"https:\/\/www.europesays.com\/de\/wp-content\/uploads\/2026\/07\/19273921_W360C2048x1365o0x0.jpg\" alt=\"Mit LKW kollidiert: Motorradfahrer stirbt bei Unfall in Gro\u00dfp\u00f6sna - Wie es zu dem Unfall kam, ist Gegenstand der Ermittlungen. (Symbolbild)\"   style=\"&#10;&#9;&#9;&#9;aspect-ratio:2048\/1365;&#10;&#9;&#9;&#9;background: url(data:image\/jpg;base64,\/9j\/2wBDAAUDBAQEAwUEBAQFBQUGBwwIBwcHBw8LCwkMEQ8SEhEPERETFhwXExQaFRERGCEYGh0dHx8fExciJCIeJBweHx7\/2wBDAQUFBQcGBw4ICA4eFBEUHh4eHh4eHh4eHh4eHh4eHh4eHh4eHh4eHh4eHh4eHh4eHh4eHh4eHh4eHh4eHh4eHh7\/wAARCAAHAAoDASIAAhEBAxEB\/8QAHwAAAQUBAQEBAQEAAAAAAAAAAAECAwQFBgcICQoL\/8QAtRAAAgEDAwIEAwUFBAQAAAF9AQIDAAQRBRIhMUEGE1FhByJxFDKBkaEII0KxwRVS0fAkM2JyggkKFhcYGRolJicoKSo0NTY3ODk6Q0RFRkdISUpTVFVWV1hZWmNkZWZnaGlqc3R1dnd4eXqDhIWGh4iJipKTlJWWl5iZmqKjpKWmp6ipqrKztLW2t7i5usLDxMXGx8jJytLT1NXW19jZ2uHi4+Tl5ufo6erx8vP09fb3+Pn6\/8QAHwEAAwEBAQEBAQEBAQAAAAAAAAECAwQFBgcICQoL\/8QAtREAAgECBAQDBAcFBAQAAQJ3AAECAxEEBSExBhJBUQdhcRMiMoEIFEKRobHBCSMzUvAVYnLRChYkNOEl8RcYGRomJygpKjU2Nzg5OkNERUZHSElKU1RVVldYWVpjZGVmZ2hpanN0dXZ3eHl6goOEhYaHiImKkpOUlZaXmJmaoqOkpaanqKmqsrO0tba3uLm6wsPExcbHyMnK0tPU1dbX2Nna4uPk5ebn6Onq8vP09fb3+Pn6\/9oADAMBAAIRAxEAPwClJFqEiQi3NsiFv3ofcRtHp05q6VXPKDPeiiv0iEOVt3bufIOV0lY\/\/9k=) no-repeat left top; background-size: cover;&#9;&#9;&#9;width: 100%;&#9;&#9;\"\/><\/p>\n<p>Leipzig<\/p>\n<p>\t\t\t\t\t\tMit LKW kollidiert: Motorradfahrer stirbt bei Unfall in Gro\u00dfp\u00f6sna<\/p>\n<p class=\"teaser__text\">In Gro\u00dfp\u00f6sna sto\u00dfen ein Motorrad und ein Lkw zusammen. Ein Rettungshubschrauber wird gerufen &#8211; aber f\u00fcr den Motorradfahrer kommt die Hilfe zu sp\u00e4t.<\/p>\n<p>\t<\/a><\/p>\n<p>\t<a href=\"https:\/\/www.blick.de\/sachsen\/sachsen-ordnet-trauerbeflaggung-nach-anschlag-auf-berliner-csd-an-artikel14348628\" title=\"Sachsen ordnet Trauerbeflaggung nach Anschlag auf Berliner CSD an\" class=\"teaser teaser--side-by-side-desktop-larger\" data-ct=\"ARTICLE\/ADDITIONAL-LINK\/TEASER-3\" rel=\"nofollow noopener\" target=\"_blank\"><\/p>\n<p>\t\t\t\t\t\t\t\t\t        \t\t\t\t<img decoding=\"async\" class=\"media-image teaser__img\" loading=\"lazy\" fetchpriority=\"auto\" src=\"https:\/\/www.europesays.com\/de\/wp-content\/uploads\/2026\/07\/19270066_W360C2040x1360o0x0.jpg\" alt=\"Sachsen ordnet Trauerbeflaggung nach Anschlag auf Berliner CSD an - Symbolbild.\"   style=\"&#10;&#9;&#9;&#9;aspect-ratio:2040\/1360;&#10;&#9;&#9;&#9;background: url(data:image\/jpg;base64,\/9j\/2wBDAAUDBAQEAwUEBAQFBQUGBwwIBwcHBw8LCwkMEQ8SEhEPERETFhwXExQaFRERGCEYGh0dHx8fExciJCIeJBweHx7\/2wBDAQUFBQcGBw4ICA4eFBEUHh4eHh4eHh4eHh4eHh4eHh4eHh4eHh4eHh4eHh4eHh4eHh4eHh4eHh4eHh4eHh4eHh7\/wAARCAAHAAoDASIAAhEBAxEB\/8QAHwAAAQUBAQEBAQEAAAAAAAAAAAECAwQFBgcICQoL\/8QAtRAAAgEDAwIEAwUFBAQAAAF9AQIDAAQRBRIhMUEGE1FhByJxFDKBkaEII0KxwRVS0fAkM2JyggkKFhcYGRolJicoKSo0NTY3ODk6Q0RFRkdISUpTVFVWV1hZWmNkZWZnaGlqc3R1dnd4eXqDhIWGh4iJipKTlJWWl5iZmqKjpKWmp6ipqrKztLW2t7i5usLDxMXGx8jJytLT1NXW19jZ2uHi4+Tl5ufo6erx8vP09fb3+Pn6\/8QAHwEAAwEBAQEBAQEBAQAAAAAAAAECAwQFBgcICQoL\/8QAtREAAgECBAQDBAcFBAQAAQJ3AAECAxEEBSExBhJBUQdhcRMiMoEIFEKRobHBCSMzUvAVYnLRChYkNOEl8RcYGRomJygpKjU2Nzg5OkNERUZHSElKU1RVVldYWVpjZGVmZ2hpanN0dXZ3eHl6goOEhYaHiImKkpOUlZaXmJmaoqOkpaanqKmqsrO0tba3uLm6wsPExcbHyMnK0tPU1dbX2Nna4uPk5ebn6Onq8vP09fb3+Pn6\/9oADAMBAAIRAxEAPwDH8QX8ln4ptvDE15P5lzJJCkgyfMKn5l6\/KTjr\/tV6hB8I\/FckKP8AaLEblBwbpgensuKKK+kxOYVqNSSj\/WiPCpYaE4pv+tWf\/9k=) no-repeat left top; background-size: cover;&#9;&#9;&#9;width: 100%;&#9;&#9;\"\/><\/p>\n<p>Sachsen<\/p>\n<p>\t\t\t\t\t\tSachsen ordnet Trauerbeflaggung nach Anschlag auf Berliner CSD an<\/p>\n<p class=\"teaser__text\">Der Freistaat setzt ein sichtbares Zeichen der Anteilnahme: An diesem Montag wehen die Flaggen an allen Dienstgeb\u00e4uden auf Halbmast.<\/p>\n<p>\t<\/a><\/p>\n<p>\n\t\t\t<a class=\"link\" href=\"http:\/\/www.blick.de\/cdn-cgi\/l\/email-protection#b8d3d7d6ccd9d3ccf8dad4d1dbd396dcdd87cbcddad2dddbcc85f0d1d6cfddd1cb9d8a88c2cdd59d8a88f9caccd1d3ddd49d8a88f6d9dbd09d8a88f9d6cbdbd0d4d9df9d8a88daddd1d59d8a88faddcad4d1d6ddca9d8a88fbebfc9d8bf99d8a88f0cdd6dcddcaccdd9d8a88f5ddd6cbdbd0ddd69d8a88dfdddcddd6d3ddd69d8a88d1d69d8a88fbd0ddd5d6d1ccc29d8a88dcddca9d8a88f7c8deddca\" data-ct=\"ARTIKEL\/FOOTER\/KORREKTURHINWEIS\" rel=\"nofollow noopener\" target=\"_blank\"><br \/>\n\t\t\t\tHabt ihr eine Meinung zu diesem Artikel oder einen Fehler entdeckt? Dann weist uns gern darauf hin.<br \/>\n\t\t\t<\/a>\n\t\t<\/p>\n","protected":false},"excerpt":{"rendered":"Nachdem am Samstag ein grausamer Anschlag beim Berliner CSD ver\u00fcbt wurde, gedachten am Montag viele St\u00e4dte in Deutschland&hellip;\n","protected":false},"author":2,"featured_media":1198132,"comment_status":"","ping_status":"","sticky":false,"template":"","format":"standard","meta":{"footnotes":"","_share_on_mastodon":"0"},"categories":[1851],"tags":[2770,3364,3388,29,548,663,3934,30,13,14,15,859,12],"class_list":["post-1198131","post","type-post","status-publish","format-standard","has-post-thumbnail","category-chemnitz","tag-chemnitz","tag-de","tag-demos","tag-deutschland","tag-eu","tag-europa","tag-europe","tag-germany","tag-headlines","tag-nachrichten","tag-news","tag-sachsen","tag-schlagzeilen"],"share_on_mastodon":{"url":"https:\/\/pubeurope.com\/@de\/116996190485442660","error":""},"_links":{"self":[{"href":"https:\/\/www.europesays.com\/de\/wp-json\/wp\/v2\/posts\/1198131","targetHints":{"allow":["GET"]}}],"collection":[{"href":"https:\/\/www.europesays.com\/de\/wp-json\/wp\/v2\/posts"}],"about":[{"href":"https:\/\/www.europesays.com\/de\/wp-json\/wp\/v2\/types\/post"}],"author":[{"embeddable":true,"href":"https:\/\/www.europesays.com\/de\/wp-json\/wp\/v2\/users\/2"}],"replies":[{"embeddable":true,"href":"https:\/\/www.europesays.com\/de\/wp-json\/wp\/v2\/comments?post=1198131"}],"version-history":[{"count":0,"href":"https:\/\/www.europesays.com\/de\/wp-json\/wp\/v2\/posts\/1198131\/revisions"}],"wp:featuredmedia":[{"embeddable":true,"href":"https:\/\/www.europesays.com\/de\/wp-json\/wp\/v2\/media\/1198132"}],"wp:attachment":[{"href":"https:\/\/www.europesays.com\/de\/wp-json\/wp\/v2\/media?parent=1198131"}],"wp:term":[{"taxonomy":"category","embeddable":true,"href":"https:\/\/www.europesays.com\/de\/wp-json\/wp\/v2\/categories?post=1198131"},{"taxonomy":"post_tag","embeddable":true,"href":"https:\/\/www.europesays.com\/de\/wp-json\/wp\/v2\/tags?post=1198131"}],"curies":[{"name":"wp","href":"https:\/\/api.w.org\/{rel}","templated":true}]}}