{"id":1198154,"date":"2026-07-28T06:42:17","date_gmt":"2026-07-28T06:42:17","guid":{"rendered":"https:\/\/www.europesays.com\/de\/1198154\/"},"modified":"2026-07-28T06:42:17","modified_gmt":"2026-07-28T06:42:17","slug":"new-york-us-open-zverev-spielt-im-mixed-mit-amerikanerin","status":"publish","type":"post","link":"https:\/\/www.europesays.com\/de\/1198154\/","title":{"rendered":"New York | US Open: Zverev spielt im Mixed mit Amerikanerin"},"content":{"rendered":"<p>New York (dpa) &#8211; Tennisprofi Alexander Zverev startet beim Mixed-Wettbewerb der US Open mit der Amerikanerin Taylor Townsend. Zverev und Townsend stehen auf der Liste der 16 Doppelteams, die rund einen Monat vor Beginn des Grand-Slam-Turniers offiziell von den US Open bekanntgegeben wurde.\u00a0<\/p>\n<p>Mit Townsend tritt Zverev an der Seite einer echten Doppelexpertin an: Die 30-J\u00e4hrige steht in der WTA-Weltrangliste im Doppel auf Position zwei. Wie schon im vergangenen Jahr ist das Teilnehmerfeld des Wettbewerbs prominent besetzt. Besonderes viel Aufmerksamkeit d\u00fcrfte in diesem Jahr auf dem Duo aus der Weltranglistenersten Aryna Sabalenka und dem Rekord-Grand-Slam-Turniersieger Novak Djokovic liegen.\u00a0<\/p>\n<p>Das Doppelturnier wird am 25. und 26. August stattfinden, kurz vor dem Start des Einzelwettbewerbs des Grand-Slam-Turniers am 30. August. Die Spiele werden bis auf das Finale in verk\u00fcrzten S\u00e4tzen ausgetragen und finden in den gro\u00dfen Stadien statt.\u00a0<\/p>\n<p>Der Mixed-Wettbewerb wird bei den US-Open in diesem Jahr zum zweiten Mal in einem neuen Format veranstaltet. Wegen seines Show-Charakters kam der Wettbewerb vor dem eigentlichen Grand-Slam-Turnier bei seiner Premiere im vergangenen Jahr gut bei den Fans an und sorgte f\u00fcr volle Arenen in New York.<\/p>\n<p>Normalerweise nehmen die Topstars der Szene nicht an den Mixed-Wettbewerben bei Grand-Slam-Turnieren teil, um sich auf das Einzel zu fokussieren. Bei Doppel-Spezialisten hatte das Format deshalb f\u00fcr Kritik gesorgt, da sie weitgehend nicht im Starterfeld ber\u00fccksichtigt worden waren.<\/p>\n<p>Im vergangenen Jahr war Zverev mit der Schweizerin Belinda Bencic angetreten und bereits in der ersten Runde ausgeschieden. Das italienische Duo Sara Errani und Andrea Vavassori, das auch abseits der US Open gemeinsam im Mixed antritt, hatte den Titel in New York gewonnen.<\/p>\n","protected":false},"excerpt":{"rendered":"New York (dpa) &#8211; Tennisprofi Alexander Zverev startet beim Mixed-Wettbewerb der US Open mit der Amerikanerin Taylor Townsend.&hellip;\n","protected":false},"author":2,"featured_media":1198155,"comment_status":"","ping_status":"","sticky":false,"template":"","format":"standard","meta":{"footnotes":"","_share_on_mastodon":"0"},"categories":[1841],"tags":[1605,3364,29,30,1209,4206,64177,64],"class_list":["post-1198154","post","type-post","status-publish","format-standard","has-post-thumbnail","category-bielefeld","tag-bielefeld","tag-de","tag-deutschland","tag-germany","tag-nordrhein-westfalen","tag-tennis","tag-us-open","tag-usa"],"share_on_mastodon":{"url":"https:\/\/pubeurope.com\/@de\/116996246529473597","error":""},"_links":{"self":[{"href":"https:\/\/www.europesays.com\/de\/wp-json\/wp\/v2\/posts\/1198154","targetHints":{"allow":["GET"]}}],"collection":[{"href":"https:\/\/www.europesays.com\/de\/wp-json\/wp\/v2\/posts"}],"about":[{"href":"https:\/\/www.europesays.com\/de\/wp-json\/wp\/v2\/types\/post"}],"author":[{"embeddable":true,"href":"https:\/\/www.europesays.com\/de\/wp-json\/wp\/v2\/users\/2"}],"replies":[{"embeddable":true,"href":"https:\/\/www.europesays.com\/de\/wp-json\/wp\/v2\/comments?post=1198154"}],"version-history":[{"count":0,"href":"https:\/\/www.europesays.com\/de\/wp-json\/wp\/v2\/posts\/1198154\/revisions"}],"wp:featuredmedia":[{"embeddable":true,"href":"https:\/\/www.europesays.com\/de\/wp-json\/wp\/v2\/media\/1198155"}],"wp:attachment":[{"href":"https:\/\/www.europesays.com\/de\/wp-json\/wp\/v2\/media?parent=1198154"}],"wp:term":[{"taxonomy":"category","embeddable":true,"href":"https:\/\/www.europesays.com\/de\/wp-json\/wp\/v2\/categories?post=1198154"},{"taxonomy":"post_tag","embeddable":true,"href":"https:\/\/www.europesays.com\/de\/wp-json\/wp\/v2\/tags?post=1198154"}],"curies":[{"name":"wp","href":"https:\/\/api.w.org\/{rel}","templated":true}]}}