{"id":1198258,"date":"2026-07-28T07:51:18","date_gmt":"2026-07-28T07:51:18","guid":{"rendered":"https:\/\/www.europesays.com\/de\/1198258\/"},"modified":"2026-07-28T07:51:18","modified_gmt":"2026-07-28T07:51:18","slug":"laura-dahlmeier-leiche-wird-niemals-geborgen-mutter-erklaert-warum-ihre-laura-am-berg-bleibt-sport","status":"publish","type":"post","link":"https:\/\/www.europesays.com\/de\/1198258\/","title":{"rendered":"Laura Dahlmeier: Leiche wird niemals geborgen: Mutter erkl\u00e4rt, warum ihre Laura am Berg bleibt | Sport"},"content":{"rendered":"<p><a class=\"skip-content skip-content--link\" href=\"#in-content-skip-link-target-v-0-0\">TTS-Player \u00fcberspringen\u21b5<\/a><a id=\"in-content-skip-link-target-v-0-0\" class=\"skip-content--target-link-hidden skip-content skip-content--target-link\" href=\"#in-content-skip-link-target-v-0-0\">Artikel weiterlesen<\/a><\/p>\n<p data-21134c99=\"0-1684\"><b>Sie bleibt f\u00fcr immer an ihren geliebten Bergen. Die Leiche der <\/b><a href=\"https:\/\/www.bild.de\/themen\/ereignisse\/biathlon\/sport-nachrichten-news-fotos-videos-15888784.bild.html\" class=\"text-link\" rel=\"nofollow noopener\" target=\"_blank\"><b>Biathlon<\/b><\/a><b>-Olympiasiegerin Laura Dahlmeier (\u202031) war nach ihrem dramatischen Kletter-Unfall vor einem Jahr nicht aufzufinden. Dahlmeiers Mutter erkl\u00e4rt, warum ihre Laura am Berg bleibt. <\/b><\/p>\n<p data-21134c99=\"0-1684\">Susi Dahlmeier: \u201eIch glaube, das ist der sch\u00f6nste Friedhof, den es f\u00fcr die Laura gibt. Verschmolzen mit dem Herzen der Berge. Das war sie und das ist sie.\u201c Das sagte sie Ende Februar bei der Feier zur Benennung des \u201e<a href=\"https:\/\/www.bild.de\/sport\/mehr-sport\/die-gedenkstaette-von-laura-dahlmeier-in-garmisch-partenkirchen-6a648160166bc12eb54f5a05\" class=\"text-link\" rel=\"nofollow noopener\" target=\"_blank\">Laura-Dahlmeier-Park<\/a>\u201c in Garmisch-Partenkirchen, der Heimat der zweimaligen Olympiasiegerin.<\/p>\n<p><img decoding=\"async\" width=\"992\" height=\"640\" alt=\"Susi Dahlmeier sitzt vor der Umbenennung des Kurparks bei einem Dreh f\u00fcr das ZDF\" loading=\"lazy\" src=\"https:\/\/www.europesays.com\/de\/wp-content\/uploads\/2026\/07\/c557ee7ba3d55c97ee131b894f75402b,77b68336.jpeg\"   class=\"dynamic\"\/><\/p>\n<p class=\"fig__caption__text\">Susi Dahlmeier sitzt vor der Umbenennung des Kurparks bei einem Dreh f\u00fcr das ZDF<\/p>\n<p>Foto: Felix H\u00f6rhager\/dpa<\/p>\n<p>Andreas Dahlmeier: Lauras Leichnam an der Unfallstelle unauffindbar<\/p>\n<p data-21134c99=\"0-1684\">Lauras Vater, Andreas Dahlmeier, sprach im Oktober 2025 erstmals \u00f6ffentlich \u00fcber den Tod seiner Tochter, sagte dem SPIEGEL damals: \u201eWir h\u00e4tten Laura gern nach Hause gebracht. Aber es war nicht m\u00f6glich, sie zu holen. Es war nach dem Unfall zu gef\u00e4hrlich. Als Thomas noch mal an den Laila Peak ging, war sie nicht mehr auffindbar.\u201c Auf Wunsch der Dahlmeier-Eltern hatte Kletter-Star Thomas Huber (59) im September 2025 zusammen mit dem US-Alpinisten Tad McCrea einen Bergungsversuch unternommen.<\/p>\n<p data-21134c99=\"0-1684\">Nun sagt Huber der \u201eDeutschen Presse-Agentur\u201c: \u201eEs f\u00fchlt sich manchmal an, als w\u00e4re es erst gestern gewesen, und sie ist immer noch in unserem Leben, so pr\u00e4sent. Es ist wie so ein Echo, das nachhallt, ihre Stimme und das, was sie gesagt hat. Das sollte allen eigentlich Mut geben, das Leben zu leben.\u201c<\/p>\n<p>Mehr zum Thema<\/p>\n<p data-21134c99=\"0-1684\"><a href=\"https:\/\/www.bild.de\/sport\/mehr-sport\/neue-details-zu-laura-dahlmeiers-tod-zu-gefaehrlich-ich-versuchte-sie-zu-warnen-6a65e567accfea710be810c9\" class=\"text-link\" rel=\"nofollow noopener\" target=\"_blank\">Dahlmeier<\/a> war am 28. Juli 2025 bei einem Kletterunfall am Laila Peak im pakistanischen Karakorum-Gebirge ums Leben gekommen, als sie beim Abstieg auf 5700 Metern H\u00f6he von herabst\u00fcrzenden Felsen getroffen wurde und t\u00f6dliche Verletzungen erlitt.<\/p>\n","protected":false},"excerpt":{"rendered":"TTS-Player \u00fcberspringen\u21b5Artikel weiterlesen Sie bleibt f\u00fcr immer an ihren geliebten Bergen. Die Leiche der Biathlon-Olympiasiegerin Laura Dahlmeier (\u202031)&hellip;\n","protected":false},"author":2,"featured_media":1198259,"comment_status":"","ping_status":"","sticky":false,"template":"","format":"standard","meta":{"footnotes":"","_share_on_mastodon":"0"},"categories":[136],"tags":[1263,51915,862,87997,29,30,265,1576,2624,864],"class_list":["post-1198258","post","type-post","status-publish","format-standard","has-post-thumbnail","category-sport","tag-aufmacher-bereich","tag-bergsteigen","tag-biathlon","tag-dahlmeier-laura","tag-deutschland","tag-germany","tag-sport","tag-super-a-teaser","tag-unfaelle","tag-wintersport"],"share_on_mastodon":{"url":"https:\/\/pubeurope.com\/@de\/116996520023614291","error":""},"_links":{"self":[{"href":"https:\/\/www.europesays.com\/de\/wp-json\/wp\/v2\/posts\/1198258","targetHints":{"allow":["GET"]}}],"collection":[{"href":"https:\/\/www.europesays.com\/de\/wp-json\/wp\/v2\/posts"}],"about":[{"href":"https:\/\/www.europesays.com\/de\/wp-json\/wp\/v2\/types\/post"}],"author":[{"embeddable":true,"href":"https:\/\/www.europesays.com\/de\/wp-json\/wp\/v2\/users\/2"}],"replies":[{"embeddable":true,"href":"https:\/\/www.europesays.com\/de\/wp-json\/wp\/v2\/comments?post=1198258"}],"version-history":[{"count":0,"href":"https:\/\/www.europesays.com\/de\/wp-json\/wp\/v2\/posts\/1198258\/revisions"}],"wp:featuredmedia":[{"embeddable":true,"href":"https:\/\/www.europesays.com\/de\/wp-json\/wp\/v2\/media\/1198259"}],"wp:attachment":[{"href":"https:\/\/www.europesays.com\/de\/wp-json\/wp\/v2\/media?parent=1198258"}],"wp:term":[{"taxonomy":"category","embeddable":true,"href":"https:\/\/www.europesays.com\/de\/wp-json\/wp\/v2\/categories?post=1198258"},{"taxonomy":"post_tag","embeddable":true,"href":"https:\/\/www.europesays.com\/de\/wp-json\/wp\/v2\/tags?post=1198258"}],"curies":[{"name":"wp","href":"https:\/\/api.w.org\/{rel}","templated":true}]}}