{"id":1198360,"date":"2026-07-28T08:57:18","date_gmt":"2026-07-28T08:57:18","guid":{"rendered":"https:\/\/www.europesays.com\/de\/1198360\/"},"modified":"2026-07-28T08:57:18","modified_gmt":"2026-07-28T08:57:18","slug":"ikw-umfrage-fake-news-zu-sonnenschutz-die-deutschen-kennen-die-fakten-sind-aber","status":"publish","type":"post","link":"https:\/\/www.europesays.com\/de\/1198360\/","title":{"rendered":"IKW-Umfrage: Fake News zu Sonnenschutz? Die Deutschen kennen die Fakten, sind aber &#8230;"},"content":{"rendered":"<p class=\"date\">28.07.2026 \u2013 10:06<\/p>\n<p class=\"customer\">\n                        <a class=\"story-customer\" title=\"weiter zum newsroom von Industrieverband K\u00f6rperpflege- und Waschmittel e.V. (IKW)\" href=\"https:\/\/www.presseportal.de\/nr\/51480\" rel=\"nofollow noopener\" target=\"_blank\">Industrieverband K\u00f6rperpflege- und Waschmittel e.V. (IKW)<\/a>\n                    <\/p>\n<p><a class=\"glightbox event-trigger\" href=\"https:\/\/cache.pressmailing.net\/thumbnail\/story_hires\/805e8cbd-cac4-4030-a9ed-706cc9f24f2b\/20260706_Grafik_Umfr~nenschutz_final.jpg.jpg\" data-description=\"Mythen im Sonnenschutz: Viele Verbraucherinnen und Verbraucher erkennen Falschinformationen auf Social Media - und vertrauen ihnen trotzdem. \/ Weiterer Text \u00fcber ots und www.presseportal.de\/nr\/51480 \/ Die Verwendung dieses Bildes f\u00fcr redaktionelle Zwecke ist unter Beachtung aller mitgeteilten Nutzungsbedingungen zul\u00e4ssig und dann auch honorarfrei. Ver\u00f6ffentlichung ausschlie\u00dflich mit Bildrechte-Hinweis.\" data-category=\"medialightbox\" data-action=\"click\" data-label=\"single\" data-value=\"6a6860d3270000fd2c751105\" rel=\"nofollow noopener\" target=\"_blank\"><img decoding=\"async\" height=\"540\" with=\"720\" src=\"https:\/\/www.europesays.com\/de\/wp-content\/uploads\/2026\/07\/ikw-umfrage-fake-news-zu-sonnenschutz-die-deutschen-kennen-die-fakten-sind-aber-h-ufig-noch-verunsic.jpeg\"   alt=\"IKW-Umfrage: Fake News zu Sonnenschutz? Die Deutschen kennen die Fakten, sind aber h\u00e4ufig noch verunsichert\" class=\"single\"\/><\/a><\/p>\n<p><a data-category=\"citylink-story-view\" data-action=\"click\" data-label=\"Citylink in Meldungsansicht\" class=\"story-city event-trigger\" href=\"https:\/\/www.presseportal.de\/regional\/Frankfurt\" title=\"News aus Frankfurt \" rel=\"nofollow noopener\" target=\"_blank\">Frankfurt<\/a> (ots)<\/p>\n<p> Es wirkt wie ein Paradoxon: 97 % der Bundesb\u00fcrger wissen, dass einmaliges Eincremen am Tag nicht ausreicht, um die Haut vor der Sonne zu sch\u00fctzen. Aber trotzdem verwenden nur 53 % im Sommer Sonnencreme am Strand oder im Schwimmbad. Wissen die Menschen vielleicht doch nicht so viel \u00fcber Sonnenschutz, wie sie glauben oder warum vergessen viele den UV-Schutz im Alltag? Und wie sehr vertrauen die Deutschen Social Media, wenn es um Sonnenschutz geht? <\/p>\n<p> Die Sommerferien sind gestartet. Das hei\u00dft f\u00fcr Kinder und Erwachsene: viele Sonnenstunden im Freien. Ob am Strand, im Freibad, beim Wandern oder im heimischen Garten &#8211; die UV-Strahlenbelastung f\u00fcr die Haut ist aktuell besonders hoch. Wissen das die Menschen? Sch\u00fctzen sie ihre Haut konsequent beim Aufenthalt im Freien und wie gehen sie im Alltag mit Sonnenschutz f\u00fcr die Haut um? Diese und andere Fragen hat L\u00f6nneker &amp; Imdahl rheingold salon in zwei repr\u00e4sentativen Umfragen im Auftrag des Kompetenzpartners Sch\u00f6nheitspflege im Industrieverband K\u00f6rperpflege- und Waschmittel (IKW) untersucht. Dabei ergibt sich ein bemerkenswertes Bild: Die Menschen in Deutschland wissen gut \u00fcber den Schutz der Haut vor der Sonne Bescheid. Im Alltag setzen sie dieses Wissen aber nicht konsequent um. <\/p>\n<p><b>Die meisten Sonnenschutz-Mythen sind \u00fcberwunden<\/b><\/p>\n<p> Viele klassische Irrt\u00fcmer zum Sonnenschutz sind weitgehend \u00fcberwunden, das macht die repr\u00e4sentative Wissensumfrage mit dem Titel &#8222;Mythen im Sonnenschutz&#8220; aus dem Jahr 2026 deutlich. Nur sechs Prozent der Befragten glauben daran, dass Sonnencreme eine Br\u00e4unung der Haut verhindert. Noch weniger Menschen, n\u00e4mlich nur vier Prozent der an der Umfrage Teilnehmenden denken, dass ein hoher Lichtschutzfaktor den ganzen Tag sch\u00fctzt, dunklere Hauttypen keinen Sonnenschutz ben\u00f6tigen oder dass gebr\u00e4unte Haut ausreichend vor UV-Strahlung sch\u00fctzt. Das zeigt: Die zentralen Botschaften zum richtigen Sonnenschutz der Haut sind bei der Mehrheit der Bev\u00f6lkerung angekommen. <\/p>\n<p><b>Bekannte Regeln und untersch\u00e4tzte Alltagsrisiken<\/b><\/p>\n<p> Ganz verschwunden sind die Fehlvorstellungen trotzdem nicht. So zeigt die Wissensumfrage, dass fast jeder F\u00fcnfte der Befragten (19 %) daran glaubt, dass Sonnenschutz bei bew\u00f6lktem Himmel nicht notwendig sei. Weitere 18 Prozent sind der Auffassung, Sonnenschutz f\u00fcr die Haut werde nur im Sommer oder im Urlaub ben\u00f6tigt. Gerade im Alltag und in den k\u00fchleren Jahreszeiten werden die Risiken der immer pr\u00e4senten UV-Strahlung damit weiterhin von den meisten Menschen untersch\u00e4tzt. <\/p>\n<p><b>Wissen ist da, doch der Alltag sieht anders aus<\/b><\/p>\n<p> Wie gro\u00df die L\u00fccke zwischen Wissen und Verhalten ist, zeigt die repr\u00e4sentative IKW-Verhaltensumfrage zum Thema Sonnenschutz aus dem Jahr 2024. Demnach verwenden lediglich 21 Prozent der Befragten t\u00e4glich und das ganze Jahr \u00fcber Sonnenschutzmittel f\u00fcr die Haut &#8211; etwa bei Aufenthalten im Freien oder in der Mittagspause. Nur etwas mehr als die H\u00e4lfte der Befragten (53 %) greift zu Sonnenschutz, wenn sie sich im Sommer am Strand oder im Schwimmbad aufhalten. Selbst wenn Sonnenschutz f\u00fcr die Haut verwendet wird, fehlt oft die Konsequenz. So geben 46 Prozent der 18- bis 29-J\u00e4hrigen an, das Nachcremen nach dem Schwimmen, Schwitzen oder Abtrocknen h\u00e4ufig zu vergessen. Gleichzeitig berichtet ein Drittel (33 %) der jungen Erwachsenen, im Sommer h\u00e4ufiger einen Sonnenbrand zu haben. <\/p>\n<p><b>Informationsflut auf Social Media statt Orientierung<\/b><\/p>\n<p> Warum die Umsetzung im Alltag h\u00e4ufig schwerf\u00e4llt, darauf k\u00f6nnte die aktuelle Umfrage Hinweise liefern: Nur vier von zehn Befragten informieren sich aktiv \u00fcber Sonnenschutz und UV-Strahlung. Viele sto\u00dfen eher zuf\u00e4llig auf Informationen. Und: Je \u00e4lter die Menschen sind, um so weniger aktiv sind sie. In der Altersgruppe der 50- bis 59-J\u00e4hrigen geben 46 % an, dass sie sich kaum aktiv \u00fcber Sonnenschutzthemen informieren. Social Media wird hingegen vor allem von der j\u00fcngeren Generation genutzt. Bei den unter 30-J\u00e4hrigen geben 33 % an, dass soziale Medien mit zu den zentralen Informationsquellen geh\u00f6ren. Bei den \u00c4lteren (50 bis 59 Jahre) sind es nur 4 %.Trotzdem besteht eine gro\u00dfe Unsicherheit, inwieweit man den Infos auf Social Media vertrauen kann. 82 % geben an, dass die Informationen auf den sozialen Netzwerken oft widerspr\u00fcchlich oder falsch sind. Allerdings sind es auch hier die J\u00fcngeren, die den sozialen Plattformen mehr vertrauen: W\u00e4hrend insgesamt 74 Prozent aller Befragten es schwierig finden zu erkennen, ob die Informationen auf den sozialen Medien verl\u00e4sslich sind, stimmen nur 45 % der J\u00fcngeren dieser Aussage zu. <\/p>\n<p> Wer mehr verl\u00e4ssliche Informationen zu Sonnenschutz sucht: Die Webseite  <a target=\"_blank\" class=\"uri-ext outbound\" rel=\"noopener nofollow\" href=\"http:\/\/www.sonnenschutz-sonnenklar.info\">www.sonnenschutz-sonnenklar.info<\/a> bietet leicht erreichbare, wissenschaftlich fundierte und verst\u00e4ndlich vermittelte Informationen f\u00fcr alle Altersgruppen zum Thema Gefahren der UV-Strahlung und Sonnenschutz der Haut. Unterrichtsmaterialien f\u00fcr die Grundschule sowie die Sekundarstufe I stehen zum kostenlosen Download bereit. Spiele, Flyer, Faktenchecks, Tipps und Tricks laden zur niedrigschwelligen Auseinandersetzung mit dem Thema auch in Gruppen ein. <\/p>\n<p><b>Vom Wissen zum Handeln: Die n\u00e4chste Stufe der Aufkl\u00e4rung<\/b><\/p>\n<p> Die Ergebnisse der Wissensumfrage und der Verhaltensumfrage zum Thema Sonnenschutz der Haut erg\u00e4nzen sich zu einem klaren Gesamtbild: Mangelnde Informationen sind nicht mehr das gr\u00f6\u00dfte Problem. Die eigentliche Herausforderung besteht darin, das vorhandene Wissen zu bewerten, falsche Empfehlungen zu erkennen und richtige Handlungsempfehlungen als Routine in den Alltag zu \u00fcbertragen &#8211; nicht nur im Urlaub oder am Strand, sondern immer dann, wenn die Haut UV-Strahlung ausgesetzt ist. Damit k\u00f6nnen die Gefahren der UV-Strahlung sowie die kurz- und langfristigen gesundheitlichen Auswirkungen auf unsere Haut minimiert und das Hautkrebsrisiko dauerhaft gesenkt werden. <\/p>\n<p> Weitere Informationen rund um das Thema Sonnenschutz gibt es unter:  <a target=\"_blank\" class=\"uri-ext outbound\" rel=\"noopener nofollow\" href=\"https:\/\/ots.de\/MsDs8b\">https:\/\/ots.de\/MsDs8b<\/a> oder unter  <a target=\"_blank\" class=\"uri-ext outbound\" rel=\"noopener nofollow\" href=\"https:\/\/ots.de\/Gnuojq\">https:\/\/ots.de\/Gnuojq<\/a>. <\/p>\n<p><b>Zu den Umfragen<\/b><\/p>\n<p> Die Aussagen zum Wissen \u00fcber Sonnenschutz basieren auf einer repr\u00e4sentativen Online-Befragung &#8222;Sonnenschutz-Mythen&#8220; von 1.000 Personen ab 18 Jahren, die L\u00f6nneker &amp; Imdahl rheingold salon im Mai 2026 im Auftrag des Kompetenzpartners Sch\u00f6nheitspflege im Industrieverband K\u00f6rperpflege- und Waschmittel (IKW) durchgef\u00fchrt hat. Die Aussagen zum Sonnenschutzverhalten stammen aus einer repr\u00e4sentativen Online-Befragung &#8222;Sonnenschutz&#8220; von 1.000 Personen ab 18 Jahren, die L\u00f6nneker &amp; Imdahl rheingold salon im M\u00e4rz 2024 im Auftrag des Kompetenzpartners Sch\u00f6nheitspflege im Industrieverband K\u00f6rperpflege- und Waschmittel (IKW) durchgef\u00fchrt hat. <\/p>\n<p class=\"contact-headline\">Pressekontakt:<\/p>\n<p class=\"contact-text\">Karen Kumposcht<br \/>Bereichsleiterin Kommunikation und IT<br \/>Industrieverband K\u00f6rperpflege- und Waschmittel e. V.<br \/>Mainzer Landstra\u00dfe 55, 60329 Frankfurt am Main<br \/>T +49.69.2556-1331 \/ F +49.69.237631 \/ <a href=\"https:\/\/www.presseportal.de\/pm\/51480\/mailto:kkumposcht@ikw.org\" class=\"uri-mailto\" rel=\"nofollow noopener\" target=\"_blank\">kkumposcht@ikw.org<\/a> \/<br \/><a target=\"_blank\" class=\"uri-ext outbound\" rel=\"noopener nofollow\" href=\"https:\/\/www.linkedin.com\/company\/ikw\">www.linkedin.com\/company\/ikw<\/a><\/p>\n<p class=\"originator\">Original-Content von: Industrieverband K\u00f6rperpflege- und Waschmittel e.V. (IKW), \u00fcbermittelt durch news aktuell<\/p>\n","protected":false},"excerpt":{"rendered":"28.07.2026 \u2013 10:06 Industrieverband K\u00f6rperpflege- und Waschmittel e.V. (IKW) Frankfurt (ots) Es wirkt wie ein Paradoxon: 97 %&hellip;\n","protected":false},"author":2,"featured_media":1198361,"comment_status":"","ping_status":"","sticky":false,"template":"","format":"standard","meta":{"footnotes":"","_share_on_mastodon":"0"},"categories":[1829],"tags":[3477,29,2050,2051,30,141,2052,11062,250022,178,180,179,181,624,28345,38348,4649,11908],"class_list":["post-1198360","post","type-post","status-publish","format-standard","has-post-thumbnail","category-frankfurt-am-main","tag-bild","tag-deutschland","tag-frankfurt","tag-frankfurt-am-main","tag-germany","tag-gesundheit","tag-hessen","tag-kosmetik","tag-mythen-im-sonnenschutz","tag-presse","tag-pressemeldung","tag-pressemitteilung","tag-pressemitteilungen","tag-ratgeber","tag-sonnencreme","tag-sonnenschutz","tag-umfrage","tag-verbnde"],"share_on_mastodon":{"url":"https:\/\/pubeurope.com\/@de\/116996778745079365","error":""},"_links":{"self":[{"href":"https:\/\/www.europesays.com\/de\/wp-json\/wp\/v2\/posts\/1198360","targetHints":{"allow":["GET"]}}],"collection":[{"href":"https:\/\/www.europesays.com\/de\/wp-json\/wp\/v2\/posts"}],"about":[{"href":"https:\/\/www.europesays.com\/de\/wp-json\/wp\/v2\/types\/post"}],"author":[{"embeddable":true,"href":"https:\/\/www.europesays.com\/de\/wp-json\/wp\/v2\/users\/2"}],"replies":[{"embeddable":true,"href":"https:\/\/www.europesays.com\/de\/wp-json\/wp\/v2\/comments?post=1198360"}],"version-history":[{"count":0,"href":"https:\/\/www.europesays.com\/de\/wp-json\/wp\/v2\/posts\/1198360\/revisions"}],"wp:featuredmedia":[{"embeddable":true,"href":"https:\/\/www.europesays.com\/de\/wp-json\/wp\/v2\/media\/1198361"}],"wp:attachment":[{"href":"https:\/\/www.europesays.com\/de\/wp-json\/wp\/v2\/media?parent=1198360"}],"wp:term":[{"taxonomy":"category","embeddable":true,"href":"https:\/\/www.europesays.com\/de\/wp-json\/wp\/v2\/categories?post=1198360"},{"taxonomy":"post_tag","embeddable":true,"href":"https:\/\/www.europesays.com\/de\/wp-json\/wp\/v2\/tags?post=1198360"}],"curies":[{"name":"wp","href":"https:\/\/api.w.org\/{rel}","templated":true}]}}