{"id":1198441,"date":"2026-07-28T09:49:19","date_gmt":"2026-07-28T09:49:19","guid":{"rendered":"https:\/\/www.europesays.com\/de\/1198441\/"},"modified":"2026-07-28T09:49:19","modified_gmt":"2026-07-28T09:49:19","slug":"motorradfahrer-erfasst-fussgaenger-schwerer-unfall-in-wuppertal","status":"publish","type":"post","link":"https:\/\/www.europesays.com\/de\/1198441\/","title":{"rendered":"Motorradfahrer erfasst Fu\u00dfg\u00e4nger: Schwerer Unfall in Wuppertal"},"content":{"rendered":"<p class=\"text_ohne_einzug richtext text-em-55 !leading-serif mx-6 desktop:mx-0\">An der Friedrich-Engels-Allee ist es am Dienstag, 28. Juli, zu einem schweren Verkehrsunfall gekommen. Laut bisherigen Erkenntnissen der Polizei hat ein 31-j\u00e4hriger Motorradfahrer einen 87-j\u00e4hrigen Fu\u00dfg\u00e4nger erfasst. Der Vorfall ereignete sich in H\u00f6he der Stra\u00dfe Farbm\u00fchle. Der genau Unfallhergang ist noch vollkommen unklar.<\/p>\n<p class=\"richtext text-em-55 !leading-serif mx-6 desktop:mx-0\">Der Senior wurde schwer verletzt \u2013 kurzzeitig stand auch Lebensgefahr im Raum. Der Rettungsdienst brachte ihn ins Krankenhaus. In dem Bereich kommt es derzeit zu erheblichen Verkehrseinschr\u00e4nkungen. Der Verkehr in Fahrtrichtung Elberfeld wird \u00fcber Farbm\u00fchle geleitet, in Fahrtrichtung Oberbarmen \u00fcber Kothener Stra\u00dfe. Die Polizei empfiehlt, den Bereich zu umfahren.<\/p>\n","protected":false},"excerpt":{"rendered":"An der Friedrich-Engels-Allee ist es am Dienstag, 28. Juli, zu einem schweren Verkehrsunfall gekommen. Laut bisherigen Erkenntnissen der&hellip;\n","protected":false},"author":2,"featured_media":1198442,"comment_status":"","ping_status":"","sticky":false,"template":"","format":"standard","meta":{"footnotes":"","_share_on_mastodon":"0"},"categories":[1840],"tags":[18412,3364,29,17264,4234,248971,5715,30,3263,6389,1209,3906,14744,4418],"class_list":["post-1198441","post","type-post","status-publish","format-standard","has-post-thumbnail","category-wuppertal","tag-bereich","tag-de","tag-deutschland","tag-erfasst","tag-fahrtrichtung","tag-farbmuehle","tag-fussgaenger","tag-germany","tag-krankenhaus","tag-motorradfahrer","tag-nordrhein-westfalen","tag-rettungsdienst","tag-senior","tag-wuppertal"],"share_on_mastodon":{"url":"","error":""},"_links":{"self":[{"href":"https:\/\/www.europesays.com\/de\/wp-json\/wp\/v2\/posts\/1198441","targetHints":{"allow":["GET"]}}],"collection":[{"href":"https:\/\/www.europesays.com\/de\/wp-json\/wp\/v2\/posts"}],"about":[{"href":"https:\/\/www.europesays.com\/de\/wp-json\/wp\/v2\/types\/post"}],"author":[{"embeddable":true,"href":"https:\/\/www.europesays.com\/de\/wp-json\/wp\/v2\/users\/2"}],"replies":[{"embeddable":true,"href":"https:\/\/www.europesays.com\/de\/wp-json\/wp\/v2\/comments?post=1198441"}],"version-history":[{"count":0,"href":"https:\/\/www.europesays.com\/de\/wp-json\/wp\/v2\/posts\/1198441\/revisions"}],"wp:featuredmedia":[{"embeddable":true,"href":"https:\/\/www.europesays.com\/de\/wp-json\/wp\/v2\/media\/1198442"}],"wp:attachment":[{"href":"https:\/\/www.europesays.com\/de\/wp-json\/wp\/v2\/media?parent=1198441"}],"wp:term":[{"taxonomy":"category","embeddable":true,"href":"https:\/\/www.europesays.com\/de\/wp-json\/wp\/v2\/categories?post=1198441"},{"taxonomy":"post_tag","embeddable":true,"href":"https:\/\/www.europesays.com\/de\/wp-json\/wp\/v2\/tags?post=1198441"}],"curies":[{"name":"wp","href":"https:\/\/api.w.org\/{rel}","templated":true}]}}