{"id":1198692,"date":"2026-07-28T12:27:19","date_gmt":"2026-07-28T12:27:19","guid":{"rendered":"https:\/\/www.europesays.com\/de\/1198692\/"},"modified":"2026-07-28T12:27:19","modified_gmt":"2026-07-28T12:27:19","slug":"abschiebeflug-nach-afghanistan-das-sind-die-brutalen-taeter-aus-dem-flieger-politik","status":"publish","type":"post","link":"https:\/\/www.europesays.com\/de\/1198692\/","title":{"rendered":"Abschiebeflug nach Afghanistan: Das sind die brutalen T\u00e4ter aus dem Flieger | Politik"},"content":{"rendered":"<p><a class=\"skip-content skip-content--link\" href=\"#in-content-skip-link-target-v-0-0\">TTS-Player \u00fcberspringen\u21b5<\/a><a id=\"in-content-skip-link-target-v-0-0\" class=\"skip-content--target-link-hidden skip-content skip-content--target-link\" href=\"#in-content-skip-link-target-v-0-0\">Artikel weiterlesen<\/a><\/p>\n<p data-83f060b9=\"0-2190\">Berlin \u2013 <b>Totschl\u00e4ger, Vergewaltiger und P\u00e4dophile: 30 afghanische Straft\u00e4ter sind endlich raus aus Deutschland! Am Dienstag wurde der n\u00e4chste Abschiebeflug von Leipzig nach Afghanistan durchgef\u00fchrt. Nach BILD-Informationen ist der Charter inzwischen in Kabul gelandet. An Bord: 31 afghanische Staatsangeh\u00f6rige \u2013 davon bis auf einen alle mit einer dicken Strafakte. <\/b><\/p>\n<p data-83f060b9=\"0-2190\">Nach Angaben des Bundesinnenministeriums handelt es sich dabei weit \u00fcberwiegend um schwere und schwerste Straft\u00e4ter. Die Liste der Delikte reicht von Totschlag und versuchtem Mord \u00fcber besonders schweren Raub bis hin zu Vergewaltigung, sexuellem Missbrauch von Kindern und schweren K\u00f6rperverletzungen.<\/p>\n<p><img decoding=\"async\" width=\"992\" height=\"558\" alt=\"Der geplante Charterflug startete in der Nacht auf Dienstag in Richtung Kabul\" loading=\"lazy\" src=\"https:\/\/www.europesays.com\/de\/wp-content\/uploads\/2026\/07\/54f815dc8de03954d22abe95a9634ef3,8dc90593.jpeg\"   class=\"landscape\"\/><\/p>\n<p class=\"fig__caption__text\"> Der geplante Charterflug startete in der Nacht auf Dienstag in Richtung Kabul<\/p>\n<p>Foto: EHL Media<\/p>\n<p data-83f060b9=\"0-2190\">Bereits in der vergangenen Woche waren drei <a href=\"https:\/\/www.bild.de\/news\/ausland\/afghanistan\/thema-afghanistan-alle-infos-80028766.bild.html\" class=\"text-link\" rel=\"nofollow noopener\" target=\"_blank\">afghanische<\/a> Straft\u00e4ter per Einzelr\u00fcckf\u00fchrung abgeschoben worden. Insgesamt wurden in der laufenden Legislaturperiode damit 204 afghanische Staatsangeh\u00f6rige nach Afghanistan zur\u00fcckgef\u00fchrt.<\/p>\n<p>Das sind die afghanischen Straft\u00e4ter<\/p>\n<p data-83f060b9=\"0-2190\">Bild kennt exklusiv die schlimmsten Straft\u00e4ter aus dem Abschiebeflugzeug nach Kabul. Die meisten von ihnen sa\u00dfen wegen schwerster Straftaten in Haft oder Abschiebehaft.<\/p>\n<ul class=\"unordered-list\">\n<li>Nasir R.: versuchter Mord<\/li>\n<li>Bismillan Z.: gef\u00e4hrliche K\u00f6rperverletzung, Vergewaltigung<\/li>\n<li>Zaki M.: gef\u00e4hrliche K\u00f6rperverletzung. Vergewaltigung<\/li>\n<li>Hafiz R.: versuchter Totschlag, Sachbesch\u00e4digung, Hausfriedensbruch, Bedrohung, K\u00f6rperverletzung.<\/li>\n<li>Mohammad Y.: Hehlerei, gef\u00e4hrliche K\u00f6rperverletzung. Geldf\u00e4lschung<\/li>\n<li>Hasrat N.: schwerer Raub, K\u00f6rperverletzung<\/li>\n<li>Mahdi Y.: schwerer sexueller Missbrauch von Kindern<\/li>\n<\/ul>\n<p>Mehr zum Thema<\/p>\n<p data-83f060b9=\"0-2190\">Bundesinnenminister Alexander <a href=\"https:\/\/www.bild.de\/themen\/personen\/alexander-dobrindt\/politik-nachrichten-news-fotos-videos-33876288.bild.html\" class=\"text-link\" rel=\"nofollow noopener\" target=\"_blank\">Dobrindt<\/a> (56, CSU) zu BILD: \u201eAbschiebungen nach Afghanistan werden konsequent fortgesetzt. Wer unsere Sicherheit bedroht, hat in Deutschland keine Bleibeperspektive. Unsere Gesellschaft hat ein klares Interesse daran, dass Straft\u00e4ter unser Land verlassen m\u00fcssen.\u201c Im Abschiebeflug heute habe sich auch ein ausreisepflichtiger afghanischer Staatsangeh\u00f6riger befunden, der keine Verurteilung als Straft\u00e4ter zu verzeichnen hat. Dobrindt: \u201eAbgelehnte Asylbewerber, die ausreisepflichtig sind und nicht freiwillig ausreisen, k\u00f6nnen ebenfalls von Abschiebema\u00dfnahmen umfasst sein.\u201c<\/p>\n<p data-83f060b9=\"0-2190\">Urspr\u00fcnglich waren zwei Personen f\u00fcr den Flug vorgesehen, die nicht wegen Straftaten verurteilt worden waren, erkl\u00e4rte Dobrindt am Nachmittag bei einer Pressekonferenz in Kloster Banz. Letztlich wurde jedoch nur eine von ihnen abgeschoben. Bei dieser Person habe es \u201edeutliche Auff\u00e4lligkeiten\u201c gegeben, so der Innenminister. Dobrindt machte klar: \u201eWer ausreisepflichtig ist, der ist aufgefordert, die Reise in sein Heimatland anzutreten. Wenn er dies nicht tut, kann es auch zu einer Abschiebung kommen.\u201c Dies sei im Koalitionsvertrag vereinbart: \u201eIch will und werde das auch genauso umsetzen.\u201c<\/p>\n<p><img decoding=\"async\" width=\"992\" height=\"558\" alt=\"Goodbye Germany: Aus Leipzig startete der Abschiebeflieger gen Kabul\" loading=\"lazy\" src=\"https:\/\/www.europesays.com\/de\/wp-content\/uploads\/2026\/07\/e189d37c93331f98dc0cb004c9a357a0,e6d955e2.jpeg\"   class=\"landscape\"\/><\/p>\n<p class=\"fig__caption__text\">Aus Leipzig startete der Abschiebeflieger gen Kabul<\/p>\n<p>Foto: Bundespolizei<\/p>\n<p><a href=\"https:\/\/www.bild.de\/faq-deutschland-spricht-6a63658d3952477c49b2ce27\" class=\"text-link\" rel=\"nofollow noopener\" target=\"_blank\">Alle Fragen und Antworten zu \u201eDeutschland spricht\u201c<\/a><\/p>\n","protected":false},"excerpt":{"rendered":"TTS-Player \u00fcberspringen\u21b5Artikel weiterlesen Berlin \u2013 Totschl\u00e4ger, Vergewaltiger und P\u00e4dophile: 30 afghanische Straft\u00e4ter sind endlich raus aus Deutschland! Am&hellip;\n","protected":false},"author":2,"featured_media":1198693,"comment_status":"","ping_status":"","sticky":false,"template":"","format":"standard","meta":{"footnotes":"","_share_on_mastodon":"0"},"categories":[2],"tags":[414,7451,533,29,42253,7883,30,13,13773,14,15,12,10,8,9,11],"class_list":["post-1198692","post","type-post","status-publish","format-standard","has-post-thumbnail","category-deutschland","tag-abschiebung","tag-afghanistan","tag-asyl","tag-deutschland","tag-dobrindt-alexander","tag-fluechtlingskrise","tag-germany","tag-headlines","tag-kabul","tag-nachrichten","tag-news","tag-schlagzeilen","tag-top-news","tag-top-meldungen","tag-topmeldungen","tag-topnews"],"share_on_mastodon":{"url":"https:\/\/pubeurope.com\/@de\/116997606414511331","error":""},"_links":{"self":[{"href":"https:\/\/www.europesays.com\/de\/wp-json\/wp\/v2\/posts\/1198692","targetHints":{"allow":["GET"]}}],"collection":[{"href":"https:\/\/www.europesays.com\/de\/wp-json\/wp\/v2\/posts"}],"about":[{"href":"https:\/\/www.europesays.com\/de\/wp-json\/wp\/v2\/types\/post"}],"author":[{"embeddable":true,"href":"https:\/\/www.europesays.com\/de\/wp-json\/wp\/v2\/users\/2"}],"replies":[{"embeddable":true,"href":"https:\/\/www.europesays.com\/de\/wp-json\/wp\/v2\/comments?post=1198692"}],"version-history":[{"count":0,"href":"https:\/\/www.europesays.com\/de\/wp-json\/wp\/v2\/posts\/1198692\/revisions"}],"wp:featuredmedia":[{"embeddable":true,"href":"https:\/\/www.europesays.com\/de\/wp-json\/wp\/v2\/media\/1198693"}],"wp:attachment":[{"href":"https:\/\/www.europesays.com\/de\/wp-json\/wp\/v2\/media?parent=1198692"}],"wp:term":[{"taxonomy":"category","embeddable":true,"href":"https:\/\/www.europesays.com\/de\/wp-json\/wp\/v2\/categories?post=1198692"},{"taxonomy":"post_tag","embeddable":true,"href":"https:\/\/www.europesays.com\/de\/wp-json\/wp\/v2\/tags?post=1198692"}],"curies":[{"name":"wp","href":"https:\/\/api.w.org\/{rel}","templated":true}]}}