{"id":1198816,"date":"2026-07-28T13:39:16","date_gmt":"2026-07-28T13:39:16","guid":{"rendered":"https:\/\/www.europesays.com\/de\/1198816\/"},"modified":"2026-07-28T13:39:16","modified_gmt":"2026-07-28T13:39:16","slug":"warmes-holz-und-weiche-kurven-so-sanft-wurde-diese-67-quadratmeter-wohnung-nahe-paris-renoviert","status":"publish","type":"post","link":"https:\/\/www.europesays.com\/de\/1198816\/","title":{"rendered":"Warmes Holz und weiche Kurven \u2013 so sanft wurde diese 67-Quadratmeter-Wohnung nahe Paris renoviert"},"content":{"rendered":"<p><strong>Renovierung in Clichy: So erhielt eine 67-Quadratmeter-Wohnung ein neues Gesicht mit hellen Farben, sanften Rundungen und offener Raumaufteilung.<\/strong><\/p>\n<p>Viel historischer Charme, wenig funktionaler Komfort: Diese kleine Wohnung in Clichy, an der Grenze zum <a href=\"https:\/\/www.ad-magazin.de\/artikel\/mini-wohnung-paris-farben-geometrische-formen\" rel=\"nofollow noopener\" target=\"_blank\">Pariser<\/a> Stadtteil Batignolles, bedurfte der ein oder anderen Auffrischung. \u201eDie Wohnung war in gutem Zustand, aber wir w\u00fcnschten uns eine offenere Raumaufteilung\u201c, erkl\u00e4rt In\u00e8s Deschodt, Innenarchitektin und zugleich Bewohnerin der <a href=\"https:\/\/www.ad-magazin.de\/artikel\/berlin-apartment-antonius-schimmelbusch\" rel=\"nofollow noopener\" target=\"_blank\">67-Quadratmeter-Wohnung<\/a> mit Blick auf einen bewaldeten Park. Mit dem Ziel, mehr Offenheit und Licht in die Wohnung zu bringen, entwickelte Deschodt deshalb ein Konzept, das die vorhandene Struktur bewahrt und zugleich einen zeitgem\u00e4\u00dfen Look schafft. Die Wohnbereiche wurden offen gestaltet \u2013 insbesondere die K\u00fcche \u2013 und durch ein einheitliches, sanftes Farb- und Materialkonzept harmonisch miteinander verbunden. Was die Auswahl von Objekten und Kunst angeht, lie\u00df sich die Designerin von der Galerie Incuntr\u00e0 unterst\u00fctzen.<\/p>\n<p><img decoding=\"async\" alt=\"Renovierung in Paris kleine Wohnung Esszimmer\" loading=\"lazy\" class=\"ResponsiveImageContainer-dkeESL cQPiWi responsive-image__image\"   src=\"https:\/\/www.europesays.com\/de\/wp-content\/uploads\/2026\/07\/INES_HOME_%2010.jpg\"\/><\/p>\n<p>Linkerhand des Eingangs liegt die K\u00fcche, rechterhand der Wohnbereich. Die Wand ziert ein Gem\u00e4lde von Benjamin Collet (\u00fcber Galerie Anne Sirot). Schalen und Keramik-Tablett von Katia Soussan (\u00fcber Galerie Incuntr\u00e0).<\/p>\n<p>ORACLE<img decoding=\"async\" alt=\"Renovierung in Paris kleine Wohnung Flur Schrank\" loading=\"lazy\" class=\"ResponsiveImageContainer-dkeESL cQPiWi responsive-image__image\"   src=\"https:\/\/www.europesays.com\/de\/wp-content\/uploads\/2026\/07\/INES_HOME_%2023.jpg\"\/><\/p>\n<p>In\u00e8s Deschodt hat die vorhandenen T\u00fcren restauriert und ma\u00dfgefertigten, modernen Stauraum hinzugef\u00fcgt. Das Pflanzgef\u00e4\u00df ist von C\u00e9cile Gilbert-Byl (Incuntr\u00e0 Galerie).<\/p>\n<p>ORACLEModerner Vintage-Look f\u00fcr die K\u00fcche<\/p>\n<p>Die urspr\u00fcngliche T\u00fcr der separaten K\u00fcche wurde entfernt, um den Raum zum Wohn- und Essbereich hin zu \u00f6ffnen; ein Flur trennt die K\u00fcche jedoch nach wie vor vom Wohnzimmer. W\u00e4hrend der Boden aus Mosaikfliesen restauriert wurde, kamen ma\u00dfgefertigte Einbauten hinzu, die eine spannende Verbindung zwischen Art d\u00e9co und der \u00c4sthetik der <a href=\"https:\/\/www.ad-magazin.de\/artikel\/behutsames-makeover-70er-jahre-haus-in-spanien-familien-refugium\" rel=\"nofollow noopener\" target=\"_blank\">1970er-Jahre<\/a> schaffen: Rundungen treffen auf gerade Linien, dunkles Holz sowie eine Arbeitsplatte aus Dekton (ein ultrakompakter Verbundwerkstoff, der mit seiner matten Oberfl\u00e4che an Beton Cir\u00e9 erinnert). Das Mosaik hatte die Innenarchitektin so sehr inspiriert, dass sie dessen Farben als Grundlage f\u00fcr die Gestaltung der \u00fcbrigen Einrichtung w\u00e4hlte: Gelb, Schwarz und Bernsteinbeige. Noch dazu ist die K\u00fcche der Lieblingsraum der Eigent\u00fcmerin: \u201eEs ist der Raum, in dem wir uns am meisten aufhalten, schon ab dem Fr\u00fchst\u00fcck!\u201c, verr\u00e4t die Designerin.<\/p>\n","protected":false},"excerpt":{"rendered":"Renovierung in Clichy: So erhielt eine 67-Quadratmeter-Wohnung ein neues Gesicht mit hellen Farben, sanften Rundungen und offener Raumaufteilung.&hellip;\n","protected":false},"author":2,"featured_media":1198817,"comment_status":"","ping_status":"","sticky":false,"template":"","format":"standard","meta":{"footnotes":"","_share_on_mastodon":"0"},"categories":[1775],"tags":[1793,29,214,30,1794,3325,215],"class_list":["post-1198816","post","type-post","status-publish","format-standard","has-post-thumbnail","category-kunst-und-design","tag-art-and-design","tag-deutschland","tag-entertainment","tag-germany","tag-kunst-und-design","tag-small-spaces","tag-unterhaltung"],"share_on_mastodon":{"url":"https:\/\/pubeurope.com\/@de\/116997886410481381","error":""},"_links":{"self":[{"href":"https:\/\/www.europesays.com\/de\/wp-json\/wp\/v2\/posts\/1198816","targetHints":{"allow":["GET"]}}],"collection":[{"href":"https:\/\/www.europesays.com\/de\/wp-json\/wp\/v2\/posts"}],"about":[{"href":"https:\/\/www.europesays.com\/de\/wp-json\/wp\/v2\/types\/post"}],"author":[{"embeddable":true,"href":"https:\/\/www.europesays.com\/de\/wp-json\/wp\/v2\/users\/2"}],"replies":[{"embeddable":true,"href":"https:\/\/www.europesays.com\/de\/wp-json\/wp\/v2\/comments?post=1198816"}],"version-history":[{"count":0,"href":"https:\/\/www.europesays.com\/de\/wp-json\/wp\/v2\/posts\/1198816\/revisions"}],"wp:featuredmedia":[{"embeddable":true,"href":"https:\/\/www.europesays.com\/de\/wp-json\/wp\/v2\/media\/1198817"}],"wp:attachment":[{"href":"https:\/\/www.europesays.com\/de\/wp-json\/wp\/v2\/media?parent=1198816"}],"wp:term":[{"taxonomy":"category","embeddable":true,"href":"https:\/\/www.europesays.com\/de\/wp-json\/wp\/v2\/categories?post=1198816"},{"taxonomy":"post_tag","embeddable":true,"href":"https:\/\/www.europesays.com\/de\/wp-json\/wp\/v2\/tags?post=1198816"}],"curies":[{"name":"wp","href":"https:\/\/api.w.org\/{rel}","templated":true}]}}