{"id":1198827,"date":"2026-07-28T13:47:36","date_gmt":"2026-07-28T13:47:36","guid":{"rendered":"https:\/\/www.europesays.com\/de\/1198827\/"},"modified":"2026-07-28T13:47:36","modified_gmt":"2026-07-28T13:47:36","slug":"bei-der-ted-lasso-premiere-geht-es-ploetzlich-um-juergen-klopp-unterhaltung","status":"publish","type":"post","link":"https:\/\/www.europesays.com\/de\/1198827\/","title":{"rendered":"Bei der \u201eTed Lasso\u201c-Premiere geht es pl\u00f6tzlich um J\u00fcrgen Klopp | Unterhaltung"},"content":{"rendered":"<p><a class=\"skip-content skip-content--link\" href=\"#in-content-skip-link-target-v-0-0\">TTS-Player \u00fcberspringen\u21b5<\/a><a id=\"in-content-skip-link-target-v-0-0\" class=\"skip-content--target-link-hidden skip-content skip-content--target-link\" href=\"#in-content-skip-link-target-v-0-0\">Artikel weiterlesen<\/a><\/p>\n<p data-32581ace=\"0-3244\">Los Angeles (USA) \u2013 <b>Die WM ist vorbei \u2013\u00a0doch das Fu\u00dfballfieber geht weiter! W\u00e4hrend die Begeisterung f\u00fcr Frauenfu\u00dfball weltweit w\u00e4chst, setzt auch \u201eTed Lasso\u201c auf die Zukunft des Sports. Jetzt trainiert der Kult-Coach erstmals die Damen des AFC Richmond. Damit wollen die Macher mehr liefern als Unterhaltung. Am Montagabend feierte die hei\u00df erwartete vierte Staffel in Los Angeles Weltpremiere. Pl\u00f6tzlich ging es auch um den neuen deutschen Bundestrainer. BILD war vor Ort!<\/b><\/p>\n<p><img decoding=\"async\" width=\"992\" height=\"1178\" alt=\"Hannah Waddingham (52) spielt in der Erfolgsserie die Clubbesitzerin Rebecca Welton, die den Fu\u00dfballverein AFC Richmond von ihrem Ex-Mann \u00fcbernimmt und sp\u00e4ter zu Teds engster Vertrauten wird. F\u00fcr ihre Rolle gewann die Britin 2021 einen Emmy\" loading=\"lazy\" src=\"https:\/\/www.europesays.com\/de\/wp-content\/uploads\/2026\/07\/81d830b14ee28ccedd0941345e572479,5585e8a8.jpeg\"   class=\"portrait\"\/><\/p>\n<p class=\"fig__caption__text\">Hannah Waddingham (52) spielt in der Erfolgsserie die Clubbesitzerin Rebecca Welton, die den Fu\u00dfballverein AFC Richmond von ihrem Ex-Mann \u00fcbernimmt und sp\u00e4ter zu Teds engster Vertrauten wird. F\u00fcr ihre Rolle gewann die Britin 2021 einen Emmy<\/p>\n<p>Foto: ddp\/UPI<\/p>\n<p data-32581ace=\"0-3244\">Alles stand ganz im Zeichen des <a href=\"https:\/\/www.bild.de\/sport\/sportart\/fussball\/fussball-alle-infos-76675088.bild.html\" class=\"text-link\" rel=\"nofollow noopener\" target=\"_blank\">Fu\u00dfballs<\/a>: Statt eines klassischen roten Teppichs liefen die Stars \u00fcber einen wei\u00dfen Teppich, flankiert von Kunstrasen und \u00fcbergro\u00dfen Fu\u00dfb\u00e4llen. Hostessen begr\u00fc\u00dften die Besucher in gelben Schiri-Outfits.<\/p>\n<p><img decoding=\"async\" width=\"992\" height=\"625\" alt=\"Jetzt stehen die Frauen im Mittelpunkt: \u201eTed Lasso\u201c-Star Jason Sudeikis (50) feierte mit seinen T\u00f6chtern Daisy (9, l.) und Otis (12) Premiere\" loading=\"lazy\" src=\"https:\/\/www.europesays.com\/de\/wp-content\/uploads\/2026\/07\/b92eded4aeabaab6a92c729b51c9b2a6,5354598e.jpeg\"   class=\"dynamic\"\/><\/p>\n<p class=\"fig__caption__text\">Zwei ganz besondere Premiereng\u00e4ste: Jason Sudeikis posiert mit seiner Tochter Daisy (9, l.) und Sohn Otis Alexander (12)<\/p>\n<p>Foto: WireImage<\/p>\n<p data-32581ace=\"0-3244\">Hauptdarsteller Jason Sudeikis (50) erschien mit seinen beiden gr\u00f6\u00dften Stars: seiner Tochter Daisy (9) und Sohn Otis Alexander (12). Unter den prominenten G\u00e4sten war auch Apple-CEO <a href=\"https:\/\/www.bild.de\/themen\/personen\/tim-cook\/internet-nachrichten-news-fotos-videos-19673864.bild.html\" class=\"text-link\" rel=\"nofollow noopener\" target=\"_blank\">Tim Cook<\/a> (65), der an seinem blauen Sakko einen \u201eBelieve\u201c-Pin trug \u2013 das Motto, das die Show seit der ersten Staffel pr\u00e4gt.<\/p>\n<p><img decoding=\"async\" width=\"992\" height=\"1178\" alt=\"Brendan Hunt spielt in \u201eTed Lasso\u201c den wortkargen Assistenztrainer Coach Beard, ein langj\u00e4hriger Freund von Ted Lasso. Hunt ist au\u00dferdem Mitentwickler und Autor der Serie\" loading=\"lazy\" src=\"https:\/\/www.europesays.com\/de\/wp-content\/uploads\/2026\/07\/a785f51494f4d72e9e5cd0227377143f,df530ee3.jpeg\"   class=\"portrait\"\/><\/p>\n<p class=\"fig__caption__text\">Brendan Hunt spielt in \u201eTed Lasso\u201c den wortkargen Assistenztrainer Coach Beard, ein langj\u00e4hriger Freund von Ted Lasso. Hunt ist au\u00dferdem Mitentwickler und Autor der Serie<\/p>\n<p>Foto: ddp\/UPI<\/p>\n<p data-32581ace=\"0-3244\">Dass der Serien-Hit weitergeht, war lange nicht klar. Staffel drei sollte das Finale sein. Im Februar 2024 kamen Sudeikis Zweifel auf, wie er dem \u201eHollywood Reporter\u201c verriet: \u201eIch dachte mir: \u201aOh, ich wei\u00df nicht, ob es wirklich vorbei ist.\u2018\u201c In seiner Notizen-App sammelten sich Ideen. Allen gefiel die Idee des <a href=\"https:\/\/www.bild.de\/sport\/fussball\/frauen-fussball\/frauenfussball-52585338.bild.html\" class=\"text-link\" rel=\"nofollow noopener\" target=\"_blank\">Frauenfu\u00dfballs<\/a>.<\/p>\n<p><img decoding=\"async\" width=\"992\" height=\"573\" alt=\"Kult-Coach Ted Lasso (Jason Sudeikis) wagt sich an den Frauenfu\u00dfball\" loading=\"lazy\" src=\"https:\/\/www.europesays.com\/de\/wp-content\/uploads\/2026\/07\/ea95608ec2ebca7476aed0fd75d9de1f,a09ebf0c.jpeg\"   class=\"dynamic\"\/><\/p>\n<p class=\"fig__caption__text\">Kult-Coach Ted Lasso (Jason Sudeikis) wagt sich an den Frauenfu\u00dfball<\/p>\n<p>Foto: Colin Hutton\/Apple Tv\/PA Media\/dpa<\/p>\n<p data-32581ace=\"0-3244\">In der neuen Staffel kehrt Jason Sudeikis jetzt als Kulttrainer Ted Lasso zum AFC Richmond zur\u00fcck. Er \u00fcbernimmt die Frauenmannschaft und schl\u00e4gt ein neues Kapitel auf!<\/p>\n<p><img decoding=\"async\" width=\"992\" height=\"623\" alt=\"Auch echte Fu\u00dfballstars des Angel City FC kamen zur Weltpremiere (v.l.): Riley Tiernan, Carina Lageyre, Karsyn Cherry, Jordan Fusco, Mimi Van Zanten, Lia Godfrey, Nya Harrison und Tatum Wynalda\" loading=\"lazy\" src=\"https:\/\/www.europesays.com\/de\/wp-content\/uploads\/2026\/07\/f3c26f3238687fe37db50c3816484fbf,2d5905bb.jpeg\"   class=\"dynamic\"\/><\/p>\n<p class=\"fig__caption__text\">Auch echte Fu\u00dfballstars des Angel City FC kamen zur Weltpremiere (v.l.): Riley Tiernan, Carina Lageyre, Karsyn Cherry, Jordan Fusco, Mimi Van Zanten, Lia Godfrey, Nya Harrison und Tatum Wynalda <\/p>\n<p>Foto: WireImage<\/p>\n<p><img decoding=\"async\" width=\"992\" height=\"1423\" alt=\"Bei \u201eTed Lasso\u201c spielt Juno Temple (37) die charmante PR-Managerin Keeley Jones. Zur Premiere kam sie mit einer Fu\u00dfball-Handtasche\" loading=\"lazy\" src=\"https:\/\/www.europesays.com\/de\/wp-content\/uploads\/2026\/07\/0ea3d20fe0736529b97ab1d3b2bab489,1a2545c1.jpeg\"   class=\"dynamic\"\/><\/p>\n<p class=\"fig__caption__text\">Bei \u201eTed Lasso\u201c spielt Juno Temple (37) die charmante PR-Managerin Keeley Jones. Zur Premiere kam sie mit einer Fu\u00dfball-Handtasche<\/p>\n<p>Foto: WireImage<\/p>\n<p>\u201eTed Lasso\u201c-Star schw\u00e4rmt von J\u00fcrgen Klopp<\/p>\n<p data-32581ace=\"0-3244\">Neben bekannten Serien-Stars wie Hannah Waddingham (51), Juno Temple (37), Brett Goldstein (46), Brendan Hunt (54) und Jeremy Swift (66) gibt es auch Neuzug\u00e4nge \u2013 im Cast der Frauenmannschaft ist unter anderem Rex Hayes. Der nichtbin\u00e4re Nachwuchsstar (f\u00fchlt sich keinem Geschlecht zugeh\u00f6rig) verriet BILD, dass mit der Rolle ein Kindheitstraum in Erf\u00fcllung ging: \u201eIch wollte fr\u00fcher Fu\u00dfballprofi werden.\u201c Als gro\u00dfer Fan des FC Liverpool schw\u00e4rmte Hayes von Ex-Trainer J\u00fcrgen Klopp (59), der heute Bundestrainer ist: \u201eIch hoffe, dass Deutschland mit Klopp eine \u00e4hnlich erfolgreiche \u00c4ra erlebt wie Liverpool.\u201c<\/p>\n<p><img decoding=\"async\" width=\"992\" height=\"1400\" alt=\"Nachwuchsstar Rex Hayes ist Liverpool-Fan und sagt: \u201eWir hatten gro\u00dfes Gl\u00fcck, Klopp als Trainer zu haben. Ich vermisse ihn sehr.\u201c\" loading=\"lazy\" src=\"https:\/\/www.europesays.com\/de\/wp-content\/uploads\/2026\/07\/b7b4fd35ff93441fd6b007ac9d967a51,a702cde7.jpeg\"   class=\"dynamic\"\/><\/p>\n<p class=\"fig__caption__text\">Nachwuchsstar Rex Hayes ist Liverpool-Fan und sagt: \u201eWir hatten gro\u00dfes Gl\u00fcck, Klopp als Trainer zu haben. Ich vermisse ihn sehr.\u201c<\/p>\n<p>Foto: WireImage<\/p>\n<p><img decoding=\"async\" width=\"992\" height=\"672\" alt=\"J\u00fcrgen Klopp (59) ist neuer Bundestrainer, sein Vertrag l\u00e4uft bis einschlie\u00dflich der WM 2030\" loading=\"lazy\" src=\"https:\/\/www.europesays.com\/de\/wp-content\/uploads\/2026\/07\/1e1bdc74670a4109faff34ca659dc33b,c028be8d.jpeg\"   class=\"dynamic\"\/><\/p>\n<p class=\"fig__caption__text\">J\u00fcrgen Klopp (59) ist neuer Bundestrainer, sein Vertrag l\u00e4uft bis einschlie\u00dflich der WM 2030  <\/p>\n<p>Foto: Christian Spreitz\/BILD<\/p>\n<p>\u201eMeine Knie waren voller blauer Flecken\u201c<\/p>\n<p data-32581ace=\"0-3244\">Damit die Spielszenen m\u00f6glichst authentisch wirken, absolvierte der Cast vor Drehbeginn ein mehrw\u00f6chiges Fu\u00dfball-Bootcamp. Wie BILD erfuhr, waren die Dreharbeiten diesmal k\u00f6rperlich besonders anspruchsvoll. Jude Mack, die Torh\u00fcterin \u201eBoots\u201c spielt, berichtet: \u201eIch dachte, wir w\u00fcrden nur ein paar Ball\u00fcbungen machen. Stattdessen war es ein richtiges Fu\u00dfballtraining. Als Torh\u00fcterin musste ich lernen, mich auf den Boden zu werfen \u2013 danach waren meine Knie voller blauer Flecken.\u201c<\/p>\n<p><img decoding=\"async\" width=\"992\" height=\"558\" alt=\"Die \u201eTed Lasso\u201c-Crew bei der Premiere (v.l.): Andrea Anders, Moe Jeudy-Lamour, Annelise Heywood, Faye Marsay, Abbie Hern, Tanya Reynolds, Lauren Hendricks, Shannon Hayes, Brendan Hunt, Jason Sudeikis, Annette Badland, Hannah Waddingham, Juno Temple, Rex Hayes, Jude Mack, Grant Feely, Aisling Sharkey, Mercedes Assad, Jeremy Swift und Alex Blake\" loading=\"lazy\" src=\"https:\/\/www.europesays.com\/de\/wp-content\/uploads\/2026\/07\/176ee97563e8924ae456567d0c8fb0a4,6a32564c.jpeg\"   class=\"landscape\"\/><\/p>\n<p class=\"fig__caption__text\">Die \u201eTed Lasso\u201c-Crew bei der Premiere (v.l.): Andrea Anders, Moe Jeudy-Lamour, Annelise Heywood, Faye Marsay, Abbie Hern, Tanya Reynolds, Lauren Hendricks, Shannon Hayes, Brendan Hunt, Jason Sudeikis, Annette Badland, Hannah Waddingham, Juno Temple, Rex Hayes, Jude Mack, Grant Feely, Aisling Sharkey, Mercedes Assad, Jeremy Swift und Alex Blake<\/p>\n<p>Foto: Variety via Getty Images<\/p>\n<p><img decoding=\"async\" width=\"992\" height=\"554\" alt=\"BILD-Reporterin Katie Pfleghar besuchte die \u201eTed Lasso\u201c-Weltpremiere im Academy Museum in Los Angeles\" loading=\"lazy\" src=\"https:\/\/www.europesays.com\/de\/wp-content\/uploads\/2026\/07\/e33ffb52c61964b7d3bfca4d19104ee4,308a89b0.jpeg\"   class=\"dynamic\"\/><\/p>\n<p class=\"fig__caption__text\">BILD-Reporterin Katie Pfleghar besuchte die \u201eTed Lasso\u201c-Weltpremiere im Academy Museum in Los Angeles <\/p>\n<p>Foto: BILD<\/p>\n<p data-32581ace=\"0-3244\">F\u00fcr Drehbuchautorin Jamie Lee soll die neue Staffel mehr sein als Unterhaltung: \u201eIch hoffe, dass die Serie den Frauenfu\u00dfball weiter voranbringt. Mit Humor und Herz lassen sich solche Themen oft besser vermitteln.\u201c Schauspielerin Jude Mack erg\u00e4nzt mit einem L\u00e4cheln: \u201eVielleicht schauen die Zuschauer die <a href=\"https:\/\/www.bild.de\/themen\/specials\/serien\/news-fotos-videos-17010920.bild.html\" class=\"text-link\" rel=\"nofollow noopener\" target=\"_blank\">Serie<\/a> und denken: \u201aDa gehe ich auch mal hin.\u2018 Die Tickets f\u00fcr <a href=\"https:\/\/www.bild.de\/themen\/specials\/frauen-fussball\/sport-nachrichten-news-fotos-videos-20076798.bild.html\" class=\"text-link\" rel=\"nofollow noopener\" target=\"_blank\">Frauenfu\u00dfball<\/a> sind schlie\u00dflich auch g\u00fcnstig.\u201c<\/p>\n<p data-32581ace=\"0-3244\">Ab dem 5. August ist die vierte Staffel exklusiv bei Apple TV+ zu sehen. Bis Oktober erscheint immer mittwochs eine neue Folge.<\/p>\n<p><b>Transparenzhinweis<\/b><\/p>\n<p>In einer vorherigen Version schrieben wir, dass Hauptdarsteller Jason Sudeikis mit seinen T\u00f6chtern Daisy (9) und Otis (12) zu der Premiere kam. Otis Alexander ist jedoch sein Sohn. Wir haben den Fehler korrigiert und bitten ihn zu entschuldigen.<\/p>\n","protected":false},"excerpt":{"rendered":"TTS-Player \u00fcberspringen\u21b5Artikel weiterlesen Los Angeles (USA) \u2013 Die WM ist vorbei \u2013\u00a0doch das Fu\u00dfballfieber geht weiter! W\u00e4hrend die&hellip;\n","protected":false},"author":2,"featured_media":1198828,"comment_status":"","ping_status":"","sticky":false,"template":"","format":"standard","meta":{"footnotes":"","_share_on_mastodon":"0"},"categories":[155],"tags":[231,8373,29,214,6578,347,30,14225,471,7725,138370,226834,215],"class_list":["post-1198827","post","type-post","status-publish","format-standard","has-post-thumbnail","category-unterhaltung","tag-apple","tag-comedy-show","tag-deutschland","tag-entertainment","tag-frauen-fussball","tag-fussball","tag-germany","tag-lgbt","tag-serien","tag-streamingdienste","tag-team-first","tag-ted-lasso","tag-unterhaltung"],"share_on_mastodon":{"url":"https:\/\/pubeurope.com\/@de\/116997918534626042","error":""},"_links":{"self":[{"href":"https:\/\/www.europesays.com\/de\/wp-json\/wp\/v2\/posts\/1198827","targetHints":{"allow":["GET"]}}],"collection":[{"href":"https:\/\/www.europesays.com\/de\/wp-json\/wp\/v2\/posts"}],"about":[{"href":"https:\/\/www.europesays.com\/de\/wp-json\/wp\/v2\/types\/post"}],"author":[{"embeddable":true,"href":"https:\/\/www.europesays.com\/de\/wp-json\/wp\/v2\/users\/2"}],"replies":[{"embeddable":true,"href":"https:\/\/www.europesays.com\/de\/wp-json\/wp\/v2\/comments?post=1198827"}],"version-history":[{"count":0,"href":"https:\/\/www.europesays.com\/de\/wp-json\/wp\/v2\/posts\/1198827\/revisions"}],"wp:featuredmedia":[{"embeddable":true,"href":"https:\/\/www.europesays.com\/de\/wp-json\/wp\/v2\/media\/1198828"}],"wp:attachment":[{"href":"https:\/\/www.europesays.com\/de\/wp-json\/wp\/v2\/media?parent=1198827"}],"wp:term":[{"taxonomy":"category","embeddable":true,"href":"https:\/\/www.europesays.com\/de\/wp-json\/wp\/v2\/categories?post=1198827"},{"taxonomy":"post_tag","embeddable":true,"href":"https:\/\/www.europesays.com\/de\/wp-json\/wp\/v2\/tags?post=1198827"}],"curies":[{"name":"wp","href":"https:\/\/api.w.org\/{rel}","templated":true}]}}