{"id":1198839,"date":"2026-07-28T13:54:20","date_gmt":"2026-07-28T13:54:20","guid":{"rendered":"https:\/\/www.europesays.com\/de\/1198839\/"},"modified":"2026-07-28T13:54:20","modified_gmt":"2026-07-28T13:54:20","slug":"innenminister-schuster-verteidigt-abschiebeflug-mdr-de","status":"publish","type":"post","link":"https:\/\/www.europesays.com\/de\/1198839\/","title":{"rendered":"Innenminister Schuster verteidigt Abschiebeflug | mdr.de"},"content":{"rendered":"<p class=\"topline\">Migrationspolitik<\/p>\n<p>\n                Stand: 28.07.2026 15:48 Uhr<\/p>\n<p class=\"preface\">Deutschland hat erneut Afghanen per Charterflug in die Heimat abgeschoben. Der Flieger hob in der Nacht zum Dienstag vom Flughafen Leipzig\/Halle aus ab. Sachsens Innenminister Schuster sagte, es handle sich um Mehrfach- und Intensivstraft\u00e4ter. Gegen den Abschiebeflugs nach Afghanistan hatte es am sp\u00e4ten Montagabend eine Kundgebung gegeben.<\/p>\n<p class=\"textauthor\">von MDR AKTUELL<\/p>\n<p class=\"\">An Bord des Abschiebefluges vom Flughafen Leipzig\/Halle sind nach Angaben des s\u00e4chsischen Innenministerium rund 30 Afghanen gewesen. Innenminister Armin Schuster sagte dem MDR, es handle sich um Mehrfach- und Intensivstraft\u00e4ter. Zwei Afghanen k\u00e4men aus Sachsen. Schuster verteidigte die Abschiebepraxis. Die Sicherheit der B\u00fcrger in Deutschland sei wichtiger als das Bleibeinteresse eines Straft\u00e4ters. Der Charterflug war in der Nacht Richtung Afghanistan gestartet.<\/p>\n<p>Bundesinnenminister Alexander Dobrindt betonte, die Bundesregierung verfolge konsequent die von ihr eingeschlagene Migrationspolitik. Die Migrationswende werde mit Kontrolle, Kurs und klarer Kante vorangetrieben.<\/p>\n<blockquote><p>\n        Die Migrationswende wird mit Kontrolle, Kurs und klarer Kante vorangetrieben. <\/p>\n<p>                Bundesinnenminister Alexander Dobrindt<\/p>\n<\/blockquote>\n<p>    Proteste gegen Abschiebeflug nach Afghanistan<\/p>\n<p class=\"\">In der Abflughalle des Flughafens Leipzig\/Halle waren zuvor am sp\u00e4ten Montagabend nach Angaben des Ordnungsamts 250 Menschen zu einer <a name=\"Kundgebung\">Kundgebung<\/a> gegen einen erneuten Abschiebeflug zusammengekommen. An dem Protest beteiligten sich auch mehrere Afghanen. Begleitet wurde die Aktion von einem gro\u00dfen Polizeiaufgebot.<\/p>\n<p>                    <a href=\"https:\/\/www.europesays.com\/de\/wp-content\/uploads\/2026\/07\/abschiebeflug-leipzig-afghanistan-102.webp\" class=\"zoomimage\" title=\"Bild vergr\u00f6\u00dfern\"><\/p>\n<p>        <img decoding=\"async\" src=\"https:\/\/www.europesays.com\/de\/wp-content\/uploads\/2026\/07\/abschiebeflug-leipzig-afghanistan-102.webp\" alt=\"Protest gegen Abschiebeflug nach Afghanistan am Flughafen Leipzig\/Halle\" title=\"Protest gegen Abschiebeflug im Flughafen Halle\/Leipzig | Christian Grube\" class=\"responsive\" loading=\"lazy\"\/><\/p>\n<p>                    <\/a><\/p>\n<p>                    Protest gegen Abschiebeflug im Flughafen Halle\/Leipzig<\/p>\n<p class=\"\">Der Abschiebeflug startete nach Angaben eines MDR-AKTUELL-Reporters in der Nacht um 1:43 Uhr. Anders als bei fr\u00fcheren Abschiebungen sei das Flugzeug, ein Airbus, dieses Mal auf einem nur schwer einsehbaren Platz geparkt worden. Dem MDR-Reporter zufolge sollte der Airbus \u00fcber die t\u00fcrkische Stadt Trabzon weiter nach Kabul fliegen.<\/p>\n<p>    Straf- und Intensivt\u00e4ter an Bord<\/p>\n<p>                    <a href=\"https:\/\/www.europesays.com\/de\/wp-content\/uploads\/2026\/07\/armin-schuster-172.webp\" class=\"zoomimage\" title=\"Bild vergr\u00f6\u00dfern\"><\/p>\n<p>        <img decoding=\"async\" src=\"https:\/\/www.europesays.com\/de\/wp-content\/uploads\/2026\/07\/armin-schuster-172.webp\" alt=\"Armin Schuster (CDU), Innenminister von Sachsen, gibt vor Beginn der Innenministerkonferenz (IMK) Pressestatements.\" title=\"Sachsens Innenminister Armin Schuster (CDU) | picture alliance\/dpa | Sina Schuldt\" class=\"responsive\" loading=\"lazy\"\/><\/p>\n<p>                    <\/a><\/p>\n<p>                    Sachsens Innenminister Armin Schuster (CDU)<\/p>\n<p class=\"\">Innenminister Schuster verteidigte die Abschiebungen. Im MDR verwies er auf die teils mehrfache Straff\u00e4lligkeit der Passagiere: &#8222;Wir sprechen von Terrorgef\u00e4hrdern, wir sprechen von Kapitalverbrechern, Schwerstkriminellen. Und ich habe abzuw\u00e4gen, auf der einen Seite die Sicherheit der B\u00fcrger unseres Landes. Und auf der anderen Seite das Bleibeinteresse eines Straft\u00e4ters. Da schl\u00e4gt f\u00fcr einen Innenminister das Pendel ganz klar in Richtung Abschiebung.&#8220;<\/p>\n<p>    Kritik an Zusammenarbeit mit Taliban<\/p>\n<p class=\"\">Das B\u00fcndnis, das den Protest am Flughafen organisiert hat, hatte die Zusammenarbeit der <a name=\"Bundesregierung\">Bundesregierung<\/a> mit der Taliban kritisiert. Eine Sprecherin sagte dem MDR, &#8222;w\u00e4hrend von allen Seiten <a href=\"https:\/\/www.mdr.de\/nachrichten\/deutschland\/politik\/anschlag-berlin-polizei-justiz-aufklaerung-strafrecht-gefaehrder,csd-konsequenzen-100.html\" title=\"CSD-Anschlag: Deutsche Polizeigewerkschaft fordert mehr Befugnisse f\u00fcr \u00dcberwachung von Gef\u00e4hrdern\" rel=\"nofollow noopener\" target=\"_blank\">islamistische Gewalt<\/a> in Bezug auf den CSD verurteilt wird, unterst\u00fctzt die Bundesregierung mit ihren Deals die islamistische Taliban&#8220;.<\/p>\n<p>                    <a href=\"https:\/\/www.europesays.com\/de\/wp-content\/uploads\/2026\/07\/mdraktuell-app-rechtsextreme-vorfaelle-schulen-anfrage-linke-106.webp\" class=\"zoomimage\" title=\"Bild vergr\u00f6\u00dfern\"><\/p>\n<p>        <img decoding=\"async\" src=\"https:\/\/www.europesays.com\/de\/wp-content\/uploads\/2026\/07\/mdraktuell-app-rechtsextreme-vorfaelle-schulen-anfrage-linke-106.webp\" alt=\"Juliane Nagel\" title=\"Linken-Politikerin Juliane Nagel | IMAGO \/ EHL Media\" class=\"responsive\" loading=\"lazy\"\/><\/p>\n<p>                    <\/a><\/p>\n<p>                    Linken-Politikerin Juliane Nagel<\/p>\n<p class=\"\">Kritik kam auch von der s\u00e4chsischen Linken-Politikerin Juliane Nagel. Die Landtagsabgeordnete erkl\u00e4rte, es sei &#8222;sch\u00e4ndlich, Menschen gewaltsam in ein Land zur\u00fcckzubringen, das vom islamistischen Regime der Taliban regiert wird&#8220;. Dabei spiele es keine Rolle, ob die Betroffenen straff\u00e4llig geworden sind oder nicht. Die Menschenrechtslage in Afghanistan sei &#8222;desastr\u00f6s&#8220;, die \u00f6konomische und soziale Lage &#8222;katastrophal&#8220;.<\/p>\n<p class=\"\">(dpa,jeb)<\/p>\n<p>        <img decoding=\"async\" src=\"https:\/\/www.europesays.com\/de\/wp-content\/uploads\/2026\/07\/google-handy-100.webp\" alt=\"Ein Handy liegt auf einer Laptoptastatur. Das Display zeigt das Google Logo\" title=\"Ein Handy liegt auf einer Laptoptastatur. Das Display zeigt das Google Logo |  IMAGO \/ SOPA Images\" class=\"responsive\" loading=\"lazy\"\/><\/p>\n<p>Nachrichten personalisieren<\/p>\n","protected":false},"excerpt":{"rendered":"Migrationspolitik Stand: 28.07.2026 15:48 Uhr Deutschland hat erneut Afghanen per Charterflug in die Heimat abgeschoben. Der Flieger hob&hellip;\n","protected":false},"author":2,"featured_media":1198840,"comment_status":"","ping_status":"","sticky":false,"template":"","format":"standard","meta":{"footnotes":"","_share_on_mastodon":"0"},"categories":[1860],"tags":[53869,414,7451,3364,29,548,663,3934,30,4062,17332,13,7882,14,15,159,17331,860,12,40848,15451],"class_list":["post-1198839","post","type-post","status-publish","format-standard","has-post-thumbnail","category-halle-saale","tag-abschiebeflug","tag-abschiebung","tag-afghanistan","tag-de","tag-deutschland","tag-eu","tag-europa","tag-europe","tag-germany","tag-halle","tag-halle-saale","tag-headlines","tag-migrationspolitik","tag-nachrichten","tag-news","tag-proteste","tag-saale","tag-sachsen-anhalt","tag-schlagzeilen","tag-straftaeter","tag-taliban"],"share_on_mastodon":{"url":"https:\/\/pubeurope.com\/@de\/116997947252192875","error":""},"_links":{"self":[{"href":"https:\/\/www.europesays.com\/de\/wp-json\/wp\/v2\/posts\/1198839","targetHints":{"allow":["GET"]}}],"collection":[{"href":"https:\/\/www.europesays.com\/de\/wp-json\/wp\/v2\/posts"}],"about":[{"href":"https:\/\/www.europesays.com\/de\/wp-json\/wp\/v2\/types\/post"}],"author":[{"embeddable":true,"href":"https:\/\/www.europesays.com\/de\/wp-json\/wp\/v2\/users\/2"}],"replies":[{"embeddable":true,"href":"https:\/\/www.europesays.com\/de\/wp-json\/wp\/v2\/comments?post=1198839"}],"version-history":[{"count":0,"href":"https:\/\/www.europesays.com\/de\/wp-json\/wp\/v2\/posts\/1198839\/revisions"}],"wp:featuredmedia":[{"embeddable":true,"href":"https:\/\/www.europesays.com\/de\/wp-json\/wp\/v2\/media\/1198840"}],"wp:attachment":[{"href":"https:\/\/www.europesays.com\/de\/wp-json\/wp\/v2\/media?parent=1198839"}],"wp:term":[{"taxonomy":"category","embeddable":true,"href":"https:\/\/www.europesays.com\/de\/wp-json\/wp\/v2\/categories?post=1198839"},{"taxonomy":"post_tag","embeddable":true,"href":"https:\/\/www.europesays.com\/de\/wp-json\/wp\/v2\/tags?post=1198839"}],"curies":[{"name":"wp","href":"https:\/\/api.w.org\/{rel}","templated":true}]}}