{"id":1198846,"date":"2026-07-28T14:01:19","date_gmt":"2026-07-28T14:01:19","guid":{"rendered":"https:\/\/www.europesays.com\/de\/1198846\/"},"modified":"2026-07-28T14:01:19","modified_gmt":"2026-07-28T14:01:19","slug":"westermann-schliesst-druckerei-170-jobs-weg-braunschweig-erhaelt-auftraege","status":"publish","type":"post","link":"https:\/\/www.europesays.com\/de\/1198846\/","title":{"rendered":"Westermann schlie\u00dft Druckerei: 170 Jobs weg \u2013 Braunschweig erh\u00e4lt Auftr\u00e4ge"},"content":{"rendered":"<p>Auftr\u00e4ge gehen nach Braunschweig <\/p>\n<p>170 Jobs fallen weg: Westermann schlie\u00dft Druckerei<\/p>\n<p>28.07.2026 &#8211; 15:51 UhrLesedauer: 1 Min.<\/p>\n<p><a href=\"#focus-0\" class=\"transition-colors block text-current relative\" data-sctrack=\"FocusGalleryImage.Reference\"><img fetchpriority=\"high\" data-testid=\"Opener.Image\"   loading=\"eager\" src=\"https:\/\/www.europesays.com\/de\/wp-content\/uploads\/2026\/07\/westermann-auf-leipziger-buchmesse-eur-deutschland-leipzig-20-032026-messestand-des-westermann-verla.jpeg\" alt=\"imago images 0851273645\" title=\"imago images 0851273645\" width=\"5906\" height=\"3322\" class=\"bg-[url:var(--lqipURL)] bg-cover bg-center flex h-full w-full max-w-full\" style=\"--lqipURL:url('https:\/\/images.t-online.de\/2026\/07\/FvsiPlEXLZpD\/0x471:5906x3322\/fit-in\/150x0\/filters:blur(25)\/westermann-auf-leipziger-buchmesse-eur-deutschland-leipzig-20-032026-messestand-des-westermann-verlages-auf-der-leipziger-buchmesse-regal-mit-lernheften-trainigsheft-denken-und-rechnen-geometrieheft-westermann-at-leipzig-book-fair-eur-germany-leipzig-20-03-2026-exhibition-stand-of-westermann-verlag-at-the-leipzig-book-fair-shelf-with-exercise-books-training-book-thinking-and-calculating-geometry-booklet.jpg')\" decoding=\"async\"\/><img loading=\"lazy\" src=\"https:\/\/braunschweig.t-online.de\/s\/paper\/_next\/static\/media\/zoom-in.f7dae02f.svg\" alt=\"Vergr\u00f6\u00dfern des Bildes\" title=\"Vergr\u00f6\u00dfern des Bildes\" class=\"block h-[calc(var(--height)_\/_16_*_1rem)] w-[calc(var(--width)_\/_16_*_1rem)] max-w-none absolute right-8 bottom-8 rounded-4 bg-snow p-8\" style=\"--width:32;--height:32\" decoding=\"async\"\/><\/a><\/p>\n<p>B\u00fccher im Regal: Die f\u00fcr das Lernsystem L\u00dcK bekannte Westermann-Verlagsgruppe stellt die Produktion in Zwickau ein. (Quelle: IMAGO\/Mike Schmidt\/imago)<\/p>\n<p><img loading=\"lazy\" src=\"https:\/\/braunschweig.t-online.de\/s\/paper\/_next\/static\/media\/audio-volume.6689034c.svg\" alt=\"\" title=\"\" class=\"block h-[calc(var(--height)_\/_16_*_1rem)] w-[calc(var(--width)_\/_16_*_1rem)] max-w-none group-hover:brightness-0 group-hover:invert\" style=\"--width:16;--height:16\" decoding=\"async\"\/>Vorlesen<\/p>\n<p>Aktuelle Zeit:0:00Gesamtdauer:0:00<\/p>\n<p>1x<\/p>\n<p class=\"text-center\">Jetzt neu bei t-online:<\/p>\n<p class=\"text-center\">Schriftgr\u00f6\u00dfe anpassen!<\/p>\n<p><img loading=\"lazy\" src=\"https:\/\/braunschweig.t-online.de\/s\/paper\/_next\/static\/media\/font-sizes.32942e33.svg\" alt=\"\" title=\"\" class=\"block h-[calc(var(--height)_\/_16_*_1rem)] w-[calc(var(--width)_\/_16_*_1rem)] max-w-none group-hover:hidden group-aria-expanded:hidden\" style=\"--width:16;--height:16\" decoding=\"async\"\/><img loading=\"lazy\" src=\"https:\/\/braunschweig.t-online.de\/s\/paper\/_next\/static\/media\/font-sizes-dark-mode.e382645c.svg\" alt=\"\" title=\"\" class=\"block h-[calc(var(--height)_\/_16_*_1rem)] w-[calc(var(--width)_\/_16_*_1rem)] max-w-none hidden group-hover:block group-aria-expanded:block\" style=\"--width:16;--height:16\" decoding=\"async\"\/><img loading=\"lazy\" src=\"https:\/\/braunschweig.t-online.de\/s\/paper\/_next\/static\/media\/sharing-menu-icon.1eb71368.svg\" alt=\"\" title=\"\" class=\"block h-[calc(var(--height)_\/_16_*_1rem)] w-[calc(var(--width)_\/_16_*_1rem)] max-w-none group-hover:brightness-0 group-hover:invert\" style=\"--width:16;--height:16\" decoding=\"async\"\/>Artikel teilen<\/p>\n<p class=\"font-bold text-18 leading-17 user-text-lg:text-22 user-text-xl:text-24\">Hohe Kosten, sinkende Auftr\u00e4ge: Ein traditionsreicher Produktionsstandort von Westermann wird geschlossen. Die Auftr\u00e4ge wandern nach Braunschweig<\/p>\n<p class=\"text-18 leading-17 user-text-lg:text-22 user-text-xl:text-24\">Die Westermann Gruppe stellt ihre Druckerei in Zwickau zum 31. August ein. Damit verlieren 170 Besch\u00e4ftigte ihren Arbeitsplatz. Als Grund nennt das Unternehmen stark gesunkene Auftr\u00e4ge infolge schwieriger Marktbedingungen. Zuerst hatte die &#8222;Freie Presse&#8220; berichtet.<\/p>\n<p class=\"text-18 leading-17 user-text-lg:text-22 user-text-xl:text-24\">Der kaufm\u00e4nnische Gesch\u00e4ftsf\u00fchrer der Westermann Gruppe, Timo Bl\u00fcmer, erkl\u00e4rte: &#8222;Die hohen Personal- und Energiekosten in Deutschland haben dazu gef\u00fchrt, dass die Produktion im Vergleich zum Beispiel zu osteurop\u00e4ischen Anbietern nicht mehr konkurrenzf\u00e4hig war, trotz erheblicher Investitionen in neue Maschinen.&#8220; Branchenweit litten Druckereien unter \u00dcberkapazit\u00e4ten bei gleichzeitig sinkender Nachfrage.<\/p>\n<p class=\"text-18 leading-17 user-text-lg:text-22 user-text-xl:text-24\">Die Zwickauer Druckerei war auf hochwertige B\u00fccher im Vierfarbdruck spezialisiert, darunter Reisef\u00fchrer, Fach- und Medizinb\u00fccher, Ratgeber sowie Kinder-, Jugend- und Schulb\u00fccher. Der Schwerpunkt der Schulbuchproduktion f\u00fcr den deutschen Markt liegt laut Unternehmen beim Westermann-Standort in Braunschweig, der k\u00fcnftig auch den gesamten Zwickauer Auftragsbestand \u00fcbernimmt.<\/p>\n<p>Geschichte der Druckerei reicht weit zur\u00fcck<\/p>\n<p class=\"text-18 leading-17 user-text-lg:text-22 user-text-xl:text-24\">Die Geschichte des Betriebs reicht bis in die 1950er Jahre zur\u00fcck. Damals als sogenannte Volksdruckerei gegr\u00fcndet, stellte er sp\u00e4ter hochwertige Bildb\u00e4nde f\u00fcr den Export her, unter anderem in die damalige Sowjetunion, und arbeitete f\u00fcr alle gr\u00f6\u00dferen Verlage der DDR. 1990 \u00fcbernahm Westermann den Betrieb. Die Verlagsgruppe ist unter anderem f\u00fcr das Lernsystem L\u00dcK bekannt.<\/p>\n<p class=\"text-18 leading-17 user-text-lg:text-22 user-text-xl:text-24\">Den Besch\u00e4ftigten bietet das Unternehmen den Wechsel in eine Transfergesellschaft an. Dort sollen sie sich f\u00fcr neue Berufsfelder qualifizieren k\u00f6nnen und bei der Jobsuche Unterst\u00fctzung erhalten.<\/p>\n","protected":false},"excerpt":{"rendered":"Auftr\u00e4ge gehen nach Braunschweig 170 Jobs fallen weg: Westermann schlie\u00dft Druckerei 28.07.2026 &#8211; 15:51 UhrLesedauer: 1 Min. B\u00fccher&hellip;\n","protected":false},"author":2,"featured_media":1198847,"comment_status":"","ping_status":"","sticky":false,"template":"","format":"standard","meta":{"footnotes":"","_share_on_mastodon":"0"},"categories":[1850],"tags":[722,17161,6429,3364,29,77536,548,663,3934,30,13,250094,14,15,1411,54290,12,250093,7138],"class_list":["post-1198846","post","type-post","status-publish","format-standard","has-post-thumbnail","category-braunschweig","tag-722","tag-17161","tag-braunschweig","tag-de","tag-deutschland","tag-druckerei","tag-eu","tag-europa","tag-europe","tag-germany","tag-headlines","tag-lernsystem","tag-nachrichten","tag-news","tag-niedersachsen","tag-produktionsstandort","tag-schlagzeilen","tag-westermann-druck-und-verlagsgruppe","tag-zwickau"],"share_on_mastodon":{"url":"https:\/\/pubeurope.com\/@de\/116997975699767423","error":""},"_links":{"self":[{"href":"https:\/\/www.europesays.com\/de\/wp-json\/wp\/v2\/posts\/1198846","targetHints":{"allow":["GET"]}}],"collection":[{"href":"https:\/\/www.europesays.com\/de\/wp-json\/wp\/v2\/posts"}],"about":[{"href":"https:\/\/www.europesays.com\/de\/wp-json\/wp\/v2\/types\/post"}],"author":[{"embeddable":true,"href":"https:\/\/www.europesays.com\/de\/wp-json\/wp\/v2\/users\/2"}],"replies":[{"embeddable":true,"href":"https:\/\/www.europesays.com\/de\/wp-json\/wp\/v2\/comments?post=1198846"}],"version-history":[{"count":0,"href":"https:\/\/www.europesays.com\/de\/wp-json\/wp\/v2\/posts\/1198846\/revisions"}],"wp:featuredmedia":[{"embeddable":true,"href":"https:\/\/www.europesays.com\/de\/wp-json\/wp\/v2\/media\/1198847"}],"wp:attachment":[{"href":"https:\/\/www.europesays.com\/de\/wp-json\/wp\/v2\/media?parent=1198846"}],"wp:term":[{"taxonomy":"category","embeddable":true,"href":"https:\/\/www.europesays.com\/de\/wp-json\/wp\/v2\/categories?post=1198846"},{"taxonomy":"post_tag","embeddable":true,"href":"https:\/\/www.europesays.com\/de\/wp-json\/wp\/v2\/tags?post=1198846"}],"curies":[{"name":"wp","href":"https:\/\/api.w.org\/{rel}","templated":true}]}}