{"id":1198922,"date":"2026-07-28T14:47:13","date_gmt":"2026-07-28T14:47:13","guid":{"rendered":"https:\/\/www.europesays.com\/de\/1198922\/"},"modified":"2026-07-28T14:47:13","modified_gmt":"2026-07-28T14:47:13","slug":"abschiebung-nach-afghanistan-abschiebeflug-mit-31-afghanen-von-leipzig-halle-nach-kabul-gestartet","status":"publish","type":"post","link":"https:\/\/www.europesays.com\/de\/1198922\/","title":{"rendered":"Abschiebung nach Afghanistan: Abschiebeflug mit 31 Afghanen von Leipzig\/Halle nach Kabul gestartet"},"content":{"rendered":"<p class=\"paragraph article__item\">Deutschland hat nach Angaben von Innenminister Alexander Dobrindt (CSU) 31 Menschen aus <a class=\"rtr-entity\" href=\"https:\/\/www.zeit.de\/thema\/afghanistan\" rel=\"nofollow noopener\" target=\"_blank\">Afghanistan<\/a> per Flugzeug in ihr Heimatland abgeschoben. Es handle sich um \u00bb\u00fcberwiegend schwerste und schwere Straft\u00e4ter, die mit T\u00f6tungsdelikten, Vergewaltigungen, Gewalttaten auff\u00e4llig waren\u00ab, sagte Dobrindt am Rande der Sommerklausur der CSU-Landesgruppe im fr\u00e4nkischen Kloster Banz.\n<\/p>\n<p class=\"paragraph article__item\">Eine Person sei an Bord gewesen, bei der es sich nicht um einen verurteilten Straft\u00e4ter handele. Auch diese Person sei aber zwingend ausreisepflichtig gewesen. Sie haben versucht, Unterschlupf in einem anderen europ\u00e4ischen Land zu suchen, sei dann aber nach Deutschland zur\u00fcckgekehrt.\n<\/p>\n<p class=\"paragraph article__item\">\u00bbWir haben in den vergangenen Wochen die Bundesl\u00e4nder darauf hingewiesen, dass Abschiebungen von ausreisepflichtigen Personen nach Afghanistan auch k\u00fcnftig m\u00f6glich sein werden, wenn wir es nicht ausschlie\u00dflich mit schwersten Straft\u00e4tern zu tun haben\u00ab, sagte <a class=\"rtr-entity\" href=\"https:\/\/www.zeit.de\/thema\/alexander-dobrindt\" rel=\"nofollow noopener\" target=\"_blank\">Dobrindt<\/a>.\n<\/p>\n<p class=\"paragraph article__item\">Augenzeugen am Flughafen in <a class=\"rtr-entity\" href=\"https:\/\/www.zeit.de\/thema\/afghanistan\" rel=\"nofollow noopener\" target=\"_blank\">Kabul<\/a> berichten von mehreren Familien, die auf ihre Angeh\u00f6rigen warteten. Wie Beamte den Wartenden vor Ort erkl\u00e4rten, w\u00fcrden <a href=\"https:\/\/www.zeit.de\/politik\/ausland\/2026-07\/taliban-afghanistan-smartphone-verbot-regierungsbeamte-gxe\" target=\"_blank\" rel=\"nofollow noopener\">die Abgeschobenen nach ihrer Ankunft den Prozess durch die regierenden Taliban durchlaufen<\/a> \u2013 darunter Verh\u00f6re. Danach k\u00f6nnten sie gegebenenfalls nach Zusicherungen durch die Familien freigelassen werden.\n<\/p>\n<p>            \u00bbWer ein Asylverfahren negativ durchlaufen hat, ist begr\u00fcndet ausreisepflichtig\u00ab            <\/p>\n<p class=\"paragraph article__item\"><a href=\"https:\/\/www.zeit.de\/politik\/deutschland\/2026-07\/abschiebungen-afghanistan-alexander-dobrindt-csu-hessen\" target=\"_blank\" rel=\"nofollow noopener\">Dobrindt hatte eine Ausweitung der Abschiebepraxis nach Afghanistan gegen Kritik verteidigt<\/a>. \u00bbWer ein Asylverfahren negativ durchlaufen hat, ist begr\u00fcndet ausreisepflichtig, der muss nat\u00fcrlich auch damit rechnen, dass diese Ausreise dann auch erwirkt wird, wenn sie nicht freiwillig vollzogen wird\u00ab, sagte der CSU-Politiker. Die Bundesregierung verfolge konsequent die von ihr eingeschlagene Migrationspolitik, sagte Dobrindt weiter. Die Wende in der Migrationspolitik werde \u00bbmit Kontrolle, Kurs und klarer Kante\u00ab vorangetrieben. Die von den Taliban gef\u00fchrte Regierung in Afghanistan sei verpflichtet, die Menschen in ihrem Heimatland aufzunehmen. \u00bbDas ist die Vereinbarung, die getroffen ist mit den Verantwortlichen in Afghanistan.\u00ab\n<\/p>\n<p>\n                                        Newsletter<br \/>\n                                        Was jetzt, im Osten?<\/p>\n<p class=\"newsletter-signup__text\">Anl\u00e4sslich der bevorstehenden Landtagswahlen erhalten Sie ab dem 15. Juli w\u00f6chentlich Nachrichten und Stimmungsbilder zum Wahlkampf sowie zum Alltagsleben und zur Kultur im Osten der Republik.<\/p>\n<p class=\"newsletter-signup__datapolicy\" hidden=\"\">\n            Mit Ihrer Registrierung nehmen Sie die <a href=\"https:\/\/datenschutz.zeit.de\/zon#Newsletter\" target=\"_blank\" rel=\"nofollow noopener\">Datenschutzerkl\u00e4rung<\/a> zur Kenntnis.\n        <\/p>\n<p>    Vielen Dank! Wir haben Ihnen eine E-Mail geschickt.<\/p>\n<p>Pr\u00fcfen Sie Ihr Postfach und best\u00e4tigen Sie das Newsletter-Abonnement.<\/p>\n<p class=\"paragraph article__item\">Anfang Juni war eine urspr\u00fcnglich f\u00fcr Ende Mai vorbereitete Sammelabschiebung von ausreisepflichtigen M\u00e4nnern nach Afghanistan abgesagt worden, weil die Taliban-Machthaber nicht kooperierten. Nach Informationen der Deutschen Presse-Agentur wurde der Flug abgesagt, nachdem sich die islamistischen Herrscher in Kabul unzufrieden \u00fcber die aus ihrer Sicht mangelnde Gespr\u00e4chsbereitschaft von Vertretern des Ausw\u00e4rtigen Amts gezeigt hatten. Die Taliban sind vor allem daran interessiert, mehr Diplomaten an die afghanischen Vertretungen in Deutschland zu entsenden.\n<\/p>\n<p>                                    UN-Migrationsbeh\u00f6rde r\u00e4t Frauen von der R\u00fcckkehr ab            <\/p>\n<p class=\"paragraph article__item\">Knapp f\u00fcnf Jahre nach der erneuten Macht\u00fcbernahme der islamistischen Taliban in Afghanistan h\u00e4lt die UN-Migrationsbeh\u00f6rde (IOM) eine R\u00fcckkehr afghanischer M\u00e4nner in ihr Heimatland in Bezug auf die Sicherheitslage f\u00fcr m\u00f6glich. \u00bbDie Sicherheitslage in Afghanistan hat sich deutlich verbessert, das ist schlicht eine objektive Tatsache\u00ab, sagte IOM-Landeschefin Mihyung Park dem RedaktionsNetzwerk Deutschland (RND). Frauen raten sie ausdr\u00fccklich von der R\u00fcckkehr ab. Afghanistan sei kein Ort, an dem Frauen frei leben oder sich eine Zukunft aufbauen k\u00f6nnten, sagte Park.\n<\/p>\n<p class=\"paragraph article__item\">Abschiebungen aus L\u00e4ndern wie Deutschland machen nur einen Bruchteil der R\u00fcckkehrer nach Afghanistan aus. Allein aus den Nachbarl\u00e4ndern Iran und Pakistan sind seit Sommer 2021 nach Angaben des UN-Fl\u00fcchtlingswerks (UNHCR) insgesamt knapp 3,9 Millionen Menschen nach Afghanistan zur\u00fcckgekehrt.\n<\/p>\n<p>Mehr zum Thema<\/p>\n<p>            Afghanistan        <\/p>\n<p>                <a href=\"https:\/\/www.zeit.de\/politik\/deutschland\/2026-06\/abschiebung-afghanistan-taliban-deutschland-gefluechtete-botschaft-gxe\" data-ct-label=\"Abschiebungen nach Afghanistan: G\u00fcltige Papiere? Stellt in Deutschland jetzt ein Taliban aus\" data-uuid=\"23ac5a53-29f7-470d-bad4-a04b8e6b82d2\" rel=\"nofollow noopener\" target=\"_blank\"><\/p>\n<p>        Z+ (abopflichtiger Inhalt);<\/p>\n<p>    Abschiebungen nach Afghanistan:<br \/>\n                        G\u00fcltige Papiere? Stellt in Deutschland jetzt ein Taliban aus<\/p>\n<p>                <\/a><\/p>\n<p>                <a href=\"https:\/\/www.zeit.de\/politik\/ausland\/2026-06\/angriffe-pakistan-afghanistan-konflikt-ziele-faq\" data-ct-label=\"Angriffe von Pakistan: Worum es im Konflikt zwischen Pakistan und Afghanistan geht\" data-uuid=\"11026c13-dfd4-4e11-a936-f3f244220fd6\" rel=\"nofollow noopener\" target=\"_blank\"><\/p>\n<p>                        Angriffe von Pakistan:<br \/>\n                        Worum es im Konflikt zwischen Pakistan und Afghanistan geht<\/p>\n<p>                <\/a><\/p>\n<p>                <a href=\"https:\/\/www.zeit.de\/feuilleton\/2026-03\/afghanistan-krieg-taliban-pakistan-militaer\" data-ct-label=\"Afghanistan: Diesen alten Fehler haben die USA nie verstanden\" data-uuid=\"dace0b39-ff3c-4ec5-aa8b-0a09d46e5447\" rel=\"nofollow noopener\" target=\"_blank\"><\/p>\n<p>        Z+ (abopflichtiger Inhalt);<\/p>\n<p>    Afghanistan:<br \/>\n                        Diesen alten Fehler haben die USA nie verstanden<\/p>\n<p>                <\/a><\/p>\n","protected":false},"excerpt":{"rendered":"Deutschland hat nach Angaben von Innenminister Alexander Dobrindt (CSU) 31 Menschen aus Afghanistan per Flugzeug in ihr Heimatland&hellip;\n","protected":false},"author":2,"featured_media":1198923,"comment_status":"","ping_status":"","sticky":false,"template":"","format":"standard","meta":{"footnotes":"","_share_on_mastodon":"0"},"categories":[1832],"tags":[53869,414,250111,7451,20,774,3364,29,30,13773,71,16,859,15094],"class_list":["post-1198922","post","type-post","status-publish","format-standard","has-post-thumbnail","category-leipzig","tag-abschiebeflug","tag-abschiebung","tag-abschiebung-nach-afghanistan","tag-afghanistan","tag-alexander-dobrindt","tag-csu","tag-de","tag-deutschland","tag-germany","tag-kabul","tag-leipzig","tag-politik","tag-sachsen","tag-sicherheitslage"],"share_on_mastodon":{"url":"https:\/\/pubeurope.com\/@de\/116998153619909574","error":""},"_links":{"self":[{"href":"https:\/\/www.europesays.com\/de\/wp-json\/wp\/v2\/posts\/1198922","targetHints":{"allow":["GET"]}}],"collection":[{"href":"https:\/\/www.europesays.com\/de\/wp-json\/wp\/v2\/posts"}],"about":[{"href":"https:\/\/www.europesays.com\/de\/wp-json\/wp\/v2\/types\/post"}],"author":[{"embeddable":true,"href":"https:\/\/www.europesays.com\/de\/wp-json\/wp\/v2\/users\/2"}],"replies":[{"embeddable":true,"href":"https:\/\/www.europesays.com\/de\/wp-json\/wp\/v2\/comments?post=1198922"}],"version-history":[{"count":0,"href":"https:\/\/www.europesays.com\/de\/wp-json\/wp\/v2\/posts\/1198922\/revisions"}],"wp:featuredmedia":[{"embeddable":true,"href":"https:\/\/www.europesays.com\/de\/wp-json\/wp\/v2\/media\/1198923"}],"wp:attachment":[{"href":"https:\/\/www.europesays.com\/de\/wp-json\/wp\/v2\/media?parent=1198922"}],"wp:term":[{"taxonomy":"category","embeddable":true,"href":"https:\/\/www.europesays.com\/de\/wp-json\/wp\/v2\/categories?post=1198922"},{"taxonomy":"post_tag","embeddable":true,"href":"https:\/\/www.europesays.com\/de\/wp-json\/wp\/v2\/tags?post=1198922"}],"curies":[{"name":"wp","href":"https:\/\/api.w.org\/{rel}","templated":true}]}}