{"id":1199024,"date":"2026-07-28T15:49:17","date_gmt":"2026-07-28T15:49:17","guid":{"rendered":"https:\/\/www.europesays.com\/de\/1199024\/"},"modified":"2026-07-28T15:49:17","modified_gmt":"2026-07-28T15:49:17","slug":"waldbraende-in-frankreich-muenchner-feuerwehrkraefte-wollen-helfen","status":"publish","type":"post","link":"https:\/\/www.europesays.com\/de\/1199024\/","title":{"rendered":"Waldbr\u00e4nde in Frankreich: M\u00fcnchner Feuerwehrkr\u00e4fte wollen helfen"},"content":{"rendered":"<p class=\"mb-6 text-xs-varying md:text-m lg:text-l font-serif group-[.font-sans]:font-sans \">\n    Es sind dramatische Bilder aus dem <a href=\"https:\/\/www.augsburger-allgemeine.de\/panorama\/braende-in-spanien-und-frankreich-das-muessen-urlauber-wissen-27-07-114861904\" target=\"_self\" class=\"underline \" rel=\"nofollow noopener\">S\u00fcdwesten Frankreichs<\/a>: Seit fast einer Woche lodern dort in s\u00e4mtlichen W\u00e4ldern die Flammen. Pr\u00e4sident Emmanuel Macron nannte die Waldbr\u00e4nde bei einem Besuch in einem Krisenzentrum der Einsatzkr\u00e4fte in Bordeaux bereits die <a href=\"https:\/\/www.augsburger-allgemeine.de\/panorama\/groessbraende-in-frankreich-warum-sind-nicht-alle-loeschflugzeuge-einsatzbereit-114885525\" target=\"_self\" class=\"underline \" rel=\"nofollow noopener\">\u201eheftigsten Waldbr\u00e4nde seit Ende des Zweiten Weltkrieges\u201c<\/a>. Nur noch 15 Kilometer ist das Feuer von der Gro\u00dfstadt entfernt.\n  <\/p>\n<p class=\"mb-6 text-xs-varying md:text-m lg:text-l font-serif group-[.font-sans]:font-sans \">\n    Als Partnerstadt von Bordeaux sieht man nun auch in <a href=\"https:\/\/www.augsburger-allgemeine.de\/orte\/aa-muenchen\" target=\"_self\" class=\"underline \" rel=\"nofollow noopener\">M\u00fcnchen<\/a> Handlungsbedarf. Die CSU-Fraktion stellte bereits einen Dringlichkeitsantrag zur Unterst\u00fctzung der franz\u00f6sischen Metropole, zum Beispiel durch Entsendung von spezialisierten Feuerwehrkr\u00e4ften und Material.\n  <\/p>\n<p>            \u201eSofort handeln und helfen\u201c: M\u00fcnchen bietet Frankreich Hilfe bei Waldbrandbek\u00e4mpfung an<\/p>\n<p class=\"mb-6 text-xs-varying md:text-m lg:text-l font-serif group-[.font-sans]:font-sans \">\n    Die stellvertretende Fraktionsvorsitzende Evelyne Menges betonte in einer Mitteilung: \u201eM\u00fcnchen und Bordeaux sind seit 62 Jahren Partnerst\u00e4dte. Uns verbindet also eine lange Freundschaft. Einen verl\u00e4sslichen Partner erkennt man an seinem Verhalten in der Not.\u201c Daher sollte M\u00fcnchen angesichts der Notlage in Frankreich und der Bedrohung Bordeauxs \u201esofort handeln und helfen\u201c. Jens Luther, Stadtrat und freiwilliger Feuerwehrmann, erg\u00e4nzt: \u201eUnsere M\u00fcnchner Feuerwehr verf\u00fcgt \u00fcber eine hohe Fachkompetenz, insbesondere auch bei Vegetationsbr\u00e4nden.\u201c\n  <\/p>\n<p class=\"mb-6 text-xs-varying md:text-m lg:text-l font-serif group-[.font-sans]:font-sans \">\n    In den sozialen Medien meldete sich <a href=\"https:\/\/www.augsburger-allgemeine.de\/bayern\/wie-wollen-sie-muenchner-so-gluecklich-machen-wie-augsburger-oberbuergermeister-krause-114420202\" target=\"_self\" class=\"underline \" rel=\"nofollow noopener\">M\u00fcnchens Oberb\u00fcrgermeister Dominik Krause (Gr\u00fcne)<\/a> zu Wort. \u201eDie Bilder aus Frankreich sind ersch\u00fctternd\u201c, betont er. \u201eIch habe dem franz\u00f6sischen Generalkonsul deshalb die Hilfe unserer Berufsfeuerwehr angeboten.\u201c Diese k\u00f6nne auch kurzfristig Kapazit\u00e4ten f\u00fcr einen Einsatz in Bordeaux zur Verf\u00fcgung stellen.\n  <\/p>\n<p>            Kampf gegen die Flammen in Frankreich: Feuerwehrleute und Tankfahrzeuge aus M\u00fcnchen?<\/p>\n<p class=\"mb-6 text-xs-varying md:text-m lg:text-l font-serif group-[.font-sans]:font-sans \">\n    \u201eIn Absprache mit dem Chef der Berufsfeuerwehr, Wolfgang Sch\u00e4uble, w\u00e4re die Entsendung von Feuerwehrleuten und Tankfahrzeugen nach Bordeaux m\u00f6glich\u201c, berichtet er. Noch ist jedoch nichts sicher. \u201eGeneralkonsul Vulic gibt das Angebot an das franz\u00f6sische Innenministerium weiter, das die Hilfen koordiniert.\u201c In den Kommentaren erntet der neue Oberb\u00fcrgermeister viel Zuspruch.\n  <\/p>\n","protected":false},"excerpt":{"rendered":"Es sind dramatische Bilder aus dem S\u00fcdwesten Frankreichs: Seit fast einer Woche lodern dort in s\u00e4mtlichen W\u00e4ldern die&hellip;\n","protected":false},"author":2,"featured_media":1199025,"comment_status":"","ping_status":"","sticky":false,"template":"","format":"standard","meta":{"footnotes":"","_share_on_mastodon":"0"},"categories":[3974],"tags":[331,332,772,774,1356,548,663,3934,68856,985,3980,156,13,1268,14,15,12,16414,5666,2657],"class_list":["post-1199024","post","type-post","status-publish","format-standard","has-post-thumbnail","category-frankreich","tag-aktuelle-nachrichten","tag-aktuelle-news","tag-bayern","tag-csu","tag-emmanuel-macron","tag-eu","tag-europa","tag-europe","tag-evelyne-menges","tag-feuerwehr","tag-france","tag-frankreich","tag-headlines","tag-muenchen","tag-nachrichten","tag-news","tag-schlagzeilen","tag-suedwesten","tag-waldbrand","tag-zweiter-weltkrieg"],"share_on_mastodon":{"url":"https:\/\/pubeurope.com\/@de\/116998397384252994","error":""},"_links":{"self":[{"href":"https:\/\/www.europesays.com\/de\/wp-json\/wp\/v2\/posts\/1199024","targetHints":{"allow":["GET"]}}],"collection":[{"href":"https:\/\/www.europesays.com\/de\/wp-json\/wp\/v2\/posts"}],"about":[{"href":"https:\/\/www.europesays.com\/de\/wp-json\/wp\/v2\/types\/post"}],"author":[{"embeddable":true,"href":"https:\/\/www.europesays.com\/de\/wp-json\/wp\/v2\/users\/2"}],"replies":[{"embeddable":true,"href":"https:\/\/www.europesays.com\/de\/wp-json\/wp\/v2\/comments?post=1199024"}],"version-history":[{"count":0,"href":"https:\/\/www.europesays.com\/de\/wp-json\/wp\/v2\/posts\/1199024\/revisions"}],"wp:featuredmedia":[{"embeddable":true,"href":"https:\/\/www.europesays.com\/de\/wp-json\/wp\/v2\/media\/1199025"}],"wp:attachment":[{"href":"https:\/\/www.europesays.com\/de\/wp-json\/wp\/v2\/media?parent=1199024"}],"wp:term":[{"taxonomy":"category","embeddable":true,"href":"https:\/\/www.europesays.com\/de\/wp-json\/wp\/v2\/categories?post=1199024"},{"taxonomy":"post_tag","embeddable":true,"href":"https:\/\/www.europesays.com\/de\/wp-json\/wp\/v2\/tags?post=1199024"}],"curies":[{"name":"wp","href":"https:\/\/api.w.org\/{rel}","templated":true}]}}