{"id":119909,"date":"2025-05-18T09:16:09","date_gmt":"2025-05-18T09:16:09","guid":{"rendered":"https:\/\/www.europesays.com\/de\/119909\/"},"modified":"2025-05-18T09:16:09","modified_gmt":"2025-05-18T09:16:09","slug":"wenn-die-geiseln-zu-hause-sind-esc-zweite-haette-sich-nicht-ueber-sieg-gefreut","status":"publish","type":"post","link":"https:\/\/www.europesays.com\/de\/119909\/","title":{"rendered":"&#8222;Wenn die Geiseln zu Hause sind&#8220;: ESC-Zweite h\u00e4tte sich nicht \u00fcber Sieg gefreut"},"content":{"rendered":"<p>                    &#8222;Wenn die Geiseln zu Hause sind&#8220;<br \/>\n                ESC-Zweite h\u00e4tte sich nicht \u00fcber Sieg gefreut<\/p>\n<p>\t\t\t\t              18.05.2025, 08:51 Uhr<\/p>\n<p>\t\t\t\t\t       Artikel anh\u00f6ren<\/p>\n<p>\t\t\t\t\t\t\tDiese Audioversion wurde k\u00fcnstlich generiert. <a href=\"https:\/\/www.n-tv.de\/23249898\" rel=\"nofollow noopener\" target=\"_blank\">Mehr Infos<\/a><\/p>\n<p><strong>Mit &#8222;New Day Will Rise&#8220; holt Yuval Raphael beim ESC den zweiten Platz f\u00fcr Israel. Die 24-J\u00e4hrige widmet ihren Auftritt der Hoffnung auf die R\u00fcckkehr der Geiseln aus dem Gazastreifen. &#8222;Ein wirklicher Sieg kommt erst, wenn sie zu Hause sind&#8220;, sagt sie nach dem Wettbewerb.<\/strong><\/p>\n<p>Israels S\u00e4ngerin Yuval Raphael hat mit ihrem Song &#8222;New Day Will Rise&#8220; den zweiten Platz beim Eurovision Song Contest belegt &#8211; aber auch ein Sieg h\u00e4tte sich f\u00fcr sie nicht als Triumph angef\u00fchlt. &#8222;Wir werden erst dann einen wirklichen Sieg erringen, wenn unsere Geiseln wieder zu Hause sind. Amen, Amen, Amen&#8220;, sagte die 24-J\u00e4hrige nach dem Wettbewerb in Basel laut israelischen Medien in der Nacht. &#8222;Heute habe ich mich stolz gef\u00fchlt. Alles, was ich wollte, war, das Land mitten in diesem Irrsinn stolz zu machen und ihm eine Sekunde des Friedens zu schenken.&#8220;<\/p>\n<p>Yuval Raphael hatte das Massaker islamistischer Terroristen in Israel am 7. Oktober 2023 als Besucherin des Nova-Musikfestivals \u00fcberlebt. Sie versteckte sich damals acht Stunden lang unter dem K\u00f6rper einer ermordeten Frau und stellte sich tot. Nach israelischen Angaben werden derzeit noch mindestens 20 Geiseln lebend im Gazastreifen festgehalten. <\/p>\n<p>&#8222;Dankbar f\u00fcr unser Land&#8220;<\/p>\n<p>In ihrem ESC-Song &#8222;New Day Will Rise&#8220; thematisierte sie Verlust und Hoffnung. In Basel sah sie sich immer wieder Kritik ausgesetzt &#8211; wegen der Offensive ihres Landes im Gazastreifen mit Zehntausenden Todesopfern. <\/p>\n<p>Raphael sagte kurz nach Bekanntgabe des Ergebnisses dem Sender Kan, sie wisse nicht, wie sie auf die Situation reagieren solle. &#8222;Ich habe das Gef\u00fchl, dass wir im Leben gewonnen haben. Ich wei\u00df nicht, wie ich es erkl\u00e4ren soll. Ich werde jeden Tag meines Lebens dankbar f\u00fcr diese Situation sein, ich werde jeden Tag meines Lebens dankbar f\u00fcr unser Land sein.&#8220; Die n\u00e4chsten Tage werde sie feiern. <\/p>\n<p>Beim Publikum lag Israel deutlich vorn. \u00d6sterreich gewann schlie\u00dflich, weil S\u00e4nger JJ deutlich mehr Punkte von den Jurys erhielt.<\/p>\n","protected":false},"excerpt":{"rendered":"&#8222;Wenn die Geiseln zu Hause sind&#8220; ESC-Zweite h\u00e4tte sich nicht \u00fcber Sieg gefreut 18.05.2025, 08:51 Uhr Artikel anh\u00f6ren&hellip;\n","protected":false},"author":2,"featured_media":119910,"comment_status":"","ping_status":"","sticky":false,"template":"","format":"standard","meta":{"footnotes":""},"categories":[1772],"tags":[29,214,4631,30,411,412,929,7226,1779,810,215],"class_list":{"0":"post-119909","1":"post","2":"type-post","3":"status-publish","4":"format-standard","5":"has-post-thumbnail","7":"category-musik","8":"tag-deutschland","9":"tag-entertainment","10":"tag-eurovision-song-contest","11":"tag-germany","12":"tag-israel","13":"tag-israel-krieg","14":"tag-kriege-und-konflikte","15":"tag-kriegsverbrechen","16":"tag-music","17":"tag-musik","18":"tag-unterhaltung"},"share_on_mastodon":{"url":"https:\/\/pubeurope.com\/@de\/114528084727558570","error":""},"_links":{"self":[{"href":"https:\/\/www.europesays.com\/de\/wp-json\/wp\/v2\/posts\/119909","targetHints":{"allow":["GET"]}}],"collection":[{"href":"https:\/\/www.europesays.com\/de\/wp-json\/wp\/v2\/posts"}],"about":[{"href":"https:\/\/www.europesays.com\/de\/wp-json\/wp\/v2\/types\/post"}],"author":[{"embeddable":true,"href":"https:\/\/www.europesays.com\/de\/wp-json\/wp\/v2\/users\/2"}],"replies":[{"embeddable":true,"href":"https:\/\/www.europesays.com\/de\/wp-json\/wp\/v2\/comments?post=119909"}],"version-history":[{"count":0,"href":"https:\/\/www.europesays.com\/de\/wp-json\/wp\/v2\/posts\/119909\/revisions"}],"wp:featuredmedia":[{"embeddable":true,"href":"https:\/\/www.europesays.com\/de\/wp-json\/wp\/v2\/media\/119910"}],"wp:attachment":[{"href":"https:\/\/www.europesays.com\/de\/wp-json\/wp\/v2\/media?parent=119909"}],"wp:term":[{"taxonomy":"category","embeddable":true,"href":"https:\/\/www.europesays.com\/de\/wp-json\/wp\/v2\/categories?post=119909"},{"taxonomy":"post_tag","embeddable":true,"href":"https:\/\/www.europesays.com\/de\/wp-json\/wp\/v2\/tags?post=119909"}],"curies":[{"name":"wp","href":"https:\/\/api.w.org\/{rel}","templated":true}]}}