{"id":1199116,"date":"2026-07-28T16:47:24","date_gmt":"2026-07-28T16:47:24","guid":{"rendered":"https:\/\/www.europesays.com\/de\/1199116\/"},"modified":"2026-07-28T16:47:24","modified_gmt":"2026-07-28T16:47:24","slug":"byd-greift-deutschen-kfz-markt-an-flash-charging-300-ladestationen-und-neue-jobs-politik","status":"publish","type":"post","link":"https:\/\/www.europesays.com\/de\/1199116\/","title":{"rendered":"BYD greift deutschen Kfz-Markt an: Flash-Charging, 300 Ladestationen und neue Jobs | Politik"},"content":{"rendered":"<p><a class=\"skip-content skip-content--link\" href=\"#in-content-skip-link-target-v-0-0\">TTS-Player \u00fcberspringen\u21b5<\/a><a id=\"in-content-skip-link-target-v-0-0\" class=\"skip-content--target-link-hidden skip-content skip-content--target-link\" href=\"#in-content-skip-link-target-v-0-0\">Artikel weiterlesen<\/a><\/p>\n<p data-83f060b9=\"0-3238\">Berlin\u00a0\u2013 <b>Erst die Autos, dann ein H\u00e4ndlernetz, jetzt die Lades\u00e4ulen: Der chinesische Autobauer BYD macht bei seiner Europa-Offensive Ernst und setzt dabei auf eine 3-Punkte-Strategie: Der Konzern baut ein Werk in Ungarn und verhandelt mit Hunderten europ\u00e4ischen Zulieferern. Er plant mit 350 H\u00e4ndlern f\u00fcr Verkauf und Service und will ein eigenes Netz von Schnellladestationen in Deutschland errichten.<\/b><\/p>\n<p data-83f060b9=\"0-3238\">Gegen\u00fcber BILD erkl\u00e4rt BYD-Deutschland-Chef Lars Bialkowski (54) das Ziel: \u201eWir haben uns vorgenommen, in den n\u00e4chsten f\u00fcnf Jahren als europ\u00e4ischer Hersteller wahrgenommen zu werden.\u201c<\/p>\n<p>So will BYD Deutschland erobern<\/p>\n<p data-83f060b9=\"0-3238\">BYD verfolgt dabei einen anderen Ansatz als viele Wettbewerber. Bialkowski: \u201eWir versuchen, m\u00f6glichst viel selbst zu entwickeln und zu produzieren. Dadurch werden wir unabh\u00e4ngiger von Zulieferern. Das ist ein gro\u00dfer globaler und auch europ\u00e4ischer Wettbewerbsvorteil.\u201c<\/p>\n<p><img decoding=\"async\" width=\"992\" height=\"1178\" alt=\"Lars Bialkowski\u00a0(54) ist Deutschland-Chef von BYD und Regionaldirektor f\u00fcr die Benelux-L\u00e4nder\" loading=\"lazy\" src=\"https:\/\/www.europesays.com\/de\/wp-content\/uploads\/2026\/07\/225e4bf86a1a285e3b86fe42c2c0047c,78a07bdb.jpeg\"   class=\"portrait\"\/><\/p>\n<p class=\"fig__caption__text\">Lars Bialkowski\u00a0(54) ist Deutschland-Chef von BYD und Regionaldirektor f\u00fcr die Benelux-L\u00e4nder<\/p>\n<p>Foto: PR<\/p>\n<p data-83f060b9=\"0-3238\">Tempo ist dabei entscheidend. \u201eVor einem Jahr hatten wir in Deutschland erst 26 oder 27 Verkaufs- und Servicestandorte. Heute sind es bereits 220. Bis Ende des Jahres wollen wir auf 350 Standorte wachsen.\u201c Und, so Bialkowski: \u201eMittlerweile liegen wir bei einem Marktanteil von rund zwei Prozent.\u201c<\/p>\n<p data-83f060b9=\"0-3238\">Dass BYD so stark in H\u00e4ndler investiert, hat einen einfachen Grund. \u201eDer deutsche und der europ\u00e4ische Markt sind sehr kompliziert.\u201c Viele Kunden wollten \u201enur 15 oder 20 Minuten zum n\u00e4chsten H\u00e4ndler fahren\u201c. Deshalb brauche es ein gro\u00dfes H\u00e4ndlernetz.<\/p>\n<p>Laden so schnell wie tanken<\/p>\n<p data-83f060b9=\"0-3238\">Herzst\u00fcck der Offensive ist die neue Flash-Charging-Technologie. F\u00fcr Bialkowski passt sie perfekt zur DNA des Konzerns: \u201eWir sind ein Technologieunternehmen und weniger ein klassischer Automobilhersteller.\u201c Er verspricht: \u201eWir laden von zehn auf 97\u00a0Prozent Batterieladung in neun Minuten.\u201c <\/p>\n<p data-83f060b9=\"0-3238\">Zun\u00e4chst kommt die Technik in den Modellen der neuen Premiummarke Denza zum Einsatz. Mit dem Z9\u00a0GT, dem Van\u00a0D9 und weiteren Modellen greift BYD k\u00fcnftig <a href=\"https:\/\/www.bild.de\/themen\/organisationen\/mercedes-benz\/auto-nachrichten-news-fotos-videos-19107984.bild.html\" class=\"text-link\" rel=\"nofollow noopener\" target=\"_blank\">Mercedes<\/a>, <a href=\"https:\/\/www.bild.de\/themen\/organisationen\/bmw\/auto-nachrichten-news-fotos-videos-19087290.bild.html\" class=\"text-link\" rel=\"nofollow noopener\" target=\"_blank\">BMW<\/a> und <a href=\"https:\/\/www.bild.de\/themen\/organisationen\/audi\/auto-nachrichten-news-fotos-videos-19086532.bild.html\" class=\"text-link\" rel=\"nofollow noopener\" target=\"_blank\">Audi<\/a> im Premiumsegment an. Ab Oktober soll Flash Charging dann auch in den ersten BYD-Modellen verf\u00fcgbar sein.<\/p>\n<p><img decoding=\"async\" width=\"992\" height=\"558\" alt=\"Zur Premiummarke Denza geh\u00f6rt auch der Denza Z. : Erste Modelle Z9GT und D9, sp\u00e4ter im Jahr folgen Z (Foto) und Bao 5\" loading=\"lazy\" src=\"https:\/\/www.europesays.com\/de\/wp-content\/uploads\/2026\/07\/ea7175d23cef214709c92bf81d0fe29f,ffa130bc.jpeg\"   class=\"landscape\"\/><\/p>\n<p class=\"fig__caption__text\">Der Supersportwagen Z der BYD-Premiummarke Denza kommt dieses Jahr auf den Markt. Preis: ab 155.000 Euro<\/p>\n<p>Foto: PR<\/p>\n<p data-83f060b9=\"0-3238\">Damit Autofahrer dieses Tempo \u00fcberhaupt nutzen k\u00f6nnen, baut BYD eigene Schnellladestationen. \u201eUnser Ziel ist es, so schnell wie m\u00f6glich mindestens 300 Ladestationen in Deutschland zu installieren.\u201c Die erste Anlage steht bereits in <a href=\"https:\/\/www.bild.de\/regional\/stuttgart\/stuttgart-regional\/home-16344498.bild.html\" class=\"text-link\" rel=\"nofollow noopener\" target=\"_blank\">Stuttgart<\/a>, weitere sollen u.\u00a0a. entlang von Autobahnen und Bundesstra\u00dfen entstehen.<\/p>\n<p>Bis zu 10.000 neue Jobs geplant<\/p>\n<p data-83f060b9=\"0-3238\">Parallel w\u00e4chst auch die Produktion in <a href=\"https:\/\/www.bild.de\/themen\/orte\/europa\/nachrichten-news-fotos-videos-17813958.bild.html\" class=\"text-link\" rel=\"nofollow noopener\" target=\"_blank\">Europa<\/a>. Noch in diesem Jahr soll das neue Werk in Ungarn anlaufen. Dort werden zun\u00e4chst der Dolphin Surf und der ATTO\u00a02 gebaut. Die Kapazit\u00e4t soll auf rund 150.000 Fahrzeuge pro Jahr steigen, laut Bialkowski \u201eeventuell auch dar\u00fcber hinaus\u201c.<\/p>\n<p><img decoding=\"async\" width=\"992\" height=\"558\" alt=\"Den Dolphin G DM-i (ein Plug-in-Hybrid im B-Segment) gibt\u2019s mit Sommerbonus ab 15.990 Euro\" loading=\"lazy\" src=\"https:\/\/www.europesays.com\/de\/wp-content\/uploads\/2026\/07\/eacac93c40bd7a5c8c9a9421b1bfa9f8,7331f7b8.jpeg\"   class=\"landscape\"\/><\/p>\n<p class=\"fig__caption__text\">Konkurrenz f\u00fcr VW: Den Dolphin G DM-i (ein Plug-in-Hybrid im B-Segment) gibt\u2019s laut BYD mit Sommerbonus (und voller staatlicher F\u00f6rderung) ab 15.990 Euro<\/p>\n<p>Foto: PR<\/p>\n<p data-83f060b9=\"0-3238\">F\u00fcr die Fabrik sucht BYD bereits Partner in Europa. Nach Angaben des Deutschland-Chefs laufen Gespr\u00e4che mit rund 600 europ\u00e4ischen Zulieferern, um eine eigene Lieferkette aufzubauen: \u201eMittelfristig werden wir allein durch dieses Werk bis zu 10.000 Arbeitspl\u00e4tze in Europa schaffen.\u201c<\/p>\n<p data-83f060b9=\"0-3238\">Ein Werk in <a href=\"https:\/\/www.bild.de\/themen\/orte\/deutschland\/nachrichten-news-fotos-videos-17266634.bild.html\" class=\"text-link\" rel=\"nofollow noopener\" target=\"_blank\">Deutschland<\/a> plant BYD derzeit allerdings nicht. Der Fokus liege zun\u00e4chst auf dem Hochlauf der Produktion in <a href=\"https:\/\/www.bild.de\/news\/ausland\/ungarn\/thema-ungarn-alle-infos-80026866.bild.html\" class=\"text-link\" rel=\"nofollow noopener\" target=\"_blank\">Ungarn<\/a>. Die Europa-Offensive soll dennoch konsequent weitergehen. Bialkowski bringt sie auf eine kurze Formel: \u201eDas ist ein Marathon, kein Sprint.\u201c<\/p>\n<p><b>Das ist BYD<\/b><\/p>\n<ul class=\"unordered-list\">\n<li>gegr\u00fcndet 1995 in Shenzhen (China) als Batteriehersteller<\/li>\n<li>der Name BYD leitet sich vom chinesischen Firmennamen \u201eBiyadi\u201c ab, steht heute offiziell f\u00fcr \u201eBuild Your Dreams\u201c (dt. \u201eVerwirkliche deine Tr\u00e4ume\u201c)<\/li>\n<li>seit 2003 Autobauer (nach \u00dcbernahme von Xian Qinhuan Automobile)<\/li>\n<li>seit 2022 baut BYD nur noch Elektroautos und Plug-in-Hybride, dazu leichte Nutzfahrzeuge, Heavy Trucks und Busse<\/li>\n<li>seit Ende 2022 in Deutschland, seit 2025 mit eigener Deutschland-Gesellschaft<\/li>\n<li>Marktanteil in Deutschland: rund 2\u00a0Prozent<\/li>\n<li>aktuell 12 Modelle in Deutschland \u2013 vom Kleinwagen bis zum Siebensitzer<\/li>\n<li>Stadtflitzer Dolphin Surf (*mit Sommerbonus und voller staatlicher F\u00f6rderung) ab 13.490 Euro; Sport-Limousine BYD Seal (*) ab 32.340 Euro; Plug-in-Hybrid-Kombi BYD Seal 6 DM-i Touring (*) ab 27.590 Euro; Plug-in-Hybrid-SUV BYD Seal U DM-i (*) ab 28.990 Euro<\/li>\n<li>dazu seit 2026 die Premiummarke Denza mit vier Modellen<\/li>\n<li>Ende des Jahres kommt neues BYD-Modell mit Blade Battery 2.0, das Flash-Charging, also superschnelles Laden kann<\/li>\n<li>220 Servicestandorte, bis Ende des Jahres sollen es 350 sein<\/li>\n<li>weltweit ca. 900.000 Mitarbeiter, davon rund 120.000 Ingenieure<\/li>\n<li>in Deutschland: ca. 150 Mitarbeiter in Offenbach. Mittelfristig sollen es 350 werden<\/li>\n<\/ul>\n","protected":false},"excerpt":{"rendered":"TTS-Player \u00fcberspringen\u21b5Artikel weiterlesen Berlin\u00a0\u2013 Erst die Autos, dann ein H\u00e4ndlernetz, jetzt die Lades\u00e4ulen: Der chinesische Autobauer BYD macht&hellip;\n","protected":false},"author":2,"featured_media":1199117,"comment_status":"","ping_status":"","sticky":false,"template":"","format":"standard","meta":{"footnotes":"","_share_on_mastodon":"0"},"categories":[134],"tags":[764,26489,374,175,1456,227,170,169,29,1138,30,171,174,13838,26488,227858,173,172,373],"class_list":["post-1199116","post","type-post","status-publish","format-standard","has-post-thumbnail","category-unternehmen-maerkte","tag-audi","tag-auto-hersteller","tag-bmw","tag-business","tag-byd","tag-china","tag-companies","tag-companies-markets","tag-deutschland","tag-elektroauto","tag-germany","tag-markets","tag-maerkte","tag-mercedes-modelle","tag-neuwagen","tag-team-deep","tag-unternehmen","tag-unternehmen-maerkte","tag-volkswagen"],"share_on_mastodon":{"url":"https:\/\/pubeurope.com\/@de\/116998628298305487","error":""},"_links":{"self":[{"href":"https:\/\/www.europesays.com\/de\/wp-json\/wp\/v2\/posts\/1199116","targetHints":{"allow":["GET"]}}],"collection":[{"href":"https:\/\/www.europesays.com\/de\/wp-json\/wp\/v2\/posts"}],"about":[{"href":"https:\/\/www.europesays.com\/de\/wp-json\/wp\/v2\/types\/post"}],"author":[{"embeddable":true,"href":"https:\/\/www.europesays.com\/de\/wp-json\/wp\/v2\/users\/2"}],"replies":[{"embeddable":true,"href":"https:\/\/www.europesays.com\/de\/wp-json\/wp\/v2\/comments?post=1199116"}],"version-history":[{"count":0,"href":"https:\/\/www.europesays.com\/de\/wp-json\/wp\/v2\/posts\/1199116\/revisions"}],"wp:featuredmedia":[{"embeddable":true,"href":"https:\/\/www.europesays.com\/de\/wp-json\/wp\/v2\/media\/1199117"}],"wp:attachment":[{"href":"https:\/\/www.europesays.com\/de\/wp-json\/wp\/v2\/media?parent=1199116"}],"wp:term":[{"taxonomy":"category","embeddable":true,"href":"https:\/\/www.europesays.com\/de\/wp-json\/wp\/v2\/categories?post=1199116"},{"taxonomy":"post_tag","embeddable":true,"href":"https:\/\/www.europesays.com\/de\/wp-json\/wp\/v2\/tags?post=1199116"}],"curies":[{"name":"wp","href":"https:\/\/api.w.org\/{rel}","templated":true}]}}