{"id":1199234,"date":"2026-07-28T17:56:12","date_gmt":"2026-07-28T17:56:12","guid":{"rendered":"https:\/\/www.europesays.com\/de\/1199234\/"},"modified":"2026-07-28T17:56:12","modified_gmt":"2026-07-28T17:56:12","slug":"christopher-street-day-polizei-verstaerkt-einsatzkraefte-fuer-csd-in-hamburg","status":"publish","type":"post","link":"https:\/\/www.europesays.com\/de\/1199234\/","title":{"rendered":"Christopher Street Day: Polizei verst\u00e4rkt Einsatzkr\u00e4fte f\u00fcr CSD in Hamburg"},"content":{"rendered":"<p class=\"paragraph article__item\">Die Hamburger Polizei erh\u00f6ht f\u00fcr den <a class=\"rtr-entity\" href=\"https:\/\/www.zeit.de\/thema\/christopher-street-day\" rel=\"nofollow noopener\" target=\"_blank\">Christopher Street Day<\/a> (CSD) am kommenden Samstag in der Hansestadt die Zahl der Einsatzkr\u00e4fte. Die Polizei werde vor, w\u00e4hrend und nach der Demonstration f\u00fcr die Teilnehmenden \u00bbsehr pr\u00e4sent und ansprechbar sein\u00ab, teilten die Hamburger Innenbeh\u00f6rde und die Polizei mit. Zugleich informierten sie, f\u00fcr die Veranstaltungen rund um den Hamburger CSD best\u00fcnden derzeit \u00bbkeine konkreten Gef\u00e4hrdungshinweise\u00ab.\n<\/p>\n<p class=\"paragraph article__item\">Die Sicherheitsma\u00dfnahmen f\u00fcr den CSD bef\u00e4nden sich \u00bbbereits auf einem sehr hohen Niveau\u00ab, die <a class=\"rtr-entity\" href=\"https:\/\/www.zeit.de\/thema\/polizei\" rel=\"nofollow noopener\" target=\"_blank\">Polizei<\/a> greife auf ihr \u00bbbew\u00e4hrtes Einsatzkonzept\u00ab zur\u00fcck, sagte Daniel Schaefer, Pressesprecher der Innenbeh\u00f6rde. \u00bbGerade der Streckenschutz und technische Sperren zum \u00dcberfahrschutz sind dabei wichtige Elemente\u00ab, sagte er. Gemeinsam \u00bbmit den ausgesprochen erfahrenen Veranstaltern\u00ab und dem zust\u00e4ndigen Bezirksamt Hamburg-Mitte gehe es darum, \u00bbein H\u00f6chstma\u00df an Sicherheit zu gew\u00e4hrleisten\u00ab. Die Polizei stehe fest an der Seite der queeren Community. Zu dem CSD w\u00fcrden <a href=\"https:\/\/www.zeit.de\/gesellschaft\/2025-08\/csd-hamburg-zehntausende-teilnehmer\" target=\"_blank\" rel=\"nofollow noopener\">rund 250.000 Teilnehmende erwartet<\/a>.\n<\/p>\n<p>            Zerst\u00f6rungen an einem provisorischen Gedenkort            <\/p>\n<p class=\"paragraph article__item\">Am vergangenen Samstag hatte der Tatverd\u00e4chtige Abdul B. einen Van in der N\u00e4he des Berliner CSD\u00a0<a href=\"https:\/\/www.zeit.de\/gesellschaft\/zeitgeschehen\/2026-07\/csd-berlin-auto-menschenmenge-islamistisches-motiv-gxe\" target=\"_blank\" rel=\"nofollow noopener\">in eine Menschenmenge gesteuert<\/a>. Danach ging der mutma\u00dfliche T\u00e4ter mit einer Stichwaffe auf weitere Personen los. Eine Frau wurde get\u00f6tet, 31 Personen erlitten teils schwere Verletzungen. <a href=\"https:\/\/www.zeit.de\/gesellschaft\/2026-07\/anschlag-auf-csd-mutmasslicher-attentaeter-abdul-b-offenbar-erschossen\" target=\"_blank\" rel=\"nofollow noopener\">Am Sonntag wurde B. bei einem Polizeieinsatz get\u00f6tet<\/a>. Die Sicherheitsbeh\u00f6rden gehen von einem islamistischen Motiv aus, der mutma\u00dfliche T\u00e4ter soll Kontakt zum \u00bbIslamischen Staat\u00ab gehabt haben.\n<\/p>\n<p class=\"paragraph article__item\">An einem provisorischen Gedenkort nahe dem Tatort im Berliner Tiergarten wurde zuletzt eine Sachbesch\u00e4digung durch die Polizei festgestellt. Ein Zeuge habe eine zerst\u00f6rte Vase und ein mutma\u00dflich angez\u00fcndetes Herz aus Pappe<br \/>\ngemeldet, teilte die Polizei mit. Der polizeiliche Staatsschutz<br \/>\nermittelt.\n<\/p>\n<p>Mehr zum Thema<\/p>\n<p>                <a href=\"https:\/\/www.zeit.de\/zeit-magazin\/leben\/2026-07\/csd-berlin-anschlag-queere-community-protokoll-fs\" data-ct-label=\"CSD Berlin: \u00bbDie Pride wird sich nicht mehr anf\u00fchlen wie vor dem Anschlag\u00ab\" data-uuid=\"f46604e6-e199-4d6b-90b3-c709dff1bb50\" rel=\"nofollow noopener\" target=\"_blank\"><\/p>\n<p>        Z+ (abopflichtiger Inhalt);<\/p>\n<p>    CSD Berlin:<br \/>\n                        \u00bbDie Pride wird sich nicht mehr anf\u00fchlen wie vor dem Anschlag\u00ab<\/p>\n<p>                <\/a><\/p>\n<p>                <a href=\"https:\/\/www.zeit.de\/gesellschaft\/2026-07\/tatverdaechtiger-abdul-b-verwandschaft-islamischer-staat-csd-berlin\" data-ct-label=\"Tatverd\u00e4chtiger Abdul B.: Zwei Cousins des CSD-Attent\u00e4ters Abdul B. waren IS-K\u00e4mpfer\" data-uuid=\"4a423b4f-c010-4365-9580-59ce98d0132d\" rel=\"nofollow noopener\" target=\"_blank\"><\/p>\n<p>                        Tatverd\u00e4chtiger Abdul B.:<br \/>\n                        Zwei Cousins des CSD-Attent\u00e4ters Abdul B. waren IS-K\u00e4mpfer<\/p>\n<p>                <\/a><\/p>\n<p>                <a href=\"https:\/\/www.zeit.de\/politik\/deutschland\/2026-07\/anschlag-csd-berlin-taeter-abdul-b-christopher-street-day\" data-ct-label=\" Anschlag auf den Berliner CSD: Alle wussten, dass er ein Extremist ist\" data-uuid=\"f0d916bd-c6d9-4317-baa1-4b1dbff533a9\" rel=\"nofollow noopener\" target=\"_blank\"><\/p>\n<p>        Z+ (abopflichtiger Inhalt);<\/p>\n<p>     Anschlag auf den Berliner CSD:<br \/>\n                        Alle wussten, dass er ein Extremist ist<\/p>\n<p>                <\/a><\/p>\n","protected":false},"excerpt":{"rendered":"Die Hamburger Polizei erh\u00f6ht f\u00fcr den Christopher Street Day (CSD) am kommenden Samstag in der Hansestadt die Zahl&hellip;\n","protected":false},"author":2,"featured_media":1199235,"comment_status":"","ping_status":"","sticky":false,"template":"","format":"standard","meta":{"footnotes":"","_share_on_mastodon":"0"},"categories":[1826],"tags":[30485,507,29,30,1724,692,121,14037],"class_list":["post-1199234","post","type-post","status-publish","format-standard","has-post-thumbnail","category-hamburg","tag-christopher-street-day","tag-demonstration","tag-deutschland","tag-germany","tag-gesellschaft","tag-hamburg","tag-polizei","tag-queerness"],"share_on_mastodon":{"url":"","error":""},"_links":{"self":[{"href":"https:\/\/www.europesays.com\/de\/wp-json\/wp\/v2\/posts\/1199234","targetHints":{"allow":["GET"]}}],"collection":[{"href":"https:\/\/www.europesays.com\/de\/wp-json\/wp\/v2\/posts"}],"about":[{"href":"https:\/\/www.europesays.com\/de\/wp-json\/wp\/v2\/types\/post"}],"author":[{"embeddable":true,"href":"https:\/\/www.europesays.com\/de\/wp-json\/wp\/v2\/users\/2"}],"replies":[{"embeddable":true,"href":"https:\/\/www.europesays.com\/de\/wp-json\/wp\/v2\/comments?post=1199234"}],"version-history":[{"count":0,"href":"https:\/\/www.europesays.com\/de\/wp-json\/wp\/v2\/posts\/1199234\/revisions"}],"wp:featuredmedia":[{"embeddable":true,"href":"https:\/\/www.europesays.com\/de\/wp-json\/wp\/v2\/media\/1199235"}],"wp:attachment":[{"href":"https:\/\/www.europesays.com\/de\/wp-json\/wp\/v2\/media?parent=1199234"}],"wp:term":[{"taxonomy":"category","embeddable":true,"href":"https:\/\/www.europesays.com\/de\/wp-json\/wp\/v2\/categories?post=1199234"},{"taxonomy":"post_tag","embeddable":true,"href":"https:\/\/www.europesays.com\/de\/wp-json\/wp\/v2\/tags?post=1199234"}],"curies":[{"name":"wp","href":"https:\/\/api.w.org\/{rel}","templated":true}]}}