{"id":1199248,"date":"2026-07-28T18:04:19","date_gmt":"2026-07-28T18:04:19","guid":{"rendered":"https:\/\/www.europesays.com\/de\/1199248\/"},"modified":"2026-07-28T18:04:19","modified_gmt":"2026-07-28T18:04:19","slug":"diab-widerspricht-vorwurf-influencerin-bekommt-rekordstrafe-in-baden-wuerttemberg-aufgebrummt","status":"publish","type":"post","link":"https:\/\/www.europesays.com\/de\/1199248\/","title":{"rendered":"Diab widerspricht Vorwurf: Influencerin bekommt Rekordstrafe in Baden-W\u00fcrttemberg aufgebrummt"},"content":{"rendered":"<p>Diab widerspricht VorwurfInfluencerin bekommt Rekordstrafe in Baden-W\u00fcrttemberg aufgebrummt<\/p>\n<p>28.07.2026, 18:56 Uhr <\/p>\n<p>Artikel anh\u00f6ren(02:50 min)<\/p>\n<p><img decoding=\"async\" class=\"Image_img__fQCi0 Image_Img_16_9__4BLfH widget-picture-inline_maximizable__t_E7h\" loading=\"eager\" fetchpriority=\"high\" src=\"https:\/\/www.europesays.com\/de\/wp-content\/uploads\/2026\/07\/Internet-Stars-Social-Media-Stars-Influencer-Award-Show-About-You-Award-2017-im-Mehr-Theater-Hamburg.webp\" alt=\"Internet-Stars-Social-Media-Stars-Influencer-Award-Show-About-You-Award-2017-im-Mehr-Theater-Hamburg-04-05\"\/>Hanadi Diab beim About You Award 2017. (Foto: picture alliance \/ rtn &#8211; radio tele nord)TeilenFolgen auf:<a href=\"https:\/\/www.whatsapp.com\/channel\/0029Va5cdVJD8SDp5YZgYF01\" title=\"Auf WhatsApp folgen\" target=\"_blank\" rel=\"nofollow noopener\"><img decoding=\"async\" src=\"https:\/\/www.n-tv.de\/socialIcons\/whatsapp.svg\" alt=\"whatsapp\" class=\"ArticleShare_icon__FsrC2\"\/><\/a><a href=\"https:\/\/www.google.com\/preferences\/source?q=n-tv.de\" title=\"ntv als bevorzugte Quelle auf Google hinzuf\u00fcgen\" target=\"_blank\" rel=\"nofollow noopener\"><img decoding=\"async\" src=\"https:\/\/www.n-tv.de\/socialIcons\/google.svg\" alt=\"whatsapp\" class=\"ArticleShare_icon__FsrC2\"\/><\/a><\/p>\n<p class=\"Typography_text-m__XI0da Typography_weight-bold__uT6mq storyline_lead_text_leadtext__q_wg8\">Hanadi Diab hat allein bei Instagram 760.000 Follower. Sie postet seit Jahren Videos zu Lifestyle, Mode und Co. und bewirbt immer wieder Produkte. Die Anzeigen kennzeichnet sie aber nicht korrekt, entscheidet eine Beh\u00f6rde und verdonnert sie zu einer Rekordstrafe. <\/p>\n<p class=\"Typography_text-default__P3otY Typography_weight-normal__pqUbH storyline_paragraph_p__qSR5N\">Wegen wiederholter Verst\u00f6\u00dfe gegen die Werbekennzeichnungspflicht auf Instagram soll eine Stuttgarter Influencerin mehr als 37.000 Euro zahlen. Die Landesanstalt f\u00fcr Kommunikation Baden-W\u00fcrttemberg (LFK) verh\u00e4ngte eine Geldbu\u00dfe von 36.000 Euro, wie sie mitteilte. Zusammen mit Verfahrensgeb\u00fchren und Auslagen belaufe sich der zu zahlende Betrag auf 37.803,50 Euro.<\/p>\n<p class=\"Typography_text-default__P3otY Typography_weight-normal__pqUbH storyline_paragraph_p__qSR5N\">Der Bu\u00dfgeldbescheid ist nach Angaben der Beh\u00f6rde rechtskr\u00e4ftig. Laut LFK ist es das h\u00f6chste Bu\u00dfgeld, das sie bislang gegen eine Influencerin oder einen Influencer verh\u00e4ngt hat.<\/p>\n<p class=\"Typography_text-default__P3otY Typography_weight-normal__pqUbH storyline_paragraph_p__qSR5N\">Bei der Influencerin handelt es sich um Hanadi Diab, die Fotos und Videos zu Lifestyle, Mode und Beauty postet. Mehr als 760.000 Menschen folgen ihr allein auf Instagram. Diab widersprach den Vorw\u00fcrfen schon im April in einem auf TikTok ver\u00f6ffentlichten Video. &#8222;Ich bin geschockt. Ich kennzeichne jede Kooperation&#8220;, erkl\u00e4rte sie.<\/p>\n<p>Werbehinweise kaum wahrnehmbar<\/p>\n<p class=\"Typography_text-default__P3otY Typography_weight-normal__pqUbH storyline_paragraph_p__qSR5N\">Nach ihrer Darstellung bem\u00e4ngelte die LFK unter anderem, dass die Hinweise auf Werbung zu klein und wegen der Schriftart und -farbe nicht ausreichend erkennbar gewesen seien. &#8222;Man sieht doch \u00fcberall, dass es eine Anzeige ist&#8220;, sagte die Influencerin. Auf Anfrage der Deutschen Presse-Agentur wollte sie sich nicht \u00fcber diese Stellungnahme hinaus \u00e4u\u00dfern.<\/p>\n<p class=\"Typography_text-default__P3otY Typography_weight-normal__pqUbH storyline_paragraph_p__qSR5N\">Nach Angaben der LFK geht es um mehrere bezahlte Kooperationen, die Diab zwischen Mai und Juli 2025 in Instagram-Storys ver\u00f6ffentlicht haben soll. F\u00fcr die Werbung habe sie Geld und Sachleistungen erhalten. Ein Teil der Beitr\u00e4ge sei gar nicht als Werbung gekennzeichnet gewesen. Der kommerzielle Charakter der Beitr\u00e4ge sei f\u00fcr Nutzer nicht auf den ersten Blick erkennbar gewesen.<\/p>\n<p class=\"Typography_text-default__P3otY Typography_weight-normal__pqUbH storyline_paragraph_p__qSR5N\">Laut LFK war Diab schon 2020 und 2022 mehrfach auf die gesetzlichen Anforderungen an die Werbekennzeichnung hingewiesen worden. Bei der H\u00f6he der Geldbu\u00dfe ber\u00fccksichtigte die LFK laut Mitteilung unter anderem die wiederholten Verst\u00f6\u00dfe, die hohe Reichweite des Instagram-Auftritts, den wirtschaftlichen Wert der Kooperationen und die fr\u00fcheren Hinweise der Beh\u00f6rde.<\/p>\n<p class=\"Typography_text-s__wu_cm Typography_weight-normal__pqUbH Typography_color-darkgrey__sZEnP article-detail-footer_source__KslPc\">Quelle: ntv.de, als\/dpa<\/p>\n","protected":false},"excerpt":{"rendered":"Diab widerspricht VorwurfInfluencerin bekommt Rekordstrafe in Baden-W\u00fcrttemberg aufgebrummt 28.07.2026, 18:56 Uhr Artikel anh\u00f6ren(02:50 min) Hanadi Diab beim About&hellip;\n","protected":false},"author":2,"featured_media":1199249,"comment_status":"","ping_status":"","sticky":false,"template":"","format":"standard","meta":{"footnotes":"","_share_on_mastodon":"0"},"categories":[1776],"tags":[1801,29,214,30,153,152,984,1802,215,11747,10275],"class_list":["post-1199248","post","type-post","status-publish","format-standard","has-post-thumbnail","category-prominente","tag-celebrities","tag-deutschland","tag-entertainment","tag-germany","tag-influencer","tag-instagram","tag-international","tag-prominente","tag-unterhaltung","tag-urteile","tag-werbung"],"share_on_mastodon":{"url":"","error":""},"_links":{"self":[{"href":"https:\/\/www.europesays.com\/de\/wp-json\/wp\/v2\/posts\/1199248","targetHints":{"allow":["GET"]}}],"collection":[{"href":"https:\/\/www.europesays.com\/de\/wp-json\/wp\/v2\/posts"}],"about":[{"href":"https:\/\/www.europesays.com\/de\/wp-json\/wp\/v2\/types\/post"}],"author":[{"embeddable":true,"href":"https:\/\/www.europesays.com\/de\/wp-json\/wp\/v2\/users\/2"}],"replies":[{"embeddable":true,"href":"https:\/\/www.europesays.com\/de\/wp-json\/wp\/v2\/comments?post=1199248"}],"version-history":[{"count":0,"href":"https:\/\/www.europesays.com\/de\/wp-json\/wp\/v2\/posts\/1199248\/revisions"}],"wp:featuredmedia":[{"embeddable":true,"href":"https:\/\/www.europesays.com\/de\/wp-json\/wp\/v2\/media\/1199249"}],"wp:attachment":[{"href":"https:\/\/www.europesays.com\/de\/wp-json\/wp\/v2\/media?parent=1199248"}],"wp:term":[{"taxonomy":"category","embeddable":true,"href":"https:\/\/www.europesays.com\/de\/wp-json\/wp\/v2\/categories?post=1199248"},{"taxonomy":"post_tag","embeddable":true,"href":"https:\/\/www.europesays.com\/de\/wp-json\/wp\/v2\/tags?post=1199248"}],"curies":[{"name":"wp","href":"https:\/\/api.w.org\/{rel}","templated":true}]}}