{"id":1199278,"date":"2026-07-28T18:21:40","date_gmt":"2026-07-28T18:21:40","guid":{"rendered":"https:\/\/www.europesays.com\/de\/1199278\/"},"modified":"2026-07-28T18:21:40","modified_gmt":"2026-07-28T18:21:40","slug":"bpol-ki-15-jaehriger-wollte-viagra-verkaufen","status":"publish","type":"post","link":"https:\/\/www.europesays.com\/de\/1199278\/","title":{"rendered":"BPOL-KI: 15-J\u00e4hriger wollte Viagra verkaufen"},"content":{"rendered":"<p class=\"date\">28.07.2026 \u2013 13:21<\/p>\n<p class=\"customer\">\n                        <a class=\"story-customer\" title=\"weiter zum newsroom von Bundespolizeiinspektion Kiel\" href=\"https:\/\/www.presseportal.de\/blaulicht\/nr\/70257\" rel=\"nofollow noopener\" target=\"_blank\">Bundespolizeiinspektion Kiel<\/a>\n                    <\/p>\n<p><a data-category=\"citylink-story-view\" data-action=\"click\" data-label=\"Citylink in Meldungsansicht\" class=\"story-city event-trigger\" href=\"https:\/\/www.presseportal.de\/regional\/L%FCbeck-Travem%FCnde\" title=\"News aus L\u00fcbeck-Travem\u00fcnde \" rel=\"nofollow noopener\" target=\"_blank\">L\u00fcbeck-Travem\u00fcnde<\/a> (ots)<\/p>\n<p>Die Bundespolizei kontrollierte am 25.07.26 am Haltepunkt Travem\u00fcnder-Strand einen 15-j\u00e4hrigen Jugendlichen. Er hatte Viagra-Tabletten bei sich, die er wohl an Freunde und Bekannte verkaufen wollte.<\/p>\n<p>Am Samstag, 25.07.2026 waren Beamte der Mobilen Kontroll- und \u00dcberwachungseinheit der Bundespolizeidirektion Bad Bramstedt zur Unterst\u00fctzung der Bundespolizeiinspektion Kiel anl\u00e4sslich der Travem\u00fcnder Woche 2026 am Haltepunkt L\u00fcbeck-Travem\u00fcnde-Strand eingesetzt, als sie gegen 21:40 Uhr auf einen jungen Mann aufmerksam wurden. Er vermied den Blickkontakt und versuchte den Polizisten auszuweichen.<br \/>\nDer Jugendliche wurde daraufhin angehalten und aufgefordert sich auszuweisen. Aufgrund der Einstufung des Haltepunktes als gef\u00e4hrdetes Objekt f\u00fcr den Zeitraum der Travem\u00fcnder Woche, wurde der 15-j\u00e4hrige Deutsche nach gef\u00e4hrlichen oder verbotenen Gegenst\u00e4nden befragt und durchsucht. In einem um den Hals getragenen Kartenetuis konnten -9- bunte Tabletten aufgefunden werden, die sich nicht in einer Originalverpackung befanden und keine R\u00fcckschl\u00fcsse auf den Wirkstoff erkennbar waren. Auf Befragen gab er an, dass es sich bei den blauen, roten und braunen Tabletten um das verschreibungspflichtige Arzneimittel Viagra handele, die unterschiedliche Konzentrationen des Wirkstoffes enthalten.<br \/>\nAuf die sich danach aufdr\u00e4ngende Frage, was er damit vorhabe, gab er an, diese f\u00fcr ein Entgelt an Freunde weitergeben zu wollen. Da die mutma\u00dflichen Viagra-Tabletten ein verschreibungspflichtiges Arzneimittel darstellen, stand nun ein Straftatenverdacht im Raum und der Jugendliche wurde entsprechend belehrt. Die Erziehungsberechtigten wurden \u00fcber den Sachverhalt in Kenntnis gesetzt.<br \/>\nDie Tabletten wurden sichergestellt und der 15-j\u00e4hrige gegen 23:00 Uhr mit Erlaubnis der Eltern und einem Platzverweis  f\u00fcr das Veranstaltungsgel\u00e4nde aus den Ma\u00dfnahmen entlassen.<\/p>\n<p>Er muss sich nun wegen des Versto\u00dfes gegen das Arzneimittelgesetz verantworten.<\/p>\n<p>Andr\u00e9 Fischer &#8211; Pressestelle Bundespolizeiinspektion Kiel<\/p>\n<p class=\"contact-headline\">R\u00fcckfragen bitte an:<\/p>\n<p class=\"contact-text\">Bundespolizeiinspektion Kiel<br \/>Pressestelle<br \/>Andr\u00e9 Fischer<br \/>Telefon: 0431\/ 980 71 &#8211; 119<br \/>E-Mail: <a href=\"https:\/\/www.presseportal.de\/blaulicht\/pm\/70257\/mailto:presse.kiel@polizei.bund.de\" class=\"uri-mailto\" rel=\"nofollow noopener\" target=\"_blank\">presse.kiel@polizei.bund.de<\/a><br \/><a target=\"_blank\" class=\"uri-ext outbound\" rel=\"noopener nofollow\" href=\"https:\/\/www.bundespolizei.de\">www.bundespolizei.de<\/a><br \/>Twitter: @bpol_kueste<\/p>\n<p>Die Bundespolizeidirektion Bad Bramstedt gew\u00e4hrleistet als <br \/>Bundesbeh\u00f6rde die Wahrnehmung ihrer<br \/>\u00fcbertragenen Aufgaben in Schleswig-Holstein, Mecklenburg-Vorpommern <br \/>sowie auf Nord- und<br \/>Ostsee. Etwa 2.700 Mitarbeiterinnen und Mitarbeiter, darunter <br \/>Polizei- und Verwaltungsbeamte<br \/>sowie Angestellte, sorgen auf Grundlage des Bundespolizeigesetzes und<br \/>weiterer Rechtsvorschriften<br \/>im Rahmen der Gefahrenabwehr und Strafverfolgung f\u00fcr Sicherheit an <br \/>den Grenzen, auf<br \/>Bahnanlagen und auf See.<\/p>\n<p>Die nachgeordneten Bundespolizeiinspektionen in Flensburg, Kiel, <br \/>Rostock, Stralsund und Pasewalk<br \/>sowie die Bundespolizeiinspektion Kriminalit\u00e4tsbek\u00e4mpfung Rostock und<br \/>die Kr\u00e4fte der Mobilen <br \/>Kontroll- und \u00dcberwachungseinheit sind 24\/7 im Einsatz. Mit den <br \/>Bundespolizeiinspektionen See in<br \/>Neustadt in Holstein, Warnem\u00fcnde und Cuxhaven sowie der maritimen <br \/>Kriminalit\u00e4tsbek\u00e4mpfung im<br \/>Direktionsbereich See und einem eigenen Maritimen Schulungs- und <br \/>Trainingszentrum, verf\u00fcgt die<br \/>Bundepolizeidirektion Bad Bramstedt bundesweit einzigartig \u00fcber eine <br \/>maritime Einsatzkomponente.<\/p>\n<p>Die Bundespolizei See sch\u00fctzt und \u00fcberwacht Tag und Nacht die <br \/>Seegrenze (EU-Au\u00dfengrenze),<br \/>maritime kritische Infrastruktur, den Seeverkehr auf Nord- und Ostsee<br \/>mit modernen und<br \/>leistungsf\u00e4higen Einsatzschiffen und -booten.<\/p>\n<p>Weitere Informationen zur Bundespolizei und zur <br \/>Bundespolizeidirektion Bad Bramstedt erhalten Sie<br \/>unter <a target=\"_blank\" class=\"uri-ext outbound\" rel=\"noopener nofollow\" href=\"https:\/\/www.bundespolizei.de\">www.bundespolizei.de<\/a>.<\/p>\n<p class=\"originator\">Original-Content von: Bundespolizeiinspektion Kiel, \u00fcbermittelt durch news aktuell<\/p>\n","protected":false},"excerpt":{"rendered":"28.07.2026 \u2013 13:21 Bundespolizeiinspektion Kiel L\u00fcbeck-Travem\u00fcnde (ots) Die Bundespolizei kontrollierte am 25.07.26 am Haltepunkt Travem\u00fcnder-Strand einen 15-j\u00e4hrigen Jugendlichen.&hellip;\n","protected":false},"author":2,"featured_media":1184682,"comment_status":"","ping_status":"","sticky":false,"template":"","format":"standard","meta":{"footnotes":"","_share_on_mastodon":"0"},"categories":[1852],"tags":[3364,29,548,663,3934,30,13,691,4949,1352,14,15,121,178,180,179,181,12,1971,17990],"class_list":["post-1199278","post","type-post","status-publish","format-standard","has-post-thumbnail","category-kiel","tag-de","tag-deutschland","tag-eu","tag-europa","tag-europe","tag-germany","tag-headlines","tag-hh","tag-kiel","tag-mv","tag-nachrichten","tag-news","tag-polizei","tag-presse","tag-pressemeldung","tag-pressemitteilung","tag-pressemitteilungen","tag-schlagzeilen","tag-schleswig-holstein","tag-sh"],"share_on_mastodon":{"url":"","error":""},"_links":{"self":[{"href":"https:\/\/www.europesays.com\/de\/wp-json\/wp\/v2\/posts\/1199278","targetHints":{"allow":["GET"]}}],"collection":[{"href":"https:\/\/www.europesays.com\/de\/wp-json\/wp\/v2\/posts"}],"about":[{"href":"https:\/\/www.europesays.com\/de\/wp-json\/wp\/v2\/types\/post"}],"author":[{"embeddable":true,"href":"https:\/\/www.europesays.com\/de\/wp-json\/wp\/v2\/users\/2"}],"replies":[{"embeddable":true,"href":"https:\/\/www.europesays.com\/de\/wp-json\/wp\/v2\/comments?post=1199278"}],"version-history":[{"count":0,"href":"https:\/\/www.europesays.com\/de\/wp-json\/wp\/v2\/posts\/1199278\/revisions"}],"wp:featuredmedia":[{"embeddable":true,"href":"https:\/\/www.europesays.com\/de\/wp-json\/wp\/v2\/media\/1184682"}],"wp:attachment":[{"href":"https:\/\/www.europesays.com\/de\/wp-json\/wp\/v2\/media?parent=1199278"}],"wp:term":[{"taxonomy":"category","embeddable":true,"href":"https:\/\/www.europesays.com\/de\/wp-json\/wp\/v2\/categories?post=1199278"},{"taxonomy":"post_tag","embeddable":true,"href":"https:\/\/www.europesays.com\/de\/wp-json\/wp\/v2\/tags?post=1199278"}],"curies":[{"name":"wp","href":"https:\/\/api.w.org\/{rel}","templated":true}]}}