{"id":1199315,"date":"2026-07-28T18:47:21","date_gmt":"2026-07-28T18:47:21","guid":{"rendered":"https:\/\/www.europesays.com\/de\/1199315\/"},"modified":"2026-07-28T18:47:21","modified_gmt":"2026-07-28T18:47:21","slug":"us-newsblog-netanjahu-und-trump-loben-positive-gespraeche","status":"publish","type":"post","link":"https:\/\/www.europesays.com\/de\/1199315\/","title":{"rendered":"US-Newsblog: Netanjahu und Trump loben &#8222;positive&#8220; Gespr\u00e4che"},"content":{"rendered":"<p>Newsblog zur US-Politik <\/p>\n<p>Netanjahu und Trump loben &#8222;positive&#8220; Gespr\u00e4che<\/p>\n<p>Aktualisiert am 28.07.2026 &#8211; 20:42 UhrLesedauer: 23 Min.<\/p>\n<p><a href=\"#focus-0\" class=\"transition-colors block text-current relative\" data-sctrack=\"FocusGalleryImage.Reference\"><img fetchpriority=\"high\" data-testid=\"Opener.Image\"   loading=\"eager\" src=\"https:\/\/www.europesays.com\/de\/wp-content\/uploads\/2026\/07\/us-praesident-donald-trump-r-und-israels-ministerpraesident-benjamin-netanjahu-am-dienstag-im-weisse.jpeg\" alt=\"urn:newsml:dpa.com:20090101:260728-936-50371\" title=\"urn:newsml:dpa.com:20090101:260728-936-50371\" width=\"1858\" height=\"1045\" class=\"bg-[url:var(--lqipURL)] bg-cover bg-center flex h-full w-full max-w-full\" style=\"--lqipURL:url('https:\/\/images.t-online.de\/2026\/07\/ClsN0pm2-iV5\/86x114:1858x1045\/fit-in\/150x0\/filters:blur(25)\/us-praesident-donald-trump-r-und-israels-ministerpraesident-benjamin-netanjahu-am-dienstag-im-weissen-haus.jpg')\" decoding=\"async\"\/><img loading=\"lazy\" src=\"https:\/\/www.t-online.de\/s\/paper\/_next\/static\/media\/zoom-in.f7dae02f.svg\" alt=\"Vergr\u00f6\u00dfern des Bildes\" title=\"Vergr\u00f6\u00dfern des Bildes\" class=\"block h-[calc(var(--height)_\/_16_*_1rem)] w-[calc(var(--width)_\/_16_*_1rem)] max-w-none absolute right-8 bottom-8 rounded-4 bg-snow p-8\" style=\"--width:32;--height:32\" decoding=\"async\"\/><\/a><\/p>\n<p>Israels Ministerpr\u00e4sident Benjamin Netanjahu (l.) am Dienstag bei US-Pr\u00e4sident Donald Trump (r.) im Wei\u00dfen Haus. (Quelle: &#8212;)<\/p>\n<p class=\"text-center\">Jetzt neu bei t-online:<\/p>\n<p class=\"text-center\">Schriftgr\u00f6\u00dfe anpassen!<\/p>\n<p><img loading=\"lazy\" src=\"https:\/\/www.t-online.de\/s\/paper\/_next\/static\/media\/font-sizes.32942e33.svg\" alt=\"\" title=\"\" class=\"block h-[calc(var(--height)_\/_16_*_1rem)] w-[calc(var(--width)_\/_16_*_1rem)] max-w-none group-hover:hidden group-aria-expanded:hidden\" style=\"--width:16;--height:16\" decoding=\"async\"\/><img loading=\"lazy\" src=\"https:\/\/www.t-online.de\/s\/paper\/_next\/static\/media\/font-sizes-dark-mode.e382645c.svg\" alt=\"\" title=\"\" class=\"block h-[calc(var(--height)_\/_16_*_1rem)] w-[calc(var(--width)_\/_16_*_1rem)] max-w-none hidden group-hover:block group-aria-expanded:block\" style=\"--width:16;--height:16\" decoding=\"async\"\/><img loading=\"lazy\" src=\"https:\/\/www.t-online.de\/s\/paper\/_next\/static\/media\/sharing-menu-icon.1eb71368.svg\" alt=\"\" title=\"\" class=\"block h-[calc(var(--height)_\/_16_*_1rem)] w-[calc(var(--width)_\/_16_*_1rem)] max-w-none group-hover:brightness-0 group-hover:invert\" style=\"--width:16;--height:16\" decoding=\"async\"\/>Artikel teilen<\/p>\n<p class=\"font-bold text-18 leading-17 user-text-lg:text-22 user-text-xl:text-24\">Der US-Pr\u00e4sident hat sich mit Israels Ministerpr\u00e4sident getroffen. Zuvor war der ukrainische Pr\u00e4sident zu Gast im Wei\u00dfen Haus. Alle Entwicklungen im Newsblog.<\/p>\n<p>Netanjahu und Trump loben &#8222;positive&#8220; Gespr\u00e4che<\/p>\n<p class=\"text-18 leading-17 user-text-lg:text-22 user-text-xl:text-24\">Mitten im Iran-Krieg ist Israels Regierungschef <a href=\"https:\/\/www.t-online.de\/themen\/benjamin-netanjahu\/\" class=\"transition-colors cursor-pointer no-underline md:hover:text-magenta md:focus:text-magenta border-b border-solid border-current text-salemsfur md:hover:border-magenta\" data-tracking=\"{&quot;action&quot;:&quot;click&quot;,&quot;category&quot;:&quot;intextLink&quot;,&quot;label&quot;:&quot;\/themen\/benjamin-netanjahu\/&quot;}\" data-sctrack=\"BodyAnchor\" rel=\"nofollow noopener\" target=\"_blank\">Benjamin Netanjahu<\/a> zu Gespr\u00e4chen mit US-Pr\u00e4sident <a href=\"https:\/\/www.t-online.de\/themen\/donald-trump\/\" class=\"transition-colors cursor-pointer no-underline md:hover:text-magenta md:focus:text-magenta border-b border-solid border-current text-salemsfur md:hover:border-magenta\" data-tracking=\"{&quot;action&quot;:&quot;click&quot;,&quot;category&quot;:&quot;intextLink&quot;,&quot;label&quot;:&quot;\/themen\/donald-trump\/&quot;}\" data-sctrack=\"BodyAnchor\" rel=\"nofollow noopener\" target=\"_blank\">Donald Trump<\/a> in <a href=\"https:\/\/www.t-online.de\/themen\/washington\/\" class=\"transition-colors cursor-pointer no-underline md:hover:text-magenta md:focus:text-magenta border-b border-solid border-current text-salemsfur md:hover:border-magenta\" data-tracking=\"{&quot;action&quot;:&quot;click&quot;,&quot;category&quot;:&quot;intextLink&quot;,&quot;label&quot;:&quot;\/themen\/washington\/&quot;}\" data-sctrack=\"BodyAnchor\" rel=\"nofollow noopener\" target=\"_blank\">Washington<\/a> zusammengetroffen. Die Begegnung der beiden Politiker fand am Dienstag hinter verschlossenen T\u00fcren statt und dauerte rund anderthalb Stunden, wie das Wei\u00dfe Haus mitteilte. Beide Seiten \u00e4u\u00dferten sich im Anschluss zufrieden \u00fcber das Treffen, nachdem es in den vergangenen Monaten deutliche Meinungsverschiedenheiten zwischen den beiden Politikern gegeben hatte.<\/p>\n<p class=\"text-18 leading-17 user-text-lg:text-22 user-text-xl:text-24\">Das Treffen zwischen Trump und Netanjahu war das achte seit Trumps erneutem Amtsantritt im Januar 2025. Trumps Sprecherin Karoline Leavitt sprach anschlie\u00dfend im Onlinedienst X von &#8222;positiven und produktiven&#8220; Gespr\u00e4chen. Aus Netanjahus Delegation hie\u00df es, das Treffen sei &#8222;extrem positiv&#8220; verlaufen. Netanjahu und Trump h\u00e4tten ihr &#8222;eisernes Bekenntnis&#8220; zu einem <a href=\"https:\/\/www.t-online.de\/themen\/iran\/\" class=\"transition-colors cursor-pointer no-underline md:hover:text-magenta md:focus:text-magenta border-b border-solid border-current text-salemsfur md:hover:border-magenta\" data-tracking=\"{&quot;action&quot;:&quot;click&quot;,&quot;category&quot;:&quot;intextLink&quot;,&quot;label&quot;:&quot;\/themen\/iran\/&quot;}\" data-sctrack=\"BodyAnchor\" rel=\"nofollow noopener\" target=\"_blank\">Iran<\/a> ohne Atomwaffen bekr\u00e4ftigt. Das Treffen erfolgte wenige Monate vor wichtigen Wahlen in beiden L\u00e4ndern: In <a href=\"https:\/\/www.t-online.de\/themen\/israel\/\" class=\"transition-colors cursor-pointer no-underline md:hover:text-magenta md:focus:text-magenta border-b border-solid border-current text-salemsfur md:hover:border-magenta\" data-tracking=\"{&quot;action&quot;:&quot;click&quot;,&quot;category&quot;:&quot;intextLink&quot;,&quot;label&quot;:&quot;\/themen\/israel\/&quot;}\" data-sctrack=\"BodyAnchor\" rel=\"nofollow noopener\" target=\"_blank\">Israel<\/a> w\u00e4hlen die B\u00fcrger am 27. Oktober ein neues Parlament, in den <a href=\"https:\/\/www.t-online.de\/themen\/usa\/\" class=\"transition-colors cursor-pointer no-underline md:hover:text-magenta md:focus:text-magenta border-b border-solid border-current text-salemsfur md:hover:border-magenta\" data-tracking=\"{&quot;action&quot;:&quot;click&quot;,&quot;category&quot;:&quot;intextLink&quot;,&quot;label&quot;:&quot;\/themen\/usa\/&quot;}\" data-sctrack=\"BodyAnchor\" rel=\"nofollow noopener\" target=\"_blank\">USA<\/a> finden am 3. November die Kongress-Zwischenwahlen statt.<\/p>\n<p class=\"text-18 leading-17 user-text-lg:text-22 user-text-xl:text-24\">Nach Einsch\u00e4tzung von Jonatan Freeman von der Hebr\u00e4ischen Universit\u00e4t <a href=\"https:\/\/www.t-online.de\/themen\/jerusalem\/\" class=\"transition-colors cursor-pointer no-underline md:hover:text-magenta md:focus:text-magenta border-b border-solid border-current text-salemsfur md:hover:border-magenta\" data-tracking=\"{&quot;action&quot;:&quot;click&quot;,&quot;category&quot;:&quot;intextLink&quot;,&quot;label&quot;:&quot;\/themen\/jerusalem\/&quot;}\" data-sctrack=\"BodyAnchor\" rel=\"nofollow noopener\" target=\"_blank\">Jerusalem<\/a> ist es Hauptziel des Besuchs, Berichten \u00fcber eine Abk\u00fchlung der Beziehungen zwischen den Verb\u00fcndeten entgegenzuwirken. Das Wichtigste sei ist, &#8222;der Welt, dem Iran und auch dem <a href=\"https:\/\/www.t-online.de\/themen\/libanon\/\" class=\"transition-colors cursor-pointer no-underline md:hover:text-magenta md:focus:text-magenta border-b border-solid border-current text-salemsfur md:hover:border-magenta\" data-tracking=\"{&quot;action&quot;:&quot;click&quot;,&quot;category&quot;:&quot;intextLink&quot;,&quot;label&quot;:&quot;\/themen\/libanon\/&quot;}\" data-sctrack=\"BodyAnchor\" rel=\"nofollow noopener\" target=\"_blank\">Libanon<\/a> sowie anderen&#8220; zu zeigen, dass es &#8222;mehr \u00dcbereinstimmungen als Differenzen&#8220; zwischen Trump und Netanjahu gebe. Netanjahu hatte kurz vor seiner Abreise gesagt, er wolle in Washington zum ersten Mal seit Beginn des Iran-Kriegs vor sechs Monaten pers\u00f6nlich mit Trump \u00fcber die Lage beraten.<\/p>\n<p>Selenskyj und der US-Pr\u00e4sident: Das kann auch Trump nicht mehr ignorieren<\/p>\n<p class=\"text-18 leading-17 user-text-lg:text-22 user-text-xl:text-24\">Donald Trump hat <a href=\"https:\/\/www.t-online.de\/themen\/wolodymyr-selenskyj\/\" class=\"transition-colors cursor-pointer no-underline md:hover:text-magenta md:focus:text-magenta border-b border-solid border-current text-salemsfur md:hover:border-magenta\" data-tracking=\"{&quot;action&quot;:&quot;click&quot;,&quot;category&quot;:&quot;intextLink&quot;,&quot;label&quot;:&quot;\/themen\/wolodymyr-selenskyj\/&quot;}\" data-sctrack=\"BodyAnchor\" rel=\"nofollow noopener\" target=\"_blank\">Wolodymyr Selenskyj<\/a> wieder im Oval Office empfangen \u2013 und pl\u00f6tzlich wirkt vieles anders. Was steckt hinter der \u00fcberraschenden Kehrtwende des US-Pr\u00e4sidenten? F\u00fcnf Entwicklungen sind daf\u00fcr mitverantwortlich. <a href=\"https:\/\/www.t-online.de\/nachrichten\/ausland\/usa\/id_101363308\/trump-und-selenskyj-fuenf-gruende-fuer-die-ueberraschende-ukraine-wende-.html\" class=\"transition-colors cursor-pointer no-underline md:hover:text-magenta md:focus:text-magenta border-b border-solid border-current text-salemsfur md:hover:border-magenta\" data-tracking=\"{&quot;action&quot;:&quot;click&quot;,&quot;category&quot;:&quot;intextLink&quot;,&quot;label&quot;:&quot;\/nachrichten\/ausland\/usa\/id_101363308\/trump-und-selenskyj-fuenf-gruende-fuer-die-ueberraschende-ukraine-wende-.html&quot;}\" data-sctrack=\"BodyAnchor\" rel=\"nofollow noopener\" target=\"_blank\">Lesen Sie den ganzen Artikel hier<\/a>.<\/p>\n<p>Iranische Revolutionsgarden bedrohen Melania und Barron Trump<\/p>\n<p class=\"text-18 leading-17 user-text-lg:text-22 user-text-xl:text-24\">Die iranische Propaganda hat ein Drohvideo gegen <a href=\"https:\/\/www.t-online.de\/themen\/melania-trump\/\" class=\"transition-colors cursor-pointer no-underline md:hover:text-magenta md:focus:text-magenta border-b border-solid border-current text-salemsfur md:hover:border-magenta\" data-tracking=\"{&quot;action&quot;:&quot;click&quot;,&quot;category&quot;:&quot;intextLink&quot;,&quot;label&quot;:&quot;\/themen\/melania-trump\/&quot;}\" data-sctrack=\"BodyAnchor\" rel=\"nofollow noopener\" target=\"_blank\">Melania Trump<\/a> ver\u00f6ffentlicht. Am Ende des Clips ger\u00e4t auch Sohn <a href=\"https:\/\/www.t-online.de\/themen\/barron-trump\/\" class=\"transition-colors cursor-pointer no-underline md:hover:text-magenta md:focus:text-magenta border-b border-solid border-current text-salemsfur md:hover:border-magenta\" data-tracking=\"{&quot;action&quot;:&quot;click&quot;,&quot;category&quot;:&quot;intextLink&quot;,&quot;label&quot;:&quot;\/themen\/barron-trump\/&quot;}\" data-sctrack=\"BodyAnchor\" rel=\"nofollow noopener\" target=\"_blank\">Barron Trump<\/a> ins Visier der Revolutionsgarden. <a href=\"https:\/\/www.t-online.de\/nachrichten\/ausland\/internationale-politik\/id_101364124\/us-krieg-gegen-den-iran-revolutionsgarden-drohen-melania-und-barron-trump.html\" class=\"transition-colors cursor-pointer no-underline md:hover:text-magenta md:focus:text-magenta border-b border-solid border-current text-salemsfur md:hover:border-magenta\" data-tracking=\"{&quot;action&quot;:&quot;click&quot;,&quot;category&quot;:&quot;intextLink&quot;,&quot;label&quot;:&quot;\/nachrichten\/ausland\/internationale-politik\/id_101364124\/us-krieg-gegen-den-iran-revolutionsgarden-drohen-melania-und-barron-trump.html&quot;}\" data-sctrack=\"BodyAnchor\" rel=\"nofollow noopener\" target=\"_blank\">Lesen Sie den ganzen Artikel hier<\/a>.<\/p>\n<p>Treffen von Selenskyj und Trump im Wei\u00dfen Haus beendet<\/p>\n<p class=\"text-18 leading-17 user-text-lg:text-22 user-text-xl:text-24\">Das Treffen von US-Pr\u00e4sident Donald Trump und dem ukrainischen Pr\u00e4sidenten Wolodymyr Selenskyj im Wei\u00dfen Haus ist beendet. Es fand hinter verschlossenen T\u00fcren statt und endete US-Medien zufolge nach einer guten Stunde. Bei dem Gespr\u00e4ch sollte es laut Selenskyj vor allem um weitere US-amerikanische Unterst\u00fctzung f\u00fcr ein Ende des russischen Angriffskriegs gegen die <a href=\"https:\/\/www.t-online.de\/themen\/ukraine\/\" class=\"transition-colors cursor-pointer no-underline md:hover:text-magenta md:focus:text-magenta border-b border-solid border-current text-salemsfur md:hover:border-magenta\" data-tracking=\"{&quot;action&quot;:&quot;click&quot;,&quot;category&quot;:&quot;intextLink&quot;,&quot;label&quot;:&quot;\/themen\/ukraine\/&quot;}\" data-sctrack=\"BodyAnchor\" rel=\"nofollow noopener\" target=\"_blank\">Ukraine<\/a> gehen. Auch eine St\u00e4rkung der Flugabwehr habe Priorit\u00e4t, sagte er im Vorfeld. Die USA sehen sich in dem Krieg als Vermittler \u2013 ihre Bem\u00fchungen f\u00fcr ein Kriegsende sind zuletzt aber auch infolge des eigenen Kriegs gegen den Iran in den Hintergrund geraten.<\/p>\n","protected":false},"excerpt":{"rendered":"Newsblog zur US-Politik Netanjahu und Trump loben &#8222;positive&#8220; Gespr\u00e4che Aktualisiert am 28.07.2026 &#8211; 20:42 UhrLesedauer: 23 Min. Israels&hellip;\n","protected":false},"author":2,"featured_media":1199316,"comment_status":"","ping_status":"","sticky":false,"template":"","format":"standard","meta":{"footnotes":"","_share_on_mastodon":"0"},"categories":[3977],"tags":[1217,326,7797,11554,331,332,1207,250184,499,3088,106,156,13,345,186871,411,30730,250185,6741,7296,43593,14,15,3129,12,10173,317,4017,4018,5162,4016,64,4019,4020,320,5504,107],"class_list":["post-1199315","post","type-post","status-publish","format-standard","has-post-thumbnail","category-usa","tag-1217","tag-326","tag-7797","tag-aktie","tag-aktuelle-nachrichten","tag-aktuelle-news","tag-ankara","tag-barron-trump","tag-benjamin-netanjahu","tag-boeing","tag-donald-trump","tag-frankreich","tag-headlines","tag-iran","tag-iran-krieg","tag-israel","tag-jerusalem","tag-jonatan-freeman","tag-karoline-leavitt","tag-libanon","tag-melania-trump","tag-nachrichten","tag-news","tag-newsblog","tag-schlagzeilen","tag-supreme-court","tag-ukraine","tag-united-states","tag-united-states-of-america","tag-universitaet","tag-us","tag-usa","tag-vereinigte-staaten","tag-vereinigte-staaten-von-amerika","tag-washington","tag-weisses-haus","tag-wolodymyr-selenskyj"],"share_on_mastodon":{"url":"","error":""},"_links":{"self":[{"href":"https:\/\/www.europesays.com\/de\/wp-json\/wp\/v2\/posts\/1199315","targetHints":{"allow":["GET"]}}],"collection":[{"href":"https:\/\/www.europesays.com\/de\/wp-json\/wp\/v2\/posts"}],"about":[{"href":"https:\/\/www.europesays.com\/de\/wp-json\/wp\/v2\/types\/post"}],"author":[{"embeddable":true,"href":"https:\/\/www.europesays.com\/de\/wp-json\/wp\/v2\/users\/2"}],"replies":[{"embeddable":true,"href":"https:\/\/www.europesays.com\/de\/wp-json\/wp\/v2\/comments?post=1199315"}],"version-history":[{"count":0,"href":"https:\/\/www.europesays.com\/de\/wp-json\/wp\/v2\/posts\/1199315\/revisions"}],"wp:featuredmedia":[{"embeddable":true,"href":"https:\/\/www.europesays.com\/de\/wp-json\/wp\/v2\/media\/1199316"}],"wp:attachment":[{"href":"https:\/\/www.europesays.com\/de\/wp-json\/wp\/v2\/media?parent=1199315"}],"wp:term":[{"taxonomy":"category","embeddable":true,"href":"https:\/\/www.europesays.com\/de\/wp-json\/wp\/v2\/categories?post=1199315"},{"taxonomy":"post_tag","embeddable":true,"href":"https:\/\/www.europesays.com\/de\/wp-json\/wp\/v2\/tags?post=1199315"}],"curies":[{"name":"wp","href":"https:\/\/api.w.org\/{rel}","templated":true}]}}