{"id":1199547,"date":"2026-07-28T21:15:32","date_gmt":"2026-07-28T21:15:32","guid":{"rendered":"https:\/\/www.europesays.com\/de\/1199547\/"},"modified":"2026-07-28T21:15:32","modified_gmt":"2026-07-28T21:15:32","slug":"nach-merz-umbau-zdf-passt-das-tv-programm-an","status":"publish","type":"post","link":"https:\/\/www.europesays.com\/de\/1199547\/","title":{"rendered":"Nach Merz&#8216; Umbau: ZDF passt das TV-Programm an"},"content":{"rendered":"<p>Zur Kabinettsumbildung <\/p>\n<p>Nach Merz&#8216; Umbau: ZDF k\u00fcndigt Spezialsendung an<\/p>\n<p>28.07.2026 &#8211; 17:07 UhrLesedauer: 2 Min.<\/p>\n<p><a href=\"#focus-0\" class=\"transition-colors block text-current relative\" data-sctrack=\"FocusGalleryImage.Reference\"><img fetchpriority=\"high\" data-testid=\"Opener.Image\"   loading=\"eager\" src=\"https:\/\/www.europesays.com\/de\/wp-content\/uploads\/2026\/07\/bettina-schausten-und-anne-gellinek-die-beiden-moderieren-die-sendung-was-nun.jpg\" alt=\"Bettina Schausten und Anne Gellinek: Die beiden moderieren die Sendung &quot;Was nun, \u2026?&quot;\" title=\"Bettina Schausten und Anne Gellinek: Die beiden moderieren die Sendung &quot;Was nun, \u2026?&quot;\" width=\"720\" height=\"405\" class=\"bg-[url:var(--lqipURL)] bg-cover bg-center flex h-full w-full max-w-full\" style=\"--lqipURL:url('https:\/\/images.t-online.de\/2026\/07\/27b7n7LCr-hk\/0x1:720x405\/fit-in\/150x0\/filters:blur(25)\/bettina-schausten-und-anne-gellinek-die-beiden-moderieren-die-sendung-was-nun.jpg')\" decoding=\"async\"\/><img loading=\"lazy\" src=\"https:\/\/www.t-online.de\/s\/paper\/_next\/static\/media\/zoom-in.f7dae02f.svg\" alt=\"Vergr\u00f6\u00dfern des Bildes\" title=\"Vergr\u00f6\u00dfern des Bildes\" class=\"block h-[calc(var(--height)_\/_16_*_1rem)] w-[calc(var(--width)_\/_16_*_1rem)] max-w-none absolute right-8 bottom-8 rounded-4 bg-snow p-8\" style=\"--width:32;--height:32\" decoding=\"async\"\/><\/a><\/p>\n<p>Bettina Schausten und Anne Gellinek: Die beiden moderieren die Sendung &#8222;Was nun, \u2026?&#8220; (Quelle: Markus H\u00f6hn, Klaus Weddig, Luxlotusliner\/[M])<\/p>\n<p><img loading=\"lazy\" src=\"https:\/\/www.t-online.de\/s\/paper\/_next\/static\/media\/audio-volume.6689034c.svg\" alt=\"\" title=\"\" class=\"block h-[calc(var(--height)_\/_16_*_1rem)] w-[calc(var(--width)_\/_16_*_1rem)] max-w-none group-hover:brightness-0 group-hover:invert\" style=\"--width:16;--height:16\" decoding=\"async\"\/>Vorlesen<\/p>\n<p>Aktuelle Zeit:0:00Gesamtdauer:0:00<\/p>\n<p>1x<\/p>\n<p class=\"text-center\">Jetzt neu bei t-online:<\/p>\n<p class=\"text-center\">Schriftgr\u00f6\u00dfe anpassen!<\/p>\n<p><img loading=\"lazy\" src=\"https:\/\/www.t-online.de\/s\/paper\/_next\/static\/media\/font-sizes.32942e33.svg\" alt=\"\" title=\"\" class=\"block h-[calc(var(--height)_\/_16_*_1rem)] w-[calc(var(--width)_\/_16_*_1rem)] max-w-none group-hover:hidden group-aria-expanded:hidden\" style=\"--width:16;--height:16\" decoding=\"async\"\/><img loading=\"lazy\" src=\"https:\/\/www.t-online.de\/s\/paper\/_next\/static\/media\/font-sizes-dark-mode.e382645c.svg\" alt=\"\" title=\"\" class=\"block h-[calc(var(--height)_\/_16_*_1rem)] w-[calc(var(--width)_\/_16_*_1rem)] max-w-none hidden group-hover:block group-aria-expanded:block\" style=\"--width:16;--height:16\" decoding=\"async\"\/><img loading=\"lazy\" src=\"https:\/\/www.t-online.de\/s\/paper\/_next\/static\/media\/sharing-menu-icon.1eb71368.svg\" alt=\"\" title=\"\" class=\"block h-[calc(var(--height)_\/_16_*_1rem)] w-[calc(var(--width)_\/_16_*_1rem)] max-w-none group-hover:brightness-0 group-hover:invert\" style=\"--width:16;--height:16\" decoding=\"async\"\/>Artikel teilen<\/p>\n<p class=\"font-bold text-18 leading-17 user-text-lg:text-22 user-text-xl:text-24\">Thorsten Frei soll am Mittwoch zum neuen Unionsfraktionschef gew\u00e4hlt werden. Das ZDF reagiert und passt sein Programm an.<\/p>\n<p class=\"text-18 leading-17 user-text-lg:text-22 user-text-xl:text-24\">Bei der <a href=\"https:\/\/www.t-online.de\/themen\/cdu\/\" class=\"transition-colors cursor-pointer no-underline md:hover:text-magenta md:focus:text-magenta border-b border-solid border-current text-salemsfur md:hover:border-magenta\" data-tracking=\"{&quot;action&quot;:&quot;click&quot;,&quot;category&quot;:&quot;intextLink&quot;,&quot;label&quot;:&quot;\/themen\/cdu\/&quot;}\" data-sctrack=\"BodyAnchor\" rel=\"nofollow noopener\" target=\"_blank\">CDU<\/a> ist derzeit viel im Umbruch. Nicht nur Fraktionschef <a href=\"https:\/\/www.t-online.de\/themen\/jens-spahn\/\" class=\"transition-colors cursor-pointer no-underline md:hover:text-magenta md:focus:text-magenta border-b border-solid border-current text-salemsfur md:hover:border-magenta\" data-tracking=\"{&quot;action&quot;:&quot;click&quot;,&quot;category&quot;:&quot;intextLink&quot;,&quot;label&quot;:&quot;\/themen\/jens-spahn\/&quot;}\" data-sctrack=\"BodyAnchor\" rel=\"nofollow noopener\" target=\"_blank\">Jens Spahn<\/a> trat zur\u00fcck. Auch sonst gibt es einige Neubesetzungen in der Partei, denn Bundeskanzler <a href=\"https:\/\/www.t-online.de\/themen\/friedrich-merz\/\" class=\"transition-colors cursor-pointer no-underline md:hover:text-magenta md:focus:text-magenta border-b border-solid border-current text-salemsfur md:hover:border-magenta\" data-tracking=\"{&quot;action&quot;:&quot;click&quot;,&quot;category&quot;:&quot;intextLink&quot;,&quot;label&quot;:&quot;\/themen\/friedrich-merz\/&quot;}\" data-sctrack=\"BodyAnchor\" rel=\"nofollow noopener\" target=\"_blank\">Friedrich Merz<\/a> nutzte den F\u00fchrungswechsel f\u00fcr eine umfangreichere Kabinettsumbildung.<\/p>\n<p class=\"text-18 leading-17 user-text-lg:text-22 user-text-xl:text-24\">Am morgigen Mittwoch soll nun Thorsten Frei die Nachfolge von Jens Spahn antreten. Der bisherige Kanzleramtschef soll dann zum neuen Vorsitzenden der Unionsfraktion im Bundestag gew\u00e4hlt werden. Aus diesem Anlass hat das <a href=\"https:\/\/www.t-online.de\/themen\/zdf\/\" class=\"transition-colors cursor-pointer no-underline md:hover:text-magenta md:focus:text-magenta border-b border-solid border-current text-salemsfur md:hover:border-magenta\" data-tracking=\"{&quot;action&quot;:&quot;click&quot;,&quot;category&quot;:&quot;intextLink&quot;,&quot;label&quot;:&quot;\/themen\/zdf\/&quot;}\" data-sctrack=\"BodyAnchor\" rel=\"nofollow noopener\" target=\"_blank\">ZDF<\/a> eine Spezialsendung angek\u00fcndigt.<\/p>\n<p>&#8222;Was nun, Herr Frei?&#8220;<\/p>\n<p class=\"text-18 leading-17 user-text-lg:text-22 user-text-xl:text-24\">Seit mehr als 40 Jahren stellen sich Spitzenpolitiker im ZDF-Format &#8222;Was nun, \u2026?&#8220; den Fragen der Redaktion. Wie der Sender mitteilte, ist am Mittwoch jetzt CDU-Politiker Thorsten Frei an der Reihe. ZDF-Chefredakteurin <a href=\"https:\/\/www.t-online.de\/themen\/bettina-schausten\/\" class=\"transition-colors cursor-pointer no-underline md:hover:text-magenta md:focus:text-magenta border-b border-solid border-current text-salemsfur md:hover:border-magenta\" data-tracking=\"{&quot;action&quot;:&quot;click&quot;,&quot;category&quot;:&quot;intextLink&quot;,&quot;label&quot;:&quot;\/themen\/bettina-schausten\/&quot;}\" data-sctrack=\"BodyAnchor\" rel=\"nofollow noopener\" target=\"_blank\">Bettina Schausten<\/a> und ZDF-Nachrichtenchefin Anne Gellinek befragen ihn ab 19.25 Uhr.<\/p>\n<p><a href=\"#focus-1\" class=\"transition-colors block text-current relative\" data-sctrack=\"FocusGalleryImage.Reference\"><img   loading=\"lazy\" src=\"https:\/\/www.europesays.com\/de\/wp-content\/uploads\/2026\/07\/1785273332_123_image.jpg\" alt=\"imago862407712\" title=\"imago862407712\" width=\"8256\" height=\"5504\" class=\"h-full w-full max-w-full rounded-8\" decoding=\"async\"\/><img loading=\"lazy\" src=\"https:\/\/www.t-online.de\/s\/paper\/_next\/static\/media\/zoom-in.f7dae02f.svg\" alt=\"Vergr\u00f6\u00dfern des Bildes\" title=\"Vergr\u00f6\u00dfern des Bildes\" class=\"block h-[calc(var(--height)_\/_16_*_1rem)] w-[calc(var(--width)_\/_16_*_1rem)] max-w-none absolute right-8 bottom-8 rounded-4 bg-snow p-8\" style=\"--width:32;--height:32\" decoding=\"async\"\/>Thorsten Frei: Auf den CDU-Politiker kommen neue Aufgaben zu. (Quelle: Maurizio Gambarini)<\/a><\/p>\n<p class=\"text-18 leading-17 user-text-lg:text-22 user-text-xl:text-24\">Angek\u00fcndigt sind drei zentrale Fragen, denen sich der neue Unionsfraktionsvorsitzende am Tag seiner Wahl stellen muss. Diese lauten: Kann er der Koalition neuen Schwung geben? Wie bringt er die schwarz-roten Reformen durch den Bundestag? Und gelingt der Union vor den Landtagswahlen im Herbst die Trendwende?<\/p>\n<p><img loading=\"lazy\" src=\"https:\/\/www.t-online.de\/s\/paper\/_next\/static\/media\/video-carousel-play.6f25714b.svg\" alt=\"\" title=\"\" class=\"block h-[calc(var(--height)_\/_16_*_1rem)] w-[calc(var(--width)_\/_16_*_1rem)] max-w-none undefined\" style=\"--height:12\" decoding=\"async\"\/><\/p>\n<p class=\"text-18 leading-17 user-text-lg:text-22 user-text-xl:text-24\">&#8222;Im Mittelpunkt der Sendung steht die Neuaufstellung der Union nach dem R\u00fccktritt ihres bisherigen Fraktionsvorsitzenden Jens Spahn&#8220;, schreibt der Sender. &#8222;Der F\u00fchrungswechsel an der Fraktionsspitze f\u00e4llt in eine Zeit, in der das Reformpaket der Koalition kontrovers diskutiert wird.&#8220; Die Regierung k\u00e4mpfe weiterhin mit schwachen Beliebtheitswerten in der Bev\u00f6lkerung.<\/p>\n<p class=\"text-18 leading-17 user-text-lg:text-22 user-text-xl:text-24\">&#8222;Zugleich stehen im September drei Wahlen in Sachsen-Anhalt, Mecklenburg-Vorpommern und <a href=\"https:\/\/berlin.t-online.de\/region\/berlin\/\" class=\"transition-colors cursor-pointer no-underline md:hover:text-magenta md:focus:text-magenta border-b border-solid border-current text-salemsfur md:hover:border-magenta\" data-tracking=\"{&quot;action&quot;:&quot;click&quot;,&quot;category&quot;:&quot;intextLink&quot;,&quot;label&quot;:&quot;https:\/\/berlin.t-online.de\/region\/berlin\/&quot;}\" data-sctrack=\"BodyAnchor\" rel=\"nofollow noopener\" target=\"_blank\">Berlin<\/a> an. In den Umfragen liegt die Union zum Teil deutlich hinter der <a href=\"https:\/\/www.t-online.de\/themen\/alternative-fuer-deutschland\/\" class=\"transition-colors cursor-pointer no-underline md:hover:text-magenta md:focus:text-magenta border-b border-solid border-current text-salemsfur md:hover:border-magenta\" data-tracking=\"{&quot;action&quot;:&quot;click&quot;,&quot;category&quot;:&quot;intextLink&quot;,&quot;label&quot;:&quot;\/themen\/alternative-fuer-deutschland\/&quot;}\" data-sctrack=\"BodyAnchor\" rel=\"nofollow noopener\" target=\"_blank\">AfD<\/a>.&#8220; Nicht nur das: &#8222;Da die Umbesetzung des Verkehrsressorts nicht reibungslos verlief, sorgte der Neustart in den eigenen Reihen f\u00fcr Missmut statt f\u00fcr Aufbruchstimmung.&#8220;<\/p>\n","protected":false},"excerpt":{"rendered":"Zur Kabinettsumbildung Nach Merz&#8216; Umbau: ZDF k\u00fcndigt Spezialsendung an 28.07.2026 &#8211; 17:07 UhrLesedauer: 2 Min. Bettina Schausten und&hellip;\n","protected":false},"author":2,"featured_media":1199548,"comment_status":"","ping_status":"","sticky":false,"template":"","format":"standard","meta":{"footnotes":"","_share_on_mastodon":"0"},"categories":[1773],"tags":[5964,196601,250209,1180,31,29,214,775,30,15785,29515,471,1780,123073,1533,504,215,1448],"class_list":["post-1199547","post","type-post","status-publish","format-standard","has-post-thumbnail","category-serien","tag-umbau","tag-anne-gellinek","tag-bettina-schausten","tag-bundestag","tag-cdu","tag-deutschland","tag-entertainment","tag-friedrich-merz","tag-germany","tag-jens-spahn","tag-kabinettsumbildung","tag-serien","tag-series","tag-spezialsendung","tag-thorsten-frei","tag-unionsfraktion","tag-unterhaltung","tag-zdf"],"share_on_mastodon":{"url":"https:\/\/pubeurope.com\/@de\/116999681594923567","error":""},"_links":{"self":[{"href":"https:\/\/www.europesays.com\/de\/wp-json\/wp\/v2\/posts\/1199547","targetHints":{"allow":["GET"]}}],"collection":[{"href":"https:\/\/www.europesays.com\/de\/wp-json\/wp\/v2\/posts"}],"about":[{"href":"https:\/\/www.europesays.com\/de\/wp-json\/wp\/v2\/types\/post"}],"author":[{"embeddable":true,"href":"https:\/\/www.europesays.com\/de\/wp-json\/wp\/v2\/users\/2"}],"replies":[{"embeddable":true,"href":"https:\/\/www.europesays.com\/de\/wp-json\/wp\/v2\/comments?post=1199547"}],"version-history":[{"count":0,"href":"https:\/\/www.europesays.com\/de\/wp-json\/wp\/v2\/posts\/1199547\/revisions"}],"wp:featuredmedia":[{"embeddable":true,"href":"https:\/\/www.europesays.com\/de\/wp-json\/wp\/v2\/media\/1199548"}],"wp:attachment":[{"href":"https:\/\/www.europesays.com\/de\/wp-json\/wp\/v2\/media?parent=1199547"}],"wp:term":[{"taxonomy":"category","embeddable":true,"href":"https:\/\/www.europesays.com\/de\/wp-json\/wp\/v2\/categories?post=1199547"},{"taxonomy":"post_tag","embeddable":true,"href":"https:\/\/www.europesays.com\/de\/wp-json\/wp\/v2\/tags?post=1199547"}],"curies":[{"name":"wp","href":"https:\/\/api.w.org\/{rel}","templated":true}]}}