{"id":1199565,"date":"2026-07-28T21:26:19","date_gmt":"2026-07-28T21:26:19","guid":{"rendered":"https:\/\/www.europesays.com\/de\/1199565\/"},"modified":"2026-07-28T21:26:19","modified_gmt":"2026-07-28T21:26:19","slug":"bild-exklusiv-montag-unterschreibt-edin-dzeko-bei-schalke-04-sport","status":"publish","type":"post","link":"https:\/\/www.europesays.com\/de\/1199565\/","title":{"rendered":"BILD exklusiv: Montag unterschreibt Edin Dzeko bei Schalke 04! | Sport"},"content":{"rendered":"<p><a class=\"skip-content skip-content--link\" href=\"#in-content-skip-link-target-v-0-0\">TTS-Player \u00fcberspringen\u21b5<\/a><a id=\"in-content-skip-link-target-v-0-0\" class=\"skip-content--target-link-hidden skip-content skip-content--target-link\" href=\"#in-content-skip-link-target-v-0-0\">Artikel weiterlesen<\/a><\/p>\n<p data-21134c99=\"0-2148\"><b>Jetzt ist (fast) alles gekl\u00e4rt! Schalkes Verhandlungen mit Star-St\u00fcrmer Edin Dzeko (40) wurden erfolgreich beendet! <\/b><\/p>\n<p data-21134c99=\"0-2148\">BILD erfuhr exklusiv:<a href=\"https:\/\/www.bild.de\/sport\/fussball\/fc-schalke-sportwissenschaftler-sicher-dzeko-kann-zwei-jahre-abliefern-6a67587db859610b50dd8c58\" class=\"text-link\" rel=\"nofollow noopener\" target=\"_blank\"> Der Bosnier wird Montag einen Einjahres-Vertrag<\/a> in Gelsenkirchen unterschreiben, soll dann am Dienstag schon wieder mit der Mannschaft trainieren. Einen Tag nach seinem WM-Kollegen Nikola Katic (29), der nach seinem verl\u00e4ngerten Urlaub bereits am Montag wieder mit den Kollegen auf dem Platz am Berger Feld in Gelsenkirchen kicken wird.<\/p>\n<p data-21134c99=\"0-2148\">Nach BILD-Informationen findet bereits am Sonntag der erste und wichtigste Teil des obligatorischen Medizinchecks statt. Montag, direkt vor der Vertragsunterschrift, wird Dzeko dann noch letzten Standardtests unterzogen.<\/p>\n<p>Mehr zum Thema<\/p>\n<p data-21134c99=\"0-2148\">Es war ein unerwartet langes Ringen zwischen K\u00f6nigsblau und dem Angreifer!<\/p>\n<p data-21134c99=\"0-2148\"><a href=\"https:\/\/www.bild.de\/sport\/fussball\/schalke-04-um-halb-2-nachts-frank-baumann-zahlt-schalke-fans-bier-runde-6a65eb17fe2765826e0fddd1\" class=\"text-link\" rel=\"nofollow noopener\" target=\"_blank\">Schalkes Sport-Vorstand Frank Baumann (50)<\/a> legte Dzeko ein klar leistungsbezogenes Ursprungsangebot vor: Das Grundsal\u00e4r soll bei rund 900\u2005000 Euro liegen, mit Boni (Eins\u00e4tze und Erfolge) kann er die Millionen-Grenze einfach knacken. Dzeko wird nun zum Topverdiener aufsteigen \u2013 und bei rund 1,3 Millionen Euro pro Jahr landen. In diesem Gehaltsbereich liegen auch Publikumsliebling Kenan Karaman (32) sowie Ex-DFB-Star <a href=\"https:\/\/www.bild.de\/sport\/fussball\/robin-gosens-bei-schalke-04-vorgestellt-es-ist-ein-gefuehlschaos-6a5a42f5e2d50c13b9a7a83c\" class=\"text-link\" rel=\"nofollow noopener\" target=\"_blank\">Robin Gosens<\/a> (32\/24 L\u00e4nderspiele), der sich k\u00fcrzlich seinem Lieblingsklub anschloss.<\/p>\n<p>Achten Sie mal auf seine Reaktion: Schalke-Trainer d\u00fcpiert eigenen Torwart<a class=\"anchor video-teaser__anchor\" href=\"https:\/\/www.bild.de\/sport\/fussball\/im-trainingslager-schalkes-trainer-miron-muslic-duepiert-torwart-mueller-6a608240ee78a955fac7b50d\" rel=\"nofollow noopener\" target=\"_blank\"><img decoding=\"async\" width=\"992\" height=\"558\" alt=\"Im Trainingslager: Schalkes Trainer Miron Muslic d\u00fcpiert Torwart M\u00fcller\" loading=\"lazy\" src=\"https:\/\/www.europesays.com\/de\/wp-content\/uploads\/2026\/07\/505ce8a9ef8fea4584efd699f3f250f6-landscape,bb2fac0f.jpeg\"   class=\"landscape teaser__image\"\/><\/a><\/p>\n<p>Quelle: BILD \/ IG: zeitungsmax22.07.2026<\/p>\n<p>Dzekos Mission: Klassenerhalt<\/p>\n<p data-21134c99=\"0-2148\">Superstar Dzeko ist seit dem 1. Juli vertragslos und weilt aktuell im verdienten Urlaub. In Dubrovnik (Kroatien) sa\u00df Dzeko allerdings l\u00e4nger mit Baumann zusammen. <a href=\"https:\/\/www.bild.de\/sport\/fussball\/fc-schalke-geheimgipfel-in-kroatien-welche-absprache-es-mit-dzeko-gibt-6a5f22e7668d28f8978b10fc\" class=\"text-link\" rel=\"nofollow noopener\" target=\"_blank\">Der Ex-Bremer war nach Kroatien geflogen, <\/a>um mit dem Sturm-Star \u00fcber einen neuen Vertrag zu sprechen. Auch die Schalker F\u00fchrungsspieler um Kapit\u00e4n Karaman waren zuletzt in Kontakt mit Dzeko, telefonierten aus dem Trainingslager in Neustift (\u00d6sterreich) mit ihm. <a href=\"https:\/\/www.bild.de\/sport\/fussball\/fc-schalke-04-spannende-muslic-andeutung-zu-edin-dzeko-6a64e7153dc71ef2b40b6dba\" class=\"text-link\" rel=\"nofollow noopener\" target=\"_blank\">Trainer Miron Muslic (43) umgarnte den Bosnier<\/a> ebenfalls in Telefonaten.<\/p>\n<p data-21134c99=\"0-2148\">Dzeko spielte in der vergangenen R\u00fcckrunde f\u00fcr den Pott-Klub. Mit sechs Treffern und drei Assists hatte er einen gro\u00dfen Anteil am Aufstieg in die Bundesliga. Jetzt unterschreibt Dzeko Montag also f\u00fcr ein weiteres Jahr \u2013 wenn beim Medizincheck nicht noch irgendetwas schiefgehen sollte. Seine Mission dieses Mal: der Klassenerhalt!<\/p>\n","protected":false},"excerpt":{"rendered":"TTS-Player \u00fcberspringen\u21b5Artikel weiterlesen Jetzt ist (fast) alles gekl\u00e4rt! Schalkes Verhandlungen mit Star-St\u00fcrmer Edin Dzeko (40) wurden erfolgreich beendet!&hellip;\n","protected":false},"author":2,"featured_media":1199566,"comment_status":"","ping_status":"","sticky":false,"template":"","format":"standard","meta":{"footnotes":"","_share_on_mastodon":"0"},"categories":[5],"tags":[300,5876,46551,299,15047,481,109245,538,18391,485,13,39616,39615,134674,123355,14,15,12,265,819,19149,10,8,9,11],"class_list":["post-1199565","post","type-post","status-publish","format-standard","has-post-thumbnail","category-nachrichten","tag-abstiegskampf","tag-aufstieg","tag-baumann-frank","tag-bundesliga","tag-bundesliga-bei-bild","tag-dfb","tag-dzeko-edin","tag-erste-bundesliga","tag-fc-schalke","tag-fussball-bundesliga","tag-headlines","tag-karaman-kenan","tag-kitsch-christian","tag-klemm-constantin","tag-muslic-miron","tag-nachrichten","tag-news","tag-schlagzeilen","tag-sport","tag-sport-leuchtturm-essen","tag-sportarten","tag-top-news","tag-top-meldungen","tag-topmeldungen","tag-topnews"],"share_on_mastodon":{"url":"https:\/\/pubeurope.com\/@de\/116999724243489015","error":""},"_links":{"self":[{"href":"https:\/\/www.europesays.com\/de\/wp-json\/wp\/v2\/posts\/1199565","targetHints":{"allow":["GET"]}}],"collection":[{"href":"https:\/\/www.europesays.com\/de\/wp-json\/wp\/v2\/posts"}],"about":[{"href":"https:\/\/www.europesays.com\/de\/wp-json\/wp\/v2\/types\/post"}],"author":[{"embeddable":true,"href":"https:\/\/www.europesays.com\/de\/wp-json\/wp\/v2\/users\/2"}],"replies":[{"embeddable":true,"href":"https:\/\/www.europesays.com\/de\/wp-json\/wp\/v2\/comments?post=1199565"}],"version-history":[{"count":0,"href":"https:\/\/www.europesays.com\/de\/wp-json\/wp\/v2\/posts\/1199565\/revisions"}],"wp:featuredmedia":[{"embeddable":true,"href":"https:\/\/www.europesays.com\/de\/wp-json\/wp\/v2\/media\/1199566"}],"wp:attachment":[{"href":"https:\/\/www.europesays.com\/de\/wp-json\/wp\/v2\/media?parent=1199565"}],"wp:term":[{"taxonomy":"category","embeddable":true,"href":"https:\/\/www.europesays.com\/de\/wp-json\/wp\/v2\/categories?post=1199565"},{"taxonomy":"post_tag","embeddable":true,"href":"https:\/\/www.europesays.com\/de\/wp-json\/wp\/v2\/tags?post=1199565"}],"curies":[{"name":"wp","href":"https:\/\/api.w.org\/{rel}","templated":true}]}}