{"id":1199569,"date":"2026-07-28T21:28:45","date_gmt":"2026-07-28T21:28:45","guid":{"rendered":"https:\/\/www.europesays.com\/de\/1199569\/"},"modified":"2026-07-28T21:28:45","modified_gmt":"2026-07-28T21:28:45","slug":"d-missio-fordert-klare-vorgaben-zum-schutz-von-ordensfrauen","status":"publish","type":"post","link":"https:\/\/www.europesays.com\/de\/1199569\/","title":{"rendered":"D: missio fordert klare Vorgaben zum Schutz von Ordensfrauen"},"content":{"rendered":"<p>Das katholische Hilfswerk missio Aachen unterst\u00fctzt Initiativen, den Schutz von Ordensfrauen vor Missbrauch in der Kirche durch klare kirchenrechtliche Vorgaben und Richtlinien zu st\u00e4rken. Gesonderte Melde- und Verfahrenspflichten bei Missbrauch d\u00fcrften sich nicht allein auf Minderj\u00e4hrige und schutzbed\u00fcrftige Erwachsene fokussieren, wie es im Motu proprio \u201eVos estis lux mundi\u201c bislang der Fall ist. Dies teilt missio an diesem DIenstag in einer Pressemitteilung mit.<\/p>\n<p>     <a href=\"https:\/\/www.vaticannews.va\/de\/vatikan\/news\/2026-06\/safeguarding-konferenz-gregoriana-iadc-kein-patentrezept-zollner.html\" title=\"Safeguarding international: Kein Patentrezept\" rel=\"nofollow noopener\" target=\"_blank\"><\/p>\n<p>        <img decoding=\"async\" src=\"data:image\/gif;base64,R0lGODlhAQABAIAAAAAAAP\/\/\/yH5BAEAAAAALAAAAAABAAEAAAIBRAA7\" data-original=\"https:\/\/www.vaticannews.va\/content\/dam\/vaticannews\/multimedia\/2026\/giugno\/19\/Iadc-conference-2026_3.jpg\/_jcr_content\/renditions\/cq5dam.thumbnail.cropped.500.281.jpeg\" alt=\"Safeguarding international: Kein Patentrezept\"\/><\/p>\n<p>      <\/a><\/p>\n<p>\n      Ein Anliegen, viele Kontexte \u2013 Fokus der diesj\u00e4hrigen internationalen IADC-Safeguarding-Konferenz an der P\u00e4pstlichen Universit\u00e4t Gregoriana ist die Frage, wie der Schutz von &#8230;\n     <\/p>\n<p>Pfarrer Dirk Bingener, Pr\u00e4sident von missio Aachen, empfiehlt, verbindliche Safeguarding-Standards ausdr\u00fccklich auch f\u00fcr den Bereich des geweihten Lebens zu entwickeln. Damit schlie\u00dft er sich den j\u00fcngsten Forderungen mehrerer Expertinnen an, darunter der kenianischen Ordensfrau und Safeguarding-Expertin Schwester Jacinta Ondeng, der Kirchenrechtlerin Claudia Giampietro von der P\u00e4pstlichen Kommission f\u00fcr den Schutz von Minderj\u00e4hrigen (PCPM) sowie Schwester Mar\u00eda Rosaura Gonz\u00e1lez Casas, Ordensfrau und Dekanin des Instituts f\u00fcr Anthropologie an der P\u00e4pstlichen Universit\u00e4t Gregoriana.<\/p>\n<p>Kirchliche Macht- und Abh\u00e4ngigkeitsverh\u00e4ltnisse gef\u00e4hrden Ordensfrauen <\/p>\n<p>\u201eKirchliche Macht- und Abh\u00e4ngigkeitsverh\u00e4ltnisse gef\u00e4hrden in vielen Teilen der Weltkirche Ordensfrauen in besonderer Weise. Das wird durch den Begriff ,schutzbed\u00fcrftige Erwachsene\u2018 nur unzureichend erfasst. Dem m\u00fcssen die kirchlichen Regelungen Rechnung tragen\u201c, sagt Pfarrer Bingener.<\/p>\n<p>Johanna Streit, Leiterin der missio-Stabsstelle Safeguarding, erg\u00e4nzt: \u201eUnsere Erfahrungen zeigen, dass Ordensfrauen nicht aufgrund individueller Eigenschaften \u2013 wie es der Begriff ,schutzbed\u00fcrftige Erwachsene\u2018 nahelegt \u2013, sondern aufgrund bestehender Strukturen in vulnerablen Situationen leben und arbeiten. Daf\u00fcr besteht noch zu wenig Problembewusstsein.\u201c<\/p>\n<p>Wer ausschlie\u00dflich in den Kategorien Minderj\u00e4hrige und schutzbed\u00fcrftige Erwachsene denke, \u00fcbersehe die spezifische Situation von Ordensfrauen. Eine Ausweitung der bisherigen Schutzpflichten sei deshalb notwendig, um Missbrauch an Ordensfrauen in der Kirche besser verhindern und konsequent verfolgen zu k\u00f6nnen. \u201eDiese rechtliche L\u00fccke muss im Sinne der Betroffenen geschlossen werden, damit diese Form des Missbrauchs verhindert und nicht weiter tabuisiert wird\u201c, fordert Bingener.<\/p>\n<p>Missio Aachen setzt sich seit Jahren f\u00fcr die weltweite Vernetzung von Ordensfrauen im Kampf gegen Missbrauch ein. Das Hilfswerk unterst\u00fctzt Schulungen, Schutzkonzepte, Meldestellen sowie psychosoziale und rechtliche Begleitung. Zudem qualifiziert es Ordensfrauen zu Fachkr\u00e4ften und Multiplikatorinnen f\u00fcr Safeguarding in Afrika, Asien und Ozeanien.<\/p>\n<p>Kongress zur Pr\u00e4vention von Missbrauch an Ordensfrauen <\/p>\n<p>Vom 9. bis 11. Dezember 2026 findet in Rom ein Kongress der P\u00e4pstlichen Kommission f\u00fcr den Schutz von Minderj\u00e4hrigen statt. Im Mittelpunkt stehen die Pr\u00e4vention von Missbrauch an Ordensfrauen und erwachsenen Frauen sowie wirksame Schutzma\u00dfnahmen.<\/p>\n<p>Das Motu proprio \u201e<a href=\"https:\/\/www.vatican.va\/content\/francesco\/de\/motu_proprio\/documents\/20230325-motu-proprio-vos-estis-lux-mundi-aggiornato.html\" rel=\"external nofollow noopener\" target=\"_blank\">Vos estis lux mundi<\/a>\u201c ist ein Schreiben von Papst Franziskus aus dem Jahr 2019. Es enth\u00e4lt die derzeit verbindlichen kirchenrechtlichen Vorschriften und Verfahrensregeln zur Bek\u00e4mpfung des sexuellen Missbrauchs in der katholischen Kirche.<\/p>\n<p>Mit \u201egeweihtem Leben\u201c sind M\u00e4nner und Frauen gemeint, die \u2013 in der Regel ohne Priester zu sein \u2013 ihr Leben ganz Gott weihen und nach den sogenannten evangelischen R\u00e4ten leben: Armut, Ehelosigkeit und Gehorsam. Dazu geh\u00f6ren insbesondere Ordensfrauen und Ordensm\u00e4nner.<\/p>\n<p>(missio aachen &#8211; sc)<\/p>\n","protected":false},"excerpt":{"rendered":"Das katholische Hilfswerk missio Aachen unterst\u00fctzt Initiativen, den Schutz von Ordensfrauen vor Missbrauch in der Kirche durch klare&hellip;\n","protected":false},"author":2,"featured_media":1199570,"comment_status":"","ping_status":"","sticky":false,"template":"","format":"standard","meta":{"footnotes":"","_share_on_mastodon":"0"},"categories":[1853],"tags":[1424,3364,29,548,663,3934,30,13,10518,1920,14,15,1209,40254,12],"class_list":["post-1199569","post","type-post","status-publish","format-standard","has-post-thumbnail","category-aachen","tag-aachen","tag-de","tag-deutschland","tag-eu","tag-europa","tag-europe","tag-germany","tag-headlines","tag-hilfswerke","tag-missbrauch","tag-nachrichten","tag-news","tag-nordrhein-westfalen","tag-ordensvertreter","tag-schlagzeilen"],"share_on_mastodon":{"url":"https:\/\/pubeurope.com\/@de\/116999730415345804","error":""},"_links":{"self":[{"href":"https:\/\/www.europesays.com\/de\/wp-json\/wp\/v2\/posts\/1199569","targetHints":{"allow":["GET"]}}],"collection":[{"href":"https:\/\/www.europesays.com\/de\/wp-json\/wp\/v2\/posts"}],"about":[{"href":"https:\/\/www.europesays.com\/de\/wp-json\/wp\/v2\/types\/post"}],"author":[{"embeddable":true,"href":"https:\/\/www.europesays.com\/de\/wp-json\/wp\/v2\/users\/2"}],"replies":[{"embeddable":true,"href":"https:\/\/www.europesays.com\/de\/wp-json\/wp\/v2\/comments?post=1199569"}],"version-history":[{"count":0,"href":"https:\/\/www.europesays.com\/de\/wp-json\/wp\/v2\/posts\/1199569\/revisions"}],"wp:featuredmedia":[{"embeddable":true,"href":"https:\/\/www.europesays.com\/de\/wp-json\/wp\/v2\/media\/1199570"}],"wp:attachment":[{"href":"https:\/\/www.europesays.com\/de\/wp-json\/wp\/v2\/media?parent=1199569"}],"wp:term":[{"taxonomy":"category","embeddable":true,"href":"https:\/\/www.europesays.com\/de\/wp-json\/wp\/v2\/categories?post=1199569"},{"taxonomy":"post_tag","embeddable":true,"href":"https:\/\/www.europesays.com\/de\/wp-json\/wp\/v2\/tags?post=1199569"}],"curies":[{"name":"wp","href":"https:\/\/api.w.org\/{rel}","templated":true}]}}