{"id":1199780,"date":"2026-07-28T23:47:20","date_gmt":"2026-07-28T23:47:20","guid":{"rendered":"https:\/\/www.europesays.com\/de\/1199780\/"},"modified":"2026-07-28T23:47:20","modified_gmt":"2026-07-28T23:47:20","slug":"kaisermania-2026-ohne-ticket-die-besten-plaetze-am-elbufer-in-dresden","status":"publish","type":"post","link":"https:\/\/www.europesays.com\/de\/1199780\/","title":{"rendered":"Kaisermania 2026 ohne Ticket: Die besten Pl\u00e4tze am Elbufer in Dresden"},"content":{"rendered":"<p>Keine MDR-\u00dcbertragung mehr <\/p>\n<p>So k\u00f6nnen Kaisermania-Fans trotzdem mitfeiern<\/p>\n<p>Aktualisiert am 29.07.2026 &#8211; 01:42 UhrLesedauer: 1 Min.<\/p>\n<p><a href=\"#focus-0\" class=\"transition-colors block text-current relative\" data-sctrack=\"FocusGalleryImage.Reference\"><img fetchpriority=\"high\" data-testid=\"Opener.Image\"   loading=\"eager\" src=\"https:\/\/www.europesays.com\/de\/wp-content\/uploads\/2026\/07\/roland-kaiser-archivbild-er-tritt-zweimal-in-der-berliner-waldbuehne-auf.jpg\" alt=\"Roland Kaiser (Archivbild): Er tritt zweimal in der Berliner Waldb\u00fchne auf.\" title=\"Roland Kaiser (Archivbild): Er tritt zweimal in der Berliner Waldb\u00fchne auf.\" width=\"4430\" height=\"2492\" class=\"bg-[url:var(--lqipURL)] bg-cover bg-center flex h-full w-full max-w-full\" style=\"--lqipURL:url('https:\/\/images.t-online.de\/2026\/07\/-TAk1cvV1nWh\/0x132:4430x2492\/fit-in\/150x0\/filters:blur(25)\/roland-kaiser-archivbild-er-tritt-zweimal-in-der-berliner-waldbuehne-auf.jpg')\" decoding=\"async\"\/><img loading=\"lazy\" src=\"https:\/\/dresden.t-online.de\/s\/paper\/_next\/static\/media\/zoom-in.f7dae02f.svg\" alt=\"Vergr\u00f6\u00dfern des Bildes\" title=\"Vergr\u00f6\u00dfern des Bildes\" class=\"block h-[calc(var(--height)_\/_16_*_1rem)] w-[calc(var(--width)_\/_16_*_1rem)] max-w-none absolute right-8 bottom-8 rounded-4 bg-snow p-8\" style=\"--width:32;--height:32\" decoding=\"async\"\/><\/a><\/p>\n<p>Roland Kaiser (Archivbild): Dieses Mal gibt keine Live\u00fcbertragung vom Kaisermania-Auftritt. (Quelle: Imago\/Future Image)<\/p>\n<p><img loading=\"lazy\" src=\"https:\/\/dresden.t-online.de\/s\/paper\/_next\/static\/media\/audio-volume.6689034c.svg\" alt=\"\" title=\"\" class=\"block h-[calc(var(--height)_\/_16_*_1rem)] w-[calc(var(--width)_\/_16_*_1rem)] max-w-none group-hover:brightness-0 group-hover:invert\" style=\"--width:16;--height:16\" decoding=\"async\"\/>Vorlesen<\/p>\n<p>Aktuelle Zeit:0:00Gesamtdauer:0:00<\/p>\n<p>1x<\/p>\n<p class=\"text-center\">Jetzt neu bei t-online:<\/p>\n<p class=\"text-center\">Schriftgr\u00f6\u00dfe anpassen!<\/p>\n<p><img loading=\"lazy\" src=\"https:\/\/dresden.t-online.de\/s\/paper\/_next\/static\/media\/font-sizes.32942e33.svg\" alt=\"\" title=\"\" class=\"block h-[calc(var(--height)_\/_16_*_1rem)] w-[calc(var(--width)_\/_16_*_1rem)] max-w-none group-hover:hidden group-aria-expanded:hidden\" style=\"--width:16;--height:16\" decoding=\"async\"\/><img loading=\"lazy\" src=\"https:\/\/dresden.t-online.de\/s\/paper\/_next\/static\/media\/font-sizes-dark-mode.e382645c.svg\" alt=\"\" title=\"\" class=\"block h-[calc(var(--height)_\/_16_*_1rem)] w-[calc(var(--width)_\/_16_*_1rem)] max-w-none hidden group-hover:block group-aria-expanded:block\" style=\"--width:16;--height:16\" decoding=\"async\"\/><img loading=\"lazy\" src=\"https:\/\/dresden.t-online.de\/s\/paper\/_next\/static\/media\/sharing-menu-icon.1eb71368.svg\" alt=\"\" title=\"\" class=\"block h-[calc(var(--height)_\/_16_*_1rem)] w-[calc(var(--width)_\/_16_*_1rem)] max-w-none group-hover:brightness-0 group-hover:invert\" style=\"--width:16;--height:16\" decoding=\"async\"\/>Artikel teilen<\/p>\n<p class=\"font-bold text-18 leading-17 user-text-lg:text-22 user-text-xl:text-24\">Auf den Elbwiesen ist diesmal mehr Platz als im vergangenen Sommer. Und ein Schiff \u00f6ffnet an allen vier Abenden kostenlos das Deck.<\/p>\n<p class=\"text-18 leading-17 user-text-lg:text-22 user-text-xl:text-24\">Seit 2011 \u00fcbertrug der MDR die Kaisermania live vom Elbufer. Vergangenes Jahr schalteten 1,35 Millionen Menschen ein. Wenn die Konzertreihe am Freitag beginnt, ist das Fernsehen erstmals nicht dabei.<\/p>\n<p class=\"text-18 leading-17 user-text-lg:text-22 user-text-xl:text-24\">Die Entscheidung habe Roland Kaiser gemeinsam mit seiner Konzertfirma entschieden. Als Grund nennen beide den Ton: Zuschauer hatten sich wiederholt \u00fcber die Qualit\u00e4t der \u00dcbertragung beschwert.<\/p>\n<p>Empfohlener externer InhaltYoutube<\/p>\n<p class=\"text-14 leading-15\">Wir ben\u00f6tigen Ihre Einwilligung, um den von unserer Redaktion eingebundenen Youtube-Inhalt anzuzeigen. Sie k\u00f6nnen diesen (und damit auch alle weiteren Youtube-Inhalte auf t-online.de) mit einem Klick anzeigen lassen und auch wieder deaktivieren.<\/p>\n<p>Youtube-Inhalte immer anzeigen<\/p>\n<p>Ich bin damit einverstanden, dass mir externe Inhalte angezeigt werden. Damit k\u00f6nnen personenbezogene Daten an Drittplattformen \u00fcbermittelt werden. <a href=\"https:\/\/www.t-online.de\/datenschutz\/id_88397036\/index#17-externe-inhalte\" target=\"_blank\" class=\"transition-colors text-magenta\" rel=\"nofollow noopener\">Mehr dazu in unseren Datenschutzhinweisen<\/a>.<\/p>\n<p>Kaisermania 2026: Mehr Platz auf den Elbwiesen f\u00fcr Zaung\u00e4ste<\/p>\n<p class=\"text-18 leading-17 user-text-lg:text-22 user-text-xl:text-24\">Statt <a href=\"https:\/\/dresden.t-online.de\/region\/dresden\/id_100440624\/kaisermania-2024-roland-kaiser-bei-public-viewing-in-sachsen-live-erleben.html\" class=\"transition-colors cursor-pointer no-underline md:hover:text-magenta md:focus:text-magenta border-b border-solid border-current text-salemsfur md:hover:border-magenta\" data-tracking=\"{&quot;action&quot;:&quot;click&quot;,&quot;category&quot;:&quot;intextLink&quot;,&quot;label&quot;:&quot;\/region\/dresden\/id_100440624\/kaisermania-2024-roland-kaiser-bei-public-viewing-in-sachsen-live-erleben.html&quot;}\" data-sctrack=\"BodyAnchor\" rel=\"nofollow noopener\" target=\"_blank\">Public Viewing der MDR-\u00dcbertragung<\/a> bleibt Fans ohne Ticket nur die M\u00f6glichkeit, auf den Elbwiesen mitzufeiern. 2025 engte die Baustelle an der Carolabr\u00fccke die Wiesen ein. Die Baustelle ist verschwunden, die Zug\u00e4nge zum Gel\u00e4nde liegen wieder links und rechts.<\/p>\n<ul class=\"text-18 leading-17 block pl-24 *:pb-16 *:before:inline-block *:before:size-8 *:before:bg-magenta *:before:mt-0 *:before:mr-12 *:before:mb-2 *:before:-ml-[20px]\">\n<li><strong class=\"font-bold\">Welcher Eingang gilt nun?<\/strong> <a href=\"https:\/\/dresden.t-online.de\/region\/dresden\/id_101351902\/kaisermania-2026-dresden-einlass-anreise-beim-roland-kaiser-konzert.html\" class=\"transition-colors cursor-pointer no-underline md:hover:text-magenta md:focus:text-magenta border-b border-solid border-current text-salemsfur md:hover:border-magenta\" data-tracking=\"{&quot;action&quot;:&quot;click&quot;,&quot;category&quot;:&quot;intextLink&quot;,&quot;label&quot;:&quot;\/region\/dresden\/id_101351902\/kaisermania-2026-dresden-einlass-anreise-beim-roland-kaiser-konzert.html&quot;}\" data-sctrack=\"BodyAnchor\" rel=\"nofollow noopener\" target=\"_blank\">Der alte Weg zum Kaisermania-Gel\u00e4nde ist zur\u00fcck<\/a><\/li>\n<\/ul>\n<p class=\"text-18 leading-17 user-text-lg:text-22 user-text-xl:text-24\"><a href=\"https:\/\/dresden.t-online.de\/region\/dresden\/id_100837846\/kaisermania-2025-in-dresden-tausende-fans-fiebern-auftakt-entgegen.html\" class=\"transition-colors cursor-pointer no-underline md:hover:text-magenta md:focus:text-magenta border-b border-solid border-current text-salemsfur md:hover:border-magenta\" data-tracking=\"{&quot;action&quot;:&quot;click&quot;,&quot;category&quot;:&quot;intextLink&quot;,&quot;label&quot;:&quot;\/region\/dresden\/id_100837846\/kaisermania-2025-in-dresden-tausende-fans-fiebern-auftakt-entgegen.html&quot;}\" data-sctrack=\"BodyAnchor\" rel=\"nofollow noopener\" target=\"_blank\">Hunderte Zaung\u00e4ste sind dort jedes Jahr hinter der Absperrung dabei.<\/a> Die B\u00fchne bleibt von den Wiesen aus verdeckt, die Musik ist \u00fcberall zu h\u00f6ren. Eine Einlasskontrolle gibt es nicht: Decke, Picknickkorb und eigene Getr\u00e4nke darf jeder mitbringen.<\/p>\n<p>Ein Schiffsdeck \u00f6ffnet an allen vier Abenden kostenlos<\/p>\n<p class=\"text-18 leading-17 user-text-lg:text-22 user-text-xl:text-24\">Die S\u00e4chsische Dampfschifffahrt macht ihr Sonnendeck erneut zum \u201eKaiserDeck&#8220;. Der Eintritt ist frei, Getr\u00e4nke und Speisen gibt es an Bord.<\/p>\n<p>Empfohlener externer Inhalt<img loading=\"lazy\" src=\"https:\/\/dresden.t-online.de\/s\/paper\/_next\/static\/media\/facebook.62c97f9a.svg\" alt=\"Facebook\" title=\"Facebook\" class=\"block h-[calc(var(--height)_\/_16_*_1rem)] w-[calc(var(--width)_\/_16_*_1rem)] max-w-none undefined\" style=\"--height:24\" decoding=\"async\"\/>Facebook<\/p>\n<p class=\"text-14 leading-15\">Wir ben\u00f6tigen Ihre Einwilligung, um den von unserer Redaktion eingebundenen Facebook-Inhalt anzuzeigen. Sie k\u00f6nnen diesen (und damit auch alle weiteren Facebook-Inhalte auf t-online.de) mit einem Klick anzeigen lassen und auch wieder deaktivieren.<\/p>\n<p>Facebook-Inhalte immer anzeigen<\/p>\n<p>Ich bin damit einverstanden, dass mir externe Inhalte angezeigt werden. Damit k\u00f6nnen personenbezogene Daten an Drittplattformen \u00fcbermittelt werden. <a href=\"https:\/\/www.t-online.de\/datenschutz\/id_88397036\/index#17-externe-inhalte\" target=\"_blank\" class=\"transition-colors text-magenta\" rel=\"nofollow noopener\">Mehr dazu in unseren Datenschutzhinweisen<\/a>.<\/p>\n<p class=\"text-18 leading-17 user-text-lg:text-22 user-text-xl:text-24\">Ge\u00f6ffnet ist am 31. Juli, 1., 7. und 8. August jeweils von 18:30 bis 22:30 Uhr. Das Schiff liegt am Terrassenufer.<\/p>\n<p class=\"text-18 leading-17 user-text-lg:text-22 user-text-xl:text-24\">H\u00f6her stehen Fans auf der Augustusbr\u00fccke. Und direkt neben dem Konzertgel\u00e4nde \u00f6ffnen die Bierg\u00e4rten: der Augustusgarten an der Wiesentorstra\u00dfe und der Elbsegler an der Gro\u00dfen Mei\u00dfner Stra\u00dfe.<\/p>\n","protected":false},"excerpt":{"rendered":"Keine MDR-\u00dcbertragung mehr So k\u00f6nnen Kaisermania-Fans trotzdem mitfeiern Aktualisiert am 29.07.2026 &#8211; 01:42 UhrLesedauer: 1 Min. Roland Kaiser&hellip;\n","protected":false},"author":2,"featured_media":1199781,"comment_status":"","ping_status":"","sticky":false,"template":"","format":"standard","meta":{"footnotes":"","_share_on_mastodon":"0"},"categories":[1835],"tags":[522,3364,29,2386,18628,24578,30,81,10767,859,6402],"class_list":["post-1199780","post","type-post","status-publish","format-standard","has-post-thumbnail","category-dresden","tag-522","tag-de","tag-deutschland","tag-dresden","tag-elbufer","tag-elbwiese","tag-germany","tag-mdr","tag-roland-kaiser","tag-sachsen","tag-schiff"],"share_on_mastodon":{"url":"https:\/\/pubeurope.com\/@de\/117000279283753403","error":""},"_links":{"self":[{"href":"https:\/\/www.europesays.com\/de\/wp-json\/wp\/v2\/posts\/1199780","targetHints":{"allow":["GET"]}}],"collection":[{"href":"https:\/\/www.europesays.com\/de\/wp-json\/wp\/v2\/posts"}],"about":[{"href":"https:\/\/www.europesays.com\/de\/wp-json\/wp\/v2\/types\/post"}],"author":[{"embeddable":true,"href":"https:\/\/www.europesays.com\/de\/wp-json\/wp\/v2\/users\/2"}],"replies":[{"embeddable":true,"href":"https:\/\/www.europesays.com\/de\/wp-json\/wp\/v2\/comments?post=1199780"}],"version-history":[{"count":0,"href":"https:\/\/www.europesays.com\/de\/wp-json\/wp\/v2\/posts\/1199780\/revisions"}],"wp:featuredmedia":[{"embeddable":true,"href":"https:\/\/www.europesays.com\/de\/wp-json\/wp\/v2\/media\/1199781"}],"wp:attachment":[{"href":"https:\/\/www.europesays.com\/de\/wp-json\/wp\/v2\/media?parent=1199780"}],"wp:term":[{"taxonomy":"category","embeddable":true,"href":"https:\/\/www.europesays.com\/de\/wp-json\/wp\/v2\/categories?post=1199780"},{"taxonomy":"post_tag","embeddable":true,"href":"https:\/\/www.europesays.com\/de\/wp-json\/wp\/v2\/tags?post=1199780"}],"curies":[{"name":"wp","href":"https:\/\/api.w.org\/{rel}","templated":true}]}}