{"id":1200085,"date":"2026-07-29T03:04:17","date_gmt":"2026-07-29T03:04:17","guid":{"rendered":"https:\/\/www.europesays.com\/de\/1200085\/"},"modified":"2026-07-29T03:04:17","modified_gmt":"2026-07-29T03:04:17","slug":"irgendwer-wird-immer-abgeschoben-ein-gastkommentar-%c2%b7-leipziger-zeitung","status":"publish","type":"post","link":"https:\/\/www.europesays.com\/de\/1200085\/","title":{"rendered":"Irgendwer wird immer abgeschoben: Ein Gastkommentar \u00b7 Leipziger Zeitung"},"content":{"rendered":"<p class=\"translation-notice\">This article is also available in English: <a href=\"https:\/\/www.l-iz.de\/en\/life\/society-en\/2026\/07\/someone-is-always-being-deported-an-opinion-piece-665645\" rel=\"nofollow noopener\" target=\"_blank\">Read this article in English<\/a>.<\/p>\n<p>Abschiebungen sind politisch wieder in Mode. Ob die betroffenen Personen einer geregelten Arbeit nachgehen oder am Ende ihrer Reise m\u00f6glicherweise hingerichtet werden, das scheint die politischen Entscheidungstr\u00e4ger und ihre willf\u00e4hrigen Beamten nur wenig zu interessieren. Als politische Mode betrachtet, geh\u00f6rt die t\u00e4gliche Abschiebung einfach dazu: Unterschrift auf ein Papier, den Stempel in das vorgesehene K\u00e4stchen, ein paar vorbereitete Worte an die Presse, das war\u2019s.<\/p>\n<p>Da sind die Gedanken schnell wieder beim n\u00e4chsten Buffet und bei der Frage, ob es dort auch scharfen Senf zur Bratwurst geben wird. Da kann man sich bestimmt noch Nachschlag holen\u2026<\/p>\n<p>Auch der Flughafen Leipzig\/Halle ist am heutigen Abschiebe-Prozedere <a href=\"http:\/\/www.mdr.de\/nachrichten\/podcast\/interview\/audio-abschiebeflug-leipzig-halle-irak-mdr-100.html\" target=\"_blank\" rel=\"noopener nofollow\">regelm\u00e4\u00dfig beteiligt<\/a>. Wir als Stadt Leipzig tragen also eine Mitverantwortung f\u00fcr eine Praxis, die auf Schwerverbrecher und chronische Straft\u00e4ter begrenzt sein sollte, doch mittlerweile immer \u00f6fter sogar auf<a href=\"http:\/\/www.news4teachers.de\/2025\/12\/neue-haerte-abschiebungen-treffen-zunehmend-kinder-jugendliche-und-junge-erwachsene-mitten-in-schule-ausbildung-und-beruf\/\" target=\"_blank\" rel=\"noopener nofollow\"> Kinder und Jugendliche<\/a> und bestens integrierte Menschen angewendet wird.<\/p>\n<p>Trotzdem werde ich mir die \u00fcblichen Talking-Points von \u201eUnmenschlichkeit\u201c bis \u201eWahlkampfhilfe f\u00fcr die Rechten\u201c sparen und das Thema von einer anderen Seite angehen. Denn politisch ist schon viel \u00fcber die Abschiebeoffensive des Innenministeriums geschrieben worden. Interessant wird es beim Kontext menschlicher Verhaltensmuster \u2013 eine Betrachtung, die unsere Gesellschaft regelm\u00e4\u00dfig scheut.<\/p>\n<p>Du hast Probleme. Ich habe Probleme. Deine Nachbarin im dritten Stock hat Probleme. Probleme f\u00fchlen sich nicht gut an, ganz im Gegenteil. Doch wenn wir genauer hinschauen, dann sind es gar nicht die Probleme selbst, die das Leben so viel schwerer machen, vielmehr sind es ihre Symptome. Depressionen w\u00e4ren ohne Selbstzweifel und Antriebslosigkeit leicht auszuhalten, ein Kater ohne Kopfschmerz w\u00fcrde den Sonntagmorgen nicht belasten, und so weiter und so fort.<\/p>\n<p>Symptome machen Probleme sp\u00fcrbar, ohne sie g\u00e4be es keinen <a href=\"http:\/\/www.spektrum.de\/lexikon\/psychologie\/leidensdruck\/8692\" target=\"_blank\" rel=\"noopener nofollow\">Leidensdruck<\/a> und daher keine Motivation, sich den Problemen zu stellen und diese anzugehen. Denn daf\u00fcr sind Symptome da: Hinweisschilder f\u00fcr die Problemanalyse.<\/p>\n<p>Strukturell k\u00f6nnen wir den Umgang mit Problemdruck relativ einfach darstellen:<br \/>\u279c Problemdruck kann \u00fcber den inneren Weg angegangen werden (z. B. \u201eIch helfe mir selbst!\u201c)<br \/>\u279c Problemdruck kann \u00fcber den \u00e4u\u00dferen Weg angegangen werden (z.B. \u201eHilf du mir!\u201c)<br \/>\u279c Problemdruck kann verdr\u00e4ngt werden (z.B. \u201eIch lenke mich mit Netflix ab!\u201c)<br \/>\u279c Problemdruck kann gel\u00f6st werden (z.B. eine Verhaltens\u00e4nderung)<\/p>\n<p>Diese vier Ans\u00e4tze ergeben ein flexibles System (siehe Grafik). So k\u00f6nnen Probleme nach innen wie nach au\u00dfen verdr\u00e4ngt und nach innen (\u201eIch helfe mir selbst!\u201c) wie nach au\u00dfen (\u201eHilf du mir!\u201c) gel\u00f6st werden. Als \u201eThe Zone of Fuck!\u201c will ich jenen Bereich beschreiben, in dem das Problem nach au\u00dfen verdr\u00e4ngt wird und dieses Au\u00dfen nicht mehr privater Natur ist. Wenn also ein Innenminister seinen <a href=\"http:\/\/link.springer.com\/article\/10.1007\/s11757-009-0124-x\" rel=\"nofollow noopener\" target=\"_blank\">pathologischen Menschenhass<\/a> z.B. auf Migranten abw\u00e4lzt und hierf\u00fcr eine Abschiebeoffensive ausruft, dann befindet sich dieser Innenminister in der \u201eZone of Fuck!\u201c<\/p>\n<p><a href=\"https:\/\/www.europesays.com\/de\/wp-content\/uploads\/2026\/07\/verdraengung.jpg\"><img loading=\"lazy\" decoding=\"async\" class=\"wp-image-665634 size-full\" src=\"https:\/\/www.europesays.com\/de\/wp-content\/uploads\/2026\/07\/verdraengung.jpg\" alt=\"Vier Strategien, wie Menschen mit Problemdruck umgehen. Grafik: Dominic Memmel\" width=\"2250\" height=\"1500\"  \/><\/a>Vier Strategien, wie Menschen mit Problemdruck umgehen. Grafik: Dominic Memmel<\/p>\n<p>Es geht also nicht darum, ein m\u00f6gliches Problem zu erkennen oder zu l\u00f6sen, sondern schlicht darum, keine unangenehmen Gef\u00fchle mehr zu haben. Bei den Methoden der Verdr\u00e4ngung kommen wir zu zwei Fehlern, die gerade im politischen Betrieb eine (viel zu) gro\u00dfe Rolle spielen:<\/p>\n<p>1. Attributionsfehler<\/p>\n<p>Gemeint ist, dass man Symptome und das eigentliche Probleme entkoppelt, und dass die Symptome einem anderen Problem zugerechnet werden. Vereinfacht gesagt: \u201eIch habe nicht zu viel getrunken, aber das letzte Bier war schlecht.\u201c<\/p>\n<p>Von der Politik wird diese Verwechslung oft gezielt eingesetzt. Die AfD ist ein anschauliches Beispiel, wenn sie jedem Problem mit \u201eAusl\u00e4nder sind schuld!\u201c zu begegnen versucht. Aus dem Kanzleramt und dem Innenministerium kommen solcherlei Fehlinterpretationen ebenfalls in der immer gleichen Form: <a href=\"http:\/\/www.tagesschau.de\/faktenfinder\/merz-asylbewerber-zahnarzt-100.html\" target=\"_blank\" rel=\"noopener nofollow\">\u201eDie [Migranten] sitzen beim Zahnarzt und lassen sich die Z\u00e4hne machen, und die deutschen B\u00fcrger daneben kriegen keine Termine\u201c<\/a><\/p>\n<p>Das ist Framing aus dem Lehrbuch, w\u00e4hrend das Problem (z.B. medizinische Versorgungskrise) pauschal \u2013 und falsch! \u2013 der Migration zugeordnet wird.<\/p>\n<p>2. Symptomverschiebung<\/p>\n<p>Auf die Analyse folgt die Therapie \u2013 und die sollte nat\u00fcrlich das Problem selbst therapieren, anstatt das \u201eAua!\u201c der Symptome wegzuschieben. Werden nur die Symptome aus der Wahrnehmung verdr\u00e4ngt, dann wird das Problem einen anderen Weg finden, um auf sich aufmerksam zu machen: Das Symptom hat sich verschoben. Im politischen Diskurs wird also auf der Basis der fehlerhaften Analyse, dass Migration unserem Land schaden w\u00fcrde, die leicht erkennbare Hautfarbe wie ein Symptom behandelt: \u201eWeg mit denen, dann geht es uns wieder gut!\u201c<\/p>\n<p>Es folgt also die Symptomverschiebung der falschen Analyse auf den Fu\u00df \u2013 der Innenminister und der <a href=\"http:\/\/www.youtube.com\/watch?v=-aEOpA_QoyU\" target=\"_blank\" rel=\"noopener nofollow\">kleine Sauerland-Pascha<\/a> sind ganz vorne mit dabei.<\/p>\n<p>\u00dcbrigens ist die Symptomverschiebung auch ein Verhalten, das wir bis in den Alltag hinein bei uns selbst beobachten. Ein Symptom wird unterdr\u00fcckt (z.B. durch Ablenkung via Netflix), es verschwindet und ploppt dann an anderer Stelle wieder auf: anderes Symptom, gleiche Ursache, erh\u00f6hte Heftigkeit.<\/p>\n<p>Und die Abschiebungen?<\/p>\n<p>Nat\u00fcrlich gibt es Einzelf\u00e4lle, in denen eine Abschiebung gerechtfertigt ist. Der grundlegende Ansatz der heutigen Abschiebeoffensive ist jedoch genau diese Vermischung aus Attributionsfehler (\u201eMigranten sind an allem schuld!\u201c) und Symptomverschiebung (\u201eIch will im Stadtbild keine Migranten sehen!\u201c). Das mag menschlich komplett daneben sein, doch auf der gesellschaftlichen Ebene geht diese Strategie auf. Denn sie trifft einen Kern menschlichen Verhaltens: Treten unangenehme Gef\u00fchle auf, z. B. die k\u00fcnstlich erzeugte Angst vor dunkler Haut und <a href=\"http:\/\/www.dwds.de\/wb\/guttural\" target=\"_blank\" rel=\"noopener nofollow\">gutturaler Sprache<\/a>, ist die einfachste L\u00f6sung auch die attraktivste. Symptom weg, alles gut, Herzchensmiley.<\/p>\n<p>Die AfD hat das erkannt und nutzt solche Mechanismen gezielt und erfolgreich, w\u00e4hrend Typen wie Dobrindt und Merz eher instinktgetrieben wirken \u2013 man k\u00f6nnte analog von \u201ekalten M\u00f6rdern\u201c (AfD) und \u201eimpulsiven Triebt\u00e4tern\u201c (Dobrindt, Merz) sprechen. Die eigentliche L\u00f6sung, das Therapieren dissozialer Muster in den K\u00f6pfen der politischen Brandstifter, und vor allem das Fernhalten solcher Charakterbilder von Machtpositionen, ist ein Talking-Point, der jedoch kaum vorkommt. Solange wir aber dissoziales Verhalten an F\u00fchrungspositionen nur hinter dem Feigenblatt von \u201eschlechter Politik\u201c diskutieren, spielen auch wir an einem Symptom herum.<\/p>\n<p>Wenn also pathologisch dissoziale Charaktere in hohen \u00c4mtern sitzen, ihre Getriebenheit auf Menschengruppen projizieren und diese Menschengruppen m\u00f6glichst ungesehen machen wollen, dann wird auch immer irgendjemand abgeschoben. Doch die Migration wird bleiben \u2013 die Klimakrise wird sie<a href=\"http:\/\/www.youtube.com\/watch?v=6aPE8TxCdyo\" target=\"_blank\" rel=\"noopener nofollow\"> massiv verst\u00e4rken.<\/a><\/p>\n<p>Und dann werden Typen wie unser Innenminister reagieren, wie ein Alkoholiker reagiert, wenn seine Bauchschmerzen unertr\u00e4glich werden: Er eskaliert! Der Alkoholiker, der seinen Schmerz verdr\u00e4ngen will, greift dann vom Bier zum Schnaps. Der Innenminister, der das freiheitliche Leben fremder Menschen nicht ertragen kann, greift von der Abschiebung zum <a href=\"http:\/\/taz.de\/EU-Abschiebelager-in-Drittstaaten\/!6183645\/\" target=\"_blank\" rel=\"noopener nofollow\">Lager<\/a>.<\/p>\n<p>Getroffen werden solche Entscheidungen von Politikern, die ihre Psyche nicht im Griff haben, und in unserer Gesellschaft die Symptome \u201esehen\u201c, die es wegzuschieben gilt: dich, mich, queere Menschen, <a href=\"http:\/\/www.amnesty.de\/pressemitteilung\/deutschland-paragraf-129-anklage-gegen-letzte-generation-kriminalisierung-protest\" target=\"_blank\" rel=\"noopener nofollow\">Klimasch\u00fctzer<\/a>, demokratische Einrichtungen und den braunb\u00e4rtigen D\u00f6nermann auf der Eisenbahnstra\u00dfe \u2026 Es ist immer das gleiche Prinzip.<\/p>\n<p><strong>Dominic Memmel,<\/strong> geboren 1980 in W\u00fcrzburg und seit 2014 in Leipzig, ist als Aktivist, Kommunikationsberater und Podcaster t\u00e4tig. <a href=\"https:\/\/www.dominic-memmel.de\/\" target=\"_blank\" rel=\"noopener nofollow\">Zur Seite des Autors<\/a>.<\/p>\n","protected":false},"excerpt":{"rendered":"This article is also available in English: Read this article in English. Abschiebungen sind politisch wieder in Mode.&hellip;\n","protected":false},"author":2,"featured_media":1200086,"comment_status":"","ping_status":"","sticky":false,"template":"","format":"standard","meta":{"footnotes":"","_share_on_mastodon":"0"},"categories":[1832],"tags":[250326,414,3364,29,30,4693,71,13353,859],"class_list":["post-1200085","post","type-post","status-publish","format-standard","has-post-thumbnail","category-leipzig","tag-abschiebepraxis","tag-abschiebung","tag-de","tag-deutschland","tag-germany","tag-kommentar","tag-leipzig","tag-psychologie","tag-sachsen"],"share_on_mastodon":{"url":"https:\/\/pubeurope.com\/@de\/117001053157619295","error":""},"_links":{"self":[{"href":"https:\/\/www.europesays.com\/de\/wp-json\/wp\/v2\/posts\/1200085","targetHints":{"allow":["GET"]}}],"collection":[{"href":"https:\/\/www.europesays.com\/de\/wp-json\/wp\/v2\/posts"}],"about":[{"href":"https:\/\/www.europesays.com\/de\/wp-json\/wp\/v2\/types\/post"}],"author":[{"embeddable":true,"href":"https:\/\/www.europesays.com\/de\/wp-json\/wp\/v2\/users\/2"}],"replies":[{"embeddable":true,"href":"https:\/\/www.europesays.com\/de\/wp-json\/wp\/v2\/comments?post=1200085"}],"version-history":[{"count":0,"href":"https:\/\/www.europesays.com\/de\/wp-json\/wp\/v2\/posts\/1200085\/revisions"}],"wp:featuredmedia":[{"embeddable":true,"href":"https:\/\/www.europesays.com\/de\/wp-json\/wp\/v2\/media\/1200086"}],"wp:attachment":[{"href":"https:\/\/www.europesays.com\/de\/wp-json\/wp\/v2\/media?parent=1200085"}],"wp:term":[{"taxonomy":"category","embeddable":true,"href":"https:\/\/www.europesays.com\/de\/wp-json\/wp\/v2\/categories?post=1200085"},{"taxonomy":"post_tag","embeddable":true,"href":"https:\/\/www.europesays.com\/de\/wp-json\/wp\/v2\/tags?post=1200085"}],"curies":[{"name":"wp","href":"https:\/\/api.w.org\/{rel}","templated":true}]}}