{"id":1200220,"date":"2026-07-29T04:33:25","date_gmt":"2026-07-29T04:33:25","guid":{"rendered":"https:\/\/www.europesays.com\/de\/1200220\/"},"modified":"2026-07-29T04:33:25","modified_gmt":"2026-07-29T04:33:25","slug":"neuer-anlauf-fuer-den-brackeler-marktplatz-spd-fragt-nach-ideen-fuer-eine-aufwertung","status":"publish","type":"post","link":"https:\/\/www.europesays.com\/de\/1200220\/","title":{"rendered":"Neuer Anlauf f\u00fcr den Brackeler Marktplatz: SPD fragt nach Ideen f\u00fcr eine Aufwertung"},"content":{"rendered":"<p>\t\tNeuer Anlauf f\u00fcr den Brackeler Marktplatz<br \/>\n\t\t\t\t\tSPD fragt nach Ideen f\u00fcr eine Aufwertung<\/p>\n<p>\t\t<img alt=\"\" src=\"https:\/\/www.europesays.com\/de\/wp-content\/uploads\/2025\/05\/630_0036_48786_.jpg\"  class=\"avatar avatar-36 photo avatar-default\" height=\"36\" width=\"36\" loading=\"eager\" decoding=\"async\"\/>\t\t<a class=\"article-author__name\" href=\"https:\/\/www.ruhrnachrichten.de\/author\/andreas-schroeter\/\" rel=\"author nofollow noopener\" target=\"_blank\">Andreas Schr\u00f6ter<\/a><br \/>\n\t\tRedakteur<\/p>\n<p>    <a href=\"https:\/\/www.ruhrnachrichten.de\/wp-content\/uploads\/2026\/07\/28\/15\/630_0900_6597370_-1648x824.jpg\" rel=\"nofollow noopener\" target=\"_blank\"><\/p>\n<p>            <img decoding=\"async\" fetchpriority=\"high\" src=\"https:\/\/www.europesays.com\/de\/wp-content\/uploads\/2026\/07\/630_0900_6597358_-640x428.jpg\" width=\"640\" height=\"428\"  alt=\"Der Brackeler Wochenmarkt soll genauso wie der Marktplatz selbst nach dem Willen der SPD-Fraktion attraktiver werden.\"\/><\/p>\n<p>    <\/a><br \/>\n    Der Brackeler Wochenmarkt soll genauso wie der Marktplatz selbst nach dem Willen der SPD-Fraktion attraktiver werden. \u00a9 Andreas Schr\u00f6ter (A)<\/p>\n<p class=\"article__teaser-text\">Die SPD startet einen neuen Anlauf f\u00fcr den Brackeler Marktplatz. Die Stadt soll Ideen zu Umbau, Wochenmarkt und Parkpl\u00e4tzen vorlegen.<\/p>\n<p>1 Min Lesezeit<\/p>\n","protected":false},"excerpt":{"rendered":"Neuer Anlauf f\u00fcr den Brackeler Marktplatz SPD fragt nach Ideen f\u00fcr eine Aufwertung Andreas Schr\u00f6ter Redakteur Der Brackeler&hellip;\n","protected":false},"author":2,"featured_media":1200221,"comment_status":"","ping_status":"","sticky":false,"template":"","format":"standard","meta":{"footnotes":"","_share_on_mastodon":"0"},"categories":[1833],"tags":[10138,3364,29,217,30,3648,1209],"class_list":["post-1200220","post","type-post","status-publish","format-standard","has-post-thumbnail","category-dortmund","tag-brackel","tag-de","tag-deutschland","tag-dortmund","tag-germany","tag-lokalpolitik","tag-nordrhein-westfalen"],"share_on_mastodon":{"url":"https:\/\/pubeurope.com\/@de\/117001401441030522","error":""},"_links":{"self":[{"href":"https:\/\/www.europesays.com\/de\/wp-json\/wp\/v2\/posts\/1200220","targetHints":{"allow":["GET"]}}],"collection":[{"href":"https:\/\/www.europesays.com\/de\/wp-json\/wp\/v2\/posts"}],"about":[{"href":"https:\/\/www.europesays.com\/de\/wp-json\/wp\/v2\/types\/post"}],"author":[{"embeddable":true,"href":"https:\/\/www.europesays.com\/de\/wp-json\/wp\/v2\/users\/2"}],"replies":[{"embeddable":true,"href":"https:\/\/www.europesays.com\/de\/wp-json\/wp\/v2\/comments?post=1200220"}],"version-history":[{"count":0,"href":"https:\/\/www.europesays.com\/de\/wp-json\/wp\/v2\/posts\/1200220\/revisions"}],"wp:featuredmedia":[{"embeddable":true,"href":"https:\/\/www.europesays.com\/de\/wp-json\/wp\/v2\/media\/1200221"}],"wp:attachment":[{"href":"https:\/\/www.europesays.com\/de\/wp-json\/wp\/v2\/media?parent=1200220"}],"wp:term":[{"taxonomy":"category","embeddable":true,"href":"https:\/\/www.europesays.com\/de\/wp-json\/wp\/v2\/categories?post=1200220"},{"taxonomy":"post_tag","embeddable":true,"href":"https:\/\/www.europesays.com\/de\/wp-json\/wp\/v2\/tags?post=1200220"}],"curies":[{"name":"wp","href":"https:\/\/api.w.org\/{rel}","templated":true}]}}