{"id":1200241,"date":"2026-07-29T04:44:16","date_gmt":"2026-07-29T04:44:16","guid":{"rendered":"https:\/\/www.europesays.com\/de\/1200241\/"},"modified":"2026-07-29T04:44:16","modified_gmt":"2026-07-29T04:44:16","slug":"koeln-berlin-gesichtsformungsbaender-was-bringen-sie-wirklich","status":"publish","type":"post","link":"https:\/\/www.europesays.com\/de\/1200241\/","title":{"rendered":"K\u00f6ln\/ Berlin | Gesichtsformungsb\u00e4nder: Was bringen sie wirklich?"},"content":{"rendered":"<p>K\u00f6ln\/ Berlin (dpa\/tmn) &#8211; Gesichtsformungsb\u00e4nder umschlie\u00dfen die Konturen des Gesichtes. Die Kopfbandagen werden oft mit einem Klettverschluss oder Klebestreifen befestigt. In der Regel sind sie mehrfach verwendbar.\u00a0<\/p>\n<p>Bekannt geworden sind solche B\u00e4nder unter anderem durch Stars wie Kim Kardashian. Die B\u00e4nder kann man Zuhause etwa beim Fernsehen oder B\u00fcgeln tragen. Bei den meisten Produkten wird empfohlen, sie zwischen einer halben und maximal einer Stunde zu tragen.<\/p>\n<p>Solche Gesichtsformungsb\u00e4nder sollen die Haut straffen, das Doppelkinn reduzieren und die Kieferpartie definieren &#8211; soweit die Versprechen der Kosmetikindustrie. Doch wie sinnvoll sind diese Beauty-Produkte wirklich? Zwei Dermatologinnen geben eine Einsch\u00e4tzung dazu.<\/p>\n<p>Was bringen Gesichtsformungsb\u00e4nder?<\/p>\n<p>\u00abGesichtsformungsb\u00e4nder k\u00f6nnen die Haut und das darunterliegende Gewebe vor\u00fcbergehend komprimieren\u00bb, erkl\u00e4rt Uta Schlossberger, Fach\u00e4rztin f\u00fcr Dermatologie mit einer Praxis in K\u00f6ln. Direkt nach dem Tragen k\u00f6nne dadurch das Gesicht kurzfristig etwas straffer oder definierter erscheinen. \u00abEine nachhaltige Straffung der Haut oder eine Reduktion eines Doppelkinns erreichen diese Produkte jedoch nicht\u00bb, so Schlossberger.<\/p>\n<p>Meike Schr\u00f6der, Fach\u00e4rztin f\u00fcr Dermatologie mit einer Praxis in Berlin, erkl\u00e4rt, warum der Effekt nicht anh\u00e4lt:\u00a0\u00abGibt es Wasserablagerungen im Gesicht, kann so ein Gesichtsformungsband diese kurzfristig verschieben. Das kann man sich vorstellen, wie bei einer Schwellung. Wenn man diese eindr\u00fcckt, wird die Lymphfl\u00fcssigkeit kurzfristig verschoben und es gibt eine Delle.\u00bb<\/p>\n<p>Auch wenn so ein Gesichtsformungsband Vorteile bringen kann &#8211; etwa, dass die Anwendung nicht invasiv sowie vergleichsweise kosteng\u00fcnstig und einfach ist, handelt es sich Schlossberger dabei zufolge eben nur um einen kurzfristigen optischen Straffungseffekt.\u00a0<\/p>\n<p>Die B\u00e4nder &#8211; beziehungsweise die Werbeversprechen dazu &#8211; k\u00f6nnten also unrealistische Erwartungen wecken. \u00abWissenschaftliche Belege daf\u00fcr, dass Gesichtsformungsb\u00e4nder langfristig etwas bringen, gibt es bislang nicht\u00bb, sagt Meike Schr\u00f6der.\u00a0<\/p>\n<p>Bei empfindlicher Haut k\u00f6nnten die B\u00e4nder Schlossberger zufolge sogar Druckstellen oder Reizungen und damit Ekzeme verursachen. Auch Kontaktallergien seien m\u00f6glich.<\/p>\n<p>Was hilft stattdessen bei einem Doppelkinn?<\/p>\n<p>Wen sein Doppelkinn st\u00f6rt, der findet andere Behandlungsm\u00f6glichkeiten. Was die wirksamste Ma\u00dfnahme ist, h\u00e4ngt Schlossberger zufolge auch von der Ursache f\u00fcr das Doppelkinn ab.\u00a0<\/p>\n<p>\u00abEin Grund kann zu viel Fettgewebe unter dem Kinn sein\u00bb, sagt Schr\u00f6der. Dann k\u00f6nne es unter Umst\u00e4nden helfen, das Gewicht zu reduzieren. \u00abAllerdings gibt es Menschen, die abnehmen, und trotzdem haben sie noch Fettpolster unter dem Kinn\u00bb, sagt Schr\u00f6der.\u00a0<\/p>\n<p>Und dann? \u00abDermatologen k\u00f6nnen neben Fettabsaugen, dann minimalinvasiv arbeiten und Fettspritzen einsetzen. Bei der sogenannten Injektionslipolyse werden \u00fcber kleine Injektionen in die Haut die Fettzellen im Kinn aufgel\u00f6st\u00bb, erkl\u00e4rt Schr\u00f6der, die auch Mitglied im Berufsverband der Deutschen Dermatologen ist.<\/p>\n<p>Als m\u00f6gliche Risiken z\u00e4hlt die Fach\u00e4rztin etwa vor\u00fcbergehende Schwellungen und R\u00f6tungen der Haut auf sowie in seltenen F\u00e4llen auch blaue Flecke oder allergische Reaktionen. Daher sollte man sich zu solchen Behandlungsmethoden und m\u00f6glichen Risiken ausf\u00fchrlich von einem Dermatologen oder einer Dermatologin beraten lassen, r\u00e4t sie.\u00a0<\/p>\n<p>Welche Ursachen gibt es noch f\u00fcr ein Doppelkinn?<\/p>\n<p>Auch eine anatomische Veranlagung ist eine m\u00f6gliche Ursache f\u00fcr ein Doppelkinn. \u00abWenn der Kieferknochen leicht schr\u00e4g nach vorn gewachsen ist, zeigt sich auch schon bei jungen Menschen ein Doppelkinn\u00bb, so Schr\u00f6der. Behandlungsm\u00f6glichkeiten bei ausgepr\u00e4gten Befunden sind etwa eine operative Hals- und Gesichtsstraffung.<\/p>\n<p>\u00abIm Alter entsteht ein Doppelkinn hingegen oft, weil die B\u00e4nder am Kinn oder die Haut erschlaffen\u00bb, erkl\u00e4rt Schr\u00f6der. Da gebe es minimalinvasive Behandlungen: \u00abGeht es um schlaffe B\u00e4nder im Gesicht, k\u00f6nnen Dermatologen etwa im Unterhautgewebe F\u00e4den einziehen, die sich mit der Zeit selbst aufl\u00f6sen.\u00bb So eine Behandlung h\u00e4lt ihr Schr\u00f6der\u00a0meist etwa ein Jahr. Auch hier sollte man sich vorab ausf\u00fchrlich zu m\u00f6glichen Risiken beraten lassen.<\/p>\n<p>Tipp: Wer vorbeugen will, kann es Schr\u00f6der zufolge mit Gesichtsyoga probieren. Das kann helfen, die Gesichtsmuskeln zu st\u00e4rken.<\/p>\n<p>Und was hilft, wenn die Haut im Gesicht schlaffer wird?<\/p>\n<p>Im Laufe des Alters verliert die Haut zudem an Spannkraft &#8211; auch dadurch k\u00f6nnen die Gesichtskonturen schlaff wirken. \u00abDie Hautalterung entsteht durch den Abbau von Kollagen und Elastin, Volumenverlust sowie das Absinken tieferer Gewebestrukturen\u00bb, erkl\u00e4rt Schlossberger.\u00a0<\/p>\n<p>Solche Prozesse lassen sich ihr zufolge aber nicht durch ein Gesichtsformungsband dauerhaft beeinflussen. Denn: \u00abAus dermatologischer Sicht handelt es sich eher um einen tempor\u00e4ren kosmetischen Effekt als um eine echte Behandlung\u00bb, so Schlossberger.\u00a0<\/p>\n<p>Wie kann man vorbeugen?<\/p>\n<p>Cremes oder ein Serum k\u00f6nnen helfen, dass die Haut m\u00f6glichst lange straff bleibt. \u00abEs ist wissenschaftlich belegt, dass einige Wirkstoffe gegen Hautfalten helfen\u00bb, sagt Schr\u00f6der. Dazu geh\u00f6ren ihr zufolge unter anderem Retinoide &#8211; also Vitamin A Derivate, Antioxidantien, Hyalurons\u00e4ure und Phenole. Zudem gebe es Cremes mit Botox-\u00e4hnlicher Wirkung. \u00abDiese Cremes enthalten Neuropeptide Argireline und wirken von au\u00dfen &#8211; m\u00fcssen also nicht per Spritze verabreicht werden\u00bb, erkl\u00e4rt Schr\u00f6der.\u00a0<\/p>\n<p>Seiner Haut kann man noch auf eine andere Weise etwas Gutes tun: \u00abSonnenschutz ist ein wichtiges Anti-Aging-Mittel. Die Sonne ist einer der Hauptfaktoren, der Haut durch die Entstehung freier Radikale altern l\u00e4sst &#8211; mal abgesehen von dem Hautkrebsrisiko\u00bb, so Schr\u00f6der. Daher sagt die Fach\u00e4rztin: \u00abJe besser man sich vor der Sonne sch\u00fctzt, umso weniger Falten bekommt man.\u00bb<\/p>\n","protected":false},"excerpt":{"rendered":"K\u00f6ln\/ Berlin (dpa\/tmn) &#8211; Gesichtsformungsb\u00e4nder umschlie\u00dfen die Konturen des Gesichtes. Die Kopfbandagen werden oft mit einem Klettverschluss oder&hellip;\n","protected":false},"author":2,"featured_media":1200242,"comment_status":"","ping_status":"","sticky":false,"template":"","format":"standard","meta":{"footnotes":"","_share_on_mastodon":"0"},"categories":[1828],"tags":[2632,29,250361,2507,30,250360,250359,141,1669,1420,11062,350,1209,624],"class_list":["post-1200241","post","type-post","status-publish","format-standard","has-post-thumbnail","category-koeln","tag-brcmj","tag-deutschland","tag-doppelkinn","tag-freizeit","tag-germany","tag-gesichtsformungsbaender","tag-gesichtshaut","tag-gesundheit","tag-haut","tag-koeln","tag-kosmetik","tag-mode","tag-nordrhein-westfalen","tag-ratgeber"],"share_on_mastodon":{"url":"","error":""},"_links":{"self":[{"href":"https:\/\/www.europesays.com\/de\/wp-json\/wp\/v2\/posts\/1200241","targetHints":{"allow":["GET"]}}],"collection":[{"href":"https:\/\/www.europesays.com\/de\/wp-json\/wp\/v2\/posts"}],"about":[{"href":"https:\/\/www.europesays.com\/de\/wp-json\/wp\/v2\/types\/post"}],"author":[{"embeddable":true,"href":"https:\/\/www.europesays.com\/de\/wp-json\/wp\/v2\/users\/2"}],"replies":[{"embeddable":true,"href":"https:\/\/www.europesays.com\/de\/wp-json\/wp\/v2\/comments?post=1200241"}],"version-history":[{"count":0,"href":"https:\/\/www.europesays.com\/de\/wp-json\/wp\/v2\/posts\/1200241\/revisions"}],"wp:featuredmedia":[{"embeddable":true,"href":"https:\/\/www.europesays.com\/de\/wp-json\/wp\/v2\/media\/1200242"}],"wp:attachment":[{"href":"https:\/\/www.europesays.com\/de\/wp-json\/wp\/v2\/media?parent=1200241"}],"wp:term":[{"taxonomy":"category","embeddable":true,"href":"https:\/\/www.europesays.com\/de\/wp-json\/wp\/v2\/categories?post=1200241"},{"taxonomy":"post_tag","embeddable":true,"href":"https:\/\/www.europesays.com\/de\/wp-json\/wp\/v2\/tags?post=1200241"}],"curies":[{"name":"wp","href":"https:\/\/api.w.org\/{rel}","templated":true}]}}