{"id":1200252,"date":"2026-07-29T04:50:16","date_gmt":"2026-07-29T04:50:16","guid":{"rendered":"https:\/\/www.europesays.com\/de\/1200252\/"},"modified":"2026-07-29T04:50:16","modified_gmt":"2026-07-29T04:50:16","slug":"konsequenzen-aus-berlin-gruenen-landesvorsitzende-rudow-umdenken-nach-anschlag","status":"publish","type":"post","link":"https:\/\/www.europesays.com\/de\/1200252\/","title":{"rendered":"Konsequenzen aus Berlin: Gr\u00fcnen-Landesvorsitzende Rudow: Umdenken nach Anschlag"},"content":{"rendered":"<p class=\"paragraph article__item\">Die schleswig-holsteinische Gr\u00fcnen-Landesvorsitzende Lydia Rudow hat sich nach dem t\u00f6dlichen Terroranschlag auf den Christopher Street Day in <a class=\"rtr-entity\" href=\"https:\/\/www.zeit.de\/thema\/berlin\" rel=\"nofollow noopener\" target=\"_blank\">Berlin<\/a> ersch\u00fcttert ge\u00e4u\u00dfert und ein Umdenken gefordert. \u00abIch m\u00f6chte der queeren Community meine volle Solidarit\u00e4t aussprechen. Hass und Hetze d\u00fcrfen nicht siegen\u00bb, sagte sie der Nachrichtenagentur dpa. \u00abWir m\u00fcssen jetzt zusammenhalten und f\u00fcr Toleranz und Vielfalt in unserer Gesellschaft k\u00e4mpfen &#8211; denn diese wird massiv bedroht, von Islamismus genauso wie von Rechtsextremismus.\u00bb\n<\/p>\n<p>Aktuelles<\/p>\n<p>                <a href=\"https:\/\/www.zeit.de\/2026\/32\/demokratie-leben-bundesprogramm-karin-prien-stephan-anpalagan\" data-ct-label=\"Bundesprogramm \u00bbDemokratie leben!\u00ab: Hilft das der Demokratie? \" data-uuid=\"6b84a0e2-e678-44b2-929e-52f7d3b8d775\" rel=\"nofollow noopener\" target=\"_blank\"><\/p>\n<p>        Z+ (abopflichtiger Inhalt);<\/p>\n<p>    Bundesprogramm \u00bbDemokratie leben!\u00ab:<br \/>\n                        Hilft das der Demokratie? <\/p>\n<p>                <\/a><\/p>\n<p>                <a href=\"https:\/\/www.zeit.de\/politik\/deutschland\/2026-07\/frank-walter-steinmeier-anschlag-csd-berlin-christopher-street-day-gxe\" data-ct-label=\"Frank-Walter Steinmeier: Politiker verurteilen Anschlag auf Berliner CSD\" data-uuid=\"b3d038cf-e760-41f9-b3a2-dcbdd8496277\" rel=\"nofollow noopener\" target=\"_blank\"><\/p>\n<p>                        Frank-Walter Steinmeier:<br \/>\n                        Politiker verurteilen Anschlag auf Berliner CSD<\/p>\n<p>                <\/a><\/p>\n<p>                <a href=\"https:\/\/www.zeit.de\/politik\/ausland\/2026-07\/lgbtq-rechte-queerness-csd-berlin-5vor8\" data-ct-label=\"LGBTQ-Rechte: Der queere Widerstand gegen den Backlash\" data-uuid=\"abaee1bf-5262-410e-8ed9-9530efd7ad6c\" rel=\"nofollow noopener\" target=\"_blank\"><\/p>\n<p>        Z+ (abopflichtiger Inhalt);<\/p>\n<p>    LGBTQ-Rechte:<br \/>\n                        Der queere Widerstand gegen den Backlash<\/p>\n<p>                <\/a><\/p>\n<p class=\"paragraph article__item\">Rudow forderte Bundesbildungsministerin <a class=\"rtr-entity\" href=\"https:\/\/www.zeit.de\/thema\/karin-prien\" rel=\"nofollow noopener\" target=\"_blank\">Karin Prien<\/a> (CDU) auf, umzudenken und die F\u00f6rderung des queeren Jugendnetzwerks Lambda fortzuf\u00fchren. Seit 1990 werde das Netzwerk durch Mittel des Kinder- und Jugendplans des Bundes mitfinanziert. Prien habe die F\u00f6rderung in diesem Jahr gek\u00fcndigt. \u00abDas ist das v\u00f6llig falsche Signal in einer Zeit, in der die queere Community immer st\u00e4rker bedroht wird.\u00bb\n<\/p>\n<p class=\"paragraph article__item\">Mit der Neuausrichtung des F\u00f6rderprogramms \u00abDemokratie leben\u00bb habe Prien bei vielen Tr\u00e4gern gro\u00dfe Verunsicherung ausgel\u00f6st, kritisierte Rudow. Die neuen F\u00f6rderrichtlinien seien ein Misstrauensvotum gegen die bisher gef\u00f6rderten Projekte. Viele Projekte, die sich f\u00fcr Demokratie und gegen Extremismus einsetzten, seien nun in Gefahr.\n<\/p>\n<p class=\"paragraph article__item\">\u00a9 dpa-infocom, dpa:260729-930-452960\/1<\/p>\n","protected":false},"excerpt":{"rendered":"Die schleswig-holsteinische Gr\u00fcnen-Landesvorsitzende Lydia Rudow hat sich nach dem t\u00f6dlichen Terroranschlag auf den Christopher Street Day in Berlin&hellip;\n","protected":false},"author":2,"featured_media":1200253,"comment_status":"","ping_status":"","sticky":false,"template":"","format":"standard","meta":{"footnotes":"","_share_on_mastodon":"0"},"categories":[1825],"tags":[1941,1939,13774,296,1937,30485,29,30,30492,61206,250362,250363,1940,15,1938,10037],"class_list":["post-1200252","post","type-post","status-publish","format-standard","has-post-thumbnail","category-berlin","tag-aktuelle-nachrichten-aus-berlin","tag-aktuelle-news-aus-berlin","tag-anschlag","tag-berlin","tag-berlin-news","tag-christopher-street-day","tag-deutschland","tag-germany","tag-karin-prien","tag-konsequenz","tag-konsequenzen-aus-berlin","tag-lydia-rudow","tag-nachrichten-aus-berlin","tag-news","tag-news-aus-berlin","tag-terroranschlag"],"share_on_mastodon":{"url":"https:\/\/pubeurope.com\/@de\/117001468358546098","error":""},"_links":{"self":[{"href":"https:\/\/www.europesays.com\/de\/wp-json\/wp\/v2\/posts\/1200252","targetHints":{"allow":["GET"]}}],"collection":[{"href":"https:\/\/www.europesays.com\/de\/wp-json\/wp\/v2\/posts"}],"about":[{"href":"https:\/\/www.europesays.com\/de\/wp-json\/wp\/v2\/types\/post"}],"author":[{"embeddable":true,"href":"https:\/\/www.europesays.com\/de\/wp-json\/wp\/v2\/users\/2"}],"replies":[{"embeddable":true,"href":"https:\/\/www.europesays.com\/de\/wp-json\/wp\/v2\/comments?post=1200252"}],"version-history":[{"count":0,"href":"https:\/\/www.europesays.com\/de\/wp-json\/wp\/v2\/posts\/1200252\/revisions"}],"wp:featuredmedia":[{"embeddable":true,"href":"https:\/\/www.europesays.com\/de\/wp-json\/wp\/v2\/media\/1200253"}],"wp:attachment":[{"href":"https:\/\/www.europesays.com\/de\/wp-json\/wp\/v2\/media?parent=1200252"}],"wp:term":[{"taxonomy":"category","embeddable":true,"href":"https:\/\/www.europesays.com\/de\/wp-json\/wp\/v2\/categories?post=1200252"},{"taxonomy":"post_tag","embeddable":true,"href":"https:\/\/www.europesays.com\/de\/wp-json\/wp\/v2\/tags?post=1200252"}],"curies":[{"name":"wp","href":"https:\/\/api.w.org\/{rel}","templated":true}]}}