{"id":1200312,"date":"2026-07-29T05:26:16","date_gmt":"2026-07-29T05:26:16","guid":{"rendered":"https:\/\/www.europesays.com\/de\/1200312\/"},"modified":"2026-07-29T05:26:16","modified_gmt":"2026-07-29T05:26:16","slug":"owl-kreis-herford-viele-azubis-haben-nachhilfe-noetig","status":"publish","type":"post","link":"https:\/\/www.europesays.com\/de\/1200312\/","title":{"rendered":"OWL\/Kreis Herford: Viele Azubis haben Nachhilfe n\u00f6tig"},"content":{"rendered":"<p>Das neue Ausbildungsjahr bei uns startet bald. Und einige Ausbildungspl\u00e4tze bleiben dann wohl frei. Eine Umfrage der Industrie- und Handelskammer Ostwestfalen zeigt, dass fast die H\u00e4lfte der befragten Unternehmen in der Region nicht alle Stellen besetzen konnte.\u00a0<\/p>\n<p>Zu viele Wissensl\u00fccken<\/p>\n<p>Und das liegt oft daran, dass Jugendliche aus Sicht der Unternehmen nicht gut geeignet sind. Sie sagen, dass sie oft Schw\u00e4chen bei schulischem Basiswissen sehen. Deswegen bieten viele Firmen inzwischen Nachhilfe oder auch Ausbildungsvorbereitungskurse an. Manchen Jugendlichen fehlt es offenbar aber auch an Belastbarkeit und Disziplin.\u00a0<\/p>\n<p>Gute \u00dcbersicht auf Online-Portal<\/p>\n<p>Damit das besser wird, sind laut IHK nicht nur die Schulen gefordert, sondern auch Eltern, Politik und Wirtschaft zusammen. Die Kammer will au\u00dferdem versuchen, einige der freien Stellen noch zu vermitteln. \u00dcber ein<a href=\"https:\/\/suche.ausbildung.nrw\/?relation=ihk-ostwestfalen-zu-bielefeld\" target=\"_blank\" rel=\"noreferrer nofollow noopener\"> Online-Portal<\/a> k\u00f6nnen sich Jugendliche informieren, welche Jobangebote es aktuell noch gibt.\u00a0<br \/>\u00a0<\/p>\n","protected":false},"excerpt":{"rendered":"Das neue Ausbildungsjahr bei uns startet bald. Und einige Ausbildungspl\u00e4tze bleiben dann wohl frei. Eine Umfrage der Industrie-&hellip;\n","protected":false},"author":2,"featured_media":1200313,"comment_status":"","ping_status":"","sticky":false,"template":"","format":"standard","meta":{"footnotes":"","_share_on_mastodon":"0"},"categories":[1841],"tags":[51517,1605,3364,29,19932,30,1209,3144],"class_list":["post-1200312","post","type-post","status-publish","format-standard","has-post-thumbnail","category-bielefeld","tag-ausbildungsplaetze","tag-bielefeld","tag-de","tag-deutschland","tag-frei","tag-germany","tag-nordrhein-westfalen","tag-ostwestfalen"],"share_on_mastodon":{"url":"https:\/\/pubeurope.com\/@de\/117001609957989806","error":""},"_links":{"self":[{"href":"https:\/\/www.europesays.com\/de\/wp-json\/wp\/v2\/posts\/1200312","targetHints":{"allow":["GET"]}}],"collection":[{"href":"https:\/\/www.europesays.com\/de\/wp-json\/wp\/v2\/posts"}],"about":[{"href":"https:\/\/www.europesays.com\/de\/wp-json\/wp\/v2\/types\/post"}],"author":[{"embeddable":true,"href":"https:\/\/www.europesays.com\/de\/wp-json\/wp\/v2\/users\/2"}],"replies":[{"embeddable":true,"href":"https:\/\/www.europesays.com\/de\/wp-json\/wp\/v2\/comments?post=1200312"}],"version-history":[{"count":0,"href":"https:\/\/www.europesays.com\/de\/wp-json\/wp\/v2\/posts\/1200312\/revisions"}],"wp:featuredmedia":[{"embeddable":true,"href":"https:\/\/www.europesays.com\/de\/wp-json\/wp\/v2\/media\/1200313"}],"wp:attachment":[{"href":"https:\/\/www.europesays.com\/de\/wp-json\/wp\/v2\/media?parent=1200312"}],"wp:term":[{"taxonomy":"category","embeddable":true,"href":"https:\/\/www.europesays.com\/de\/wp-json\/wp\/v2\/categories?post=1200312"},{"taxonomy":"post_tag","embeddable":true,"href":"https:\/\/www.europesays.com\/de\/wp-json\/wp\/v2\/tags?post=1200312"}],"curies":[{"name":"wp","href":"https:\/\/api.w.org\/{rel}","templated":true}]}}