{"id":1200367,"date":"2026-07-29T06:02:27","date_gmt":"2026-07-29T06:02:27","guid":{"rendered":"https:\/\/www.europesays.com\/de\/1200367\/"},"modified":"2026-07-29T06:02:27","modified_gmt":"2026-07-29T06:02:27","slug":"der-bvb-erfand-fuer-ihn-extra-eine-neue-stelle-loest-ein-kreisliga-knipser-den-transferknoten-bei-said-el-mala","status":"publish","type":"post","link":"https:\/\/www.europesays.com\/de\/1200367\/","title":{"rendered":"Der BVB erfand f\u00fcr ihn extra eine neue Stelle! L\u00f6st ein Kreisliga-Knipser den Transferknoten bei Said El Mala?"},"content":{"rendered":"<p>Einst knipste er in der Kreisliga, heute verhandelt er Millionensummen f\u00fcr Borussia Dortmund: Wer ist der 31-j\u00e4hrige Simon R\u00f6dder, f\u00fcr den der BVB vor einem Jahr extra eine neue Stelle schaffte?<\/p>\n<p>Es war eine Machtdemonstration, die sich am 12. August 2018 beim Kreisligaduell zwischen dem ASC Cranz-Estebr\u00fcgge II und dem TSV Buxtehude-Altkloster abspielte. 6:2 hie\u00df es am Ende f\u00fcr die G\u00e4ste. Der \u00fcberragende Mann des Tages: Simon R\u00f6dder. Vier Tore innerhalb von nur 31 Spielminuten waren ihm gelungen.<\/p>\n<p><img loading=\"lazy\" decoding=\"async\" src=\"https:\/\/www.europesays.com\/de\/wp-content\/uploads\/2026\/07\/8a7bbd3a1cbb4e32b06e5587fe149bc7.gif\" width=\"1\" height=\"1\" alt=\"\" data-fco-pixel-tracker-url=\"https:\/\/www.europesays.com\/de\/wp-content\/uploads\/2026\/07\/8a7bbd3a1cbb4e32b06e5587fe149bc7.gif\" data-fco-pixel-tracker-type=\"vg-wort\"\/><\/p>\n<p>&#8222;Simon ist technisch beschlagen, durchsetzungsf\u00e4hig, schnell und hat einen pr\u00e4zisen Abschluss\u201c, schw\u00e4rmte sein damaliger TSV-Trainer Horst Richters beim Stader Tageblatt von dem Mittelst\u00fcrmer, der das Fu\u00dfballspielen beim TSV gelernt hatte und dem Klub bis auf ein einj\u00e4hriges Gastspiel beim Buxtehuder SV stets die Treue hielt. Doch die Sache hatte einen Haken, den die Zeitung wie folgt auf den Punkt brachte: &#8222;Schlecht: Er ist nur selten da.&#8220;<\/p>\n<p>Schon damals pendelte R\u00f6dder zwischen Dorfpl\u00e4tzen und akademischer Elite. Wegen seines BWL-Studiums in M\u00fcnster und des sich anschlie\u00dfenden Aufenthalts in Portugal stand er den Buxtehudern meist nur \u00e4u\u00dferst sporadisch zur Verf\u00fcgung. Beim kicker ist noch <a href=\"https:\/\/www.kicker.de\/ama-8575716\/spieler\" rel=\"nofollow noopener\" target=\"_blank\" data-affiliate-type=\"NONE\">R\u00f6dders Spielerprofil<\/a> zu finden. F\u00fcnf Spiele, acht Tore lautet dort seine Bilanz.<\/p>\n<p><img class=\"fco-image__image\" alt=\"imago-sport-1080060376.jpg\"   loading=\"lazy\" decoding=\"async\" fetchpriority=\"auto\" width=\"1510\" height=\"1007\" src=\"https:\/\/www.europesays.com\/de\/wp-content\/uploads\/2026\/07\/1785304944_178_imago-image.jpeg; charset=utf-8.jpeg\" style=\"aspect-ratio:1510 \/ 1007;width:100%;height:100%\"\/>IMAGOWelche Aufgabe hat Simon R\u00f6dder beim BVB?<\/p>\n<p style=\"text-align:start\">Heute knipst der mittlerweile 31-J\u00e4hrige nicht mehr in der Kreisliga Stade. <a href=\"https:\/\/www.spox.com\/fussball\/listen\/ein-gebot-der-verantwortung-bvb-ergaenzt-seine-fuehrungsriege\/bltdcb27eddae5b1246\" rel=\"nofollow noopener\" target=\"_blank\" data-affiliate-type=\"NONE\">Seit August 2025 arbeitet R\u00f6dder f\u00fcr Borussia Dortmund.<\/a> Sein offizieller Titel beim BVB lautet: Referent Gesch\u00e4ftsf\u00fchrer Sport &amp; Stabsstelle Verhandlungsf\u00fchrung.<\/p>\n<p>Sportgesch\u00e4ftsf\u00fchrer Lars Ricken hatte dieses neue Stellenprofil eigens geschaffen. Der 50-J\u00e4hrige erkl\u00e4rte die strategische Personalentscheidung vor einem Jahr so: &#8222;Da im Profifu\u00dfball mit enormen Betr\u00e4gen agiert wird, ist es f\u00fcr mich ein Gebot der Verantwortung, dass wir uns auch im Bereich Verhandlungsf\u00fchrung kontinuierlich weiterentwickeln. Daher habe ich die Stabsstelle Verhandlungsf\u00fchrung geschaffen. F\u00fcr deren Leitung konnten wir in Simon R\u00f6dder einen ausgewiesenen Experten gewinnen, der mich zugleich als Referent in weiteren Themen unterst\u00fctzt.&#8220; Ricken erg\u00e4nzte: &#8222;Zuvor war er bei einer auf Verhandlungen spezialisierten Managementberatung t\u00e4tig und verantwortete dort den Sportsektor. Mit diesem Profil wird er uns dabei unterst\u00fctzen, Prozesse im Sport noch professioneller und effizienter zu gestalten.&#8220;<\/p>\n<p>Seitdem sitzt R\u00f6dder mit am Tisch, wenn der BVB Verhandlungen f\u00fchrt. Zuletzt geh\u00f6rte er der Delegation um Sportdirektor Ole Book an, der in Genk der <a href=\"https:\/\/www.spox.com\/fussball\/news\/bvb-erzielt-durchbruch-nachfolger-von-julian-brandt-fuer-rekordsumme-im-anflug\/blt6e3ec862b531d96d\" rel=\"nofollow noopener\" target=\"_blank\" data-affiliate-type=\"NONE\">Durchbruch in den Gespr\u00e4chen bez\u00fcglich des Transfers von Mittelfeldspieler Konstantinos Karetsas<\/a> gelang. Auch an R\u00f6dder wird es nun liegen, den Knoten im <a href=\"https:\/\/www.spox.com\/fussball\/news\/neue-hoffnung-fuer-den-bvb-said-el-mala-tendiert-offenbar-zu-wechsel-nach-dortmund\/blta1b8812669e2059b\" rel=\"nofollow noopener\" target=\"_blank\" data-affiliate-type=\"NONE\">Poker um K\u00f6lns Said El Mala<\/a> zu l\u00f6sen.<\/p>\n<p><a href=\"https:\/\/www.spox.com\/fussball\/listen\/er-will-unbedingt-zum-bvb-das-fussballgenie-das-lamine-yamal-uebertrumpfte-und-einer-ganzen-nation-das-herz-brach\/blte602592e60583720\" rel=\"nofollow noopener\" target=\"_blank\" data-affiliate-type=\"NONE\">Hier geht es zu einem ausf\u00fchrlichen Portr\u00e4t von Konstantinos Karetsas!<\/a><\/p>\n<p><img class=\"fco-image__image\" alt=\"SAID EL MALA K\u00d6LN\"   loading=\"lazy\" decoding=\"async\" fetchpriority=\"auto\" width=\"1920\" height=\"1080\" src=\"https:\/\/www.europesays.com\/de\/wp-content\/uploads\/2026\/07\/GettyImages-2256799247.jpg\" style=\"aspect-ratio:1920 \/ 1080;width:100%;height:100%\"\/>Getty ImagesSimon R\u00f6dder startete im Profifu\u00dfball beim VfL Wolfsburg<\/p>\n<p>R\u00f6dders Lebenslauf, bevor er nach Dortmund kam, ist enorm spannend und vielf\u00e4ltig. Allein schon deshalb, weil er kein klassischer Ex-Profi ist, der nach dem Karriereende in den Funktion\u00e4rsbereich hineinrutschte. Man k\u00f6nnte ihn wohl als Datenanalyst und Verhandlungsstratege an der Schnittstelle von Management, Wissenschaft und Verhaltens\u00f6konomie bezeichnen.<\/p>\n<p>Bereits w\u00e4hrend seines Marketing-Masterstudiums zeigte sich R\u00f6dders besonderes Potenzial. Im Februar 2018 wurde er in das begehrte WiWi-Talents-Programm f\u00fcr Hochbegabte aufgenommen. Im Major Marketing des Fachbereichs Wirtschaftswissenschaften setzte er sich gegen weit \u00fcber 150 Mitbewerber durch und sicherte sich einen der begehrten 16 Pl\u00e4tze. Damit verbunden war der Eintrag in das renommierte WiWi-Talents Book, das direkt an die 500 wichtigsten Personalentscheider Deutschlands geschickt wird.<\/p>\n<p>Seinen CEMS Master in International Management schloss R\u00f6dder an der Nova SBE in Lissabon und der renommierten ESADE Business School in Spanien ab. Teil dieser Ausbildung war auch ein umfangreiches Forschungsprojekt mit der renommierten Unternehmensberatung McKinsey &amp; Company, das sich mit der globalen Fu\u00dfballbranche und der realistischen Bewertung von Profispielern besch\u00e4ftigte. Praktische Erfahrung im Profibereich sammelte er zudem schon 2013 bei einem kurzen Praktikum im Football Operations Management beim VfL Wolfsburg.<\/p>\n<p>R\u00f6dders Aha-Moment: &#8222;Das unerschlossene Potenzial geschickter Verhandlungen&#8220;<\/p>\n<p>Im Anschluss stieg R\u00f6dder tief in die Welt des datenbasierten Scoutings ein. Beim niederl\u00e4ndischen Technologieunternehmen SciSports &#8211; einer Ausgr\u00fcndung der Universit\u00e4t Twente, die 2017 in Cardiff als innovativstes Sport-Startup weltweit ausgezeichnet wurde &#8211; \u00fcbernahm er die Verantwortung f\u00fcr das Gesch\u00e4ft in der DACH-Region sowie in S\u00fcdeuropa.<\/p>\n<p>Als SciSports-Gr\u00fcnder Giels Brouwer und R\u00f6dder damals in Wales vor Vertretern von UEFA, Adidas, Amazon und Microsoft ihren Ansatz pr\u00e4sentierten, ging es darum, die L\u00fccke zwischen Datenexperten und Entscheidungstr\u00e4gern im Fu\u00dfball zu schlie\u00dfen. R\u00f6dder schulte Klubs und Sportdirektoren darin, das klassische Bauchgef\u00fchl durch Metriken wie Expected Goals (xG) oder Expected Assists (xA) zu ersetzen. Zu den insgesamt 14 Vereinen, die er dabei langfristig betreute, geh\u00f6rten unter anderem Eintracht Frankfurt, Hertha BSC, der FC Basel und Rapid Wien.<\/p>\n<p>Doch bei der reinen Analyse von Daten blieb R\u00f6dder nicht stehen. Durch den ausgiebigen Austausch mit Kaderplanern kam es f\u00fcr ihn zu einer Art Aha-Moment. Diesen beschrieb R\u00f6dder einst so: &#8222;Die enge Zusammenarbeit mit den Sportdirektoren bei der Spielerverpflichtung hat mir die Augen f\u00fcr das relativ unerschlossene Potenzial geschickter Verhandlungen ge\u00f6ffnet.&#8220;<\/p>\n<p><img class=\"fco-image__image\" alt=\"imago-sport-35611013.jpg\"   loading=\"lazy\" decoding=\"async\" fetchpriority=\"auto\" width=\"3130\" height=\"2089\" src=\"https:\/\/www.europesays.com\/de\/wp-content\/uploads\/2026\/07\/1785304946_972_imago-image.jpeg; charset=utf-8.jpeg\" style=\"aspect-ratio:3130 \/ 2089;width:100%;height:100%\"\/>IMAGOR\u00f6dder nutzte die Ger\u00fcchte um Ronaldo und den BVB als Fallbeispiel<\/p>\n<p>R\u00f6dder ging daraufhin zu The Gap Partnership, einer global agierenden Beratung f\u00fcr Verhandlungsf\u00fchrung. R\u00f6dder stieg dort zum Negotiation Consultant &amp; Coach auf, leitete den weltweiten Sportsektor und vertiefte sich in Verhaltens\u00f6konomie und Verhandlungspsychologie. In einem Fachartikel legte er dar, warum Transfers besonders anf\u00e4llig f\u00fcr falsche Logiken sind: Anders als in M\u00e4rkten der freien Wirtschaft existiert im Fu\u00dfball demnach kein objektiver &#8222;Marktwert&#8220;. Vielmehr entstehen die Preise rein durch Verhandlungsdruck.<\/p>\n<p>Kurios: Ausgerechnet den BVB nutzte R\u00f6dder damals in seinem Text als Fallbeispiel. Er analysierte die <a href=\"https:\/\/www.spox.com\/fussball\/news\/bvb-news-geruechte-warum-cristiano-ronaldo-angeblich-nach-dortmund-wollte\/6355198\" rel=\"nofollow noopener\" target=\"_blank\" data-affiliate-type=\"NONE\">Ger\u00fcchte um eine Verpflichtung von Cristiano Ronaldo im Jahr 2022<\/a> und zeigte auf, wie ein solcher Megastar trotz hohen Alters und riesiger Gesamtkosten den kommerziellen Markenwert der Dortmunder &#8211; etwa im asiatischen Markt &#8211; schlagartig vervielfachen k\u00f6nnte.<\/p>\n<p>All dieses Wissen gibt er seitdem weiter: In Kooperation mit dem DFB und der DFL konzipiert und leitet er spezialisierte Workshops f\u00fcr Bundesliga-Gesch\u00e4ftsf\u00fchrer. Kostenpunkt: 5900\u20ac pro Person. Dort geht es um Fragen wie: Wie bricht man in Verhandlungen die Macht von Spielerberatern auf? Wie nutzt man Bonuszahlungen als strategische Verhandlungsmasse? Wie verhindert man emotionale Fehler unter hohem Zeitdruck am Deadline Day? <\/p>\n<p><img class=\"fco-image__image\" alt=\"imago-sport-1079955794.jpg\"   loading=\"lazy\" decoding=\"async\" fetchpriority=\"auto\" width=\"2647\" height=\"1765\" src=\"https:\/\/www.europesays.com\/de\/wp-content\/uploads\/2026\/07\/1785304947_49_imago-image.jpeg; charset=utf-8.jpeg\" style=\"aspect-ratio:2647 \/ 1765;width:100%;height:100%\"\/>IMAGOSimon R\u00f6dder scheiterte in der TV-Show &#8222;Die H\u00f6hle der L\u00f6wen&#8220; <\/p>\n<p>Nebenbei blickte R\u00f6dder jedoch auch \u00fcber den Tellerrand des Sports hinaus. Zusammen mit seinem Vater Oliver, einem gelernten Tischler, der Innenarchitektur studierte und ein Planungsb\u00fcro f\u00fcr Geb\u00e4udeumbauten gr\u00fcndete, hob er 2021 die EasyMirror GmbH aus der Taufe. <\/p>\n<p>Das Unternehmen vertreibt bruchsichere, bohrbare und wetterfeste Kunststoffspiegel f\u00fcr Reitsportanlagen, Fitnessstudios oder G\u00e4rten. Im September 2022 pr\u00e4sentierte R\u00f6dder das Produkt sogar in der TV-Show &#8222;Die H\u00f6hle der L\u00f6wen&#8220; auf VOX, um von potenziellen Geldgebern 180.000 Euro f\u00fcr 15 Prozent der Unternehmensanteile zu erhalten. Dieses Vorhaben misslang allerdings.<\/p>\n<p>Letztlich steht R\u00f6dders Laufbahn f\u00fcr die fortschreitende Professionalisierung im modernen Fu\u00dfball: Wo fr\u00fcher noch mehr auf Intuition und Instinkt gesetzt wurde, regieren heute Wahrscheinlichkeitsrechnungen und Verhandlungspsychologie. Seine Zeiten als treffsicherer Gelegenheitsst\u00fcrmer in der Kreisliga sind vorbei. Doch auch heute geh\u00f6rt R\u00f6dder einem Team an. Eines, das die Weichen daf\u00fcr stellt, damit beim BVB idealerweise k\u00fcnftig viele Tore geschossen, aber auch wenige kassiert werden.<\/p>\n<p>BVB: Testspiele, Termine, TV-\u00dcbertragungen im Sommer<\/p>\n<tr>\n<td>\n<p><b><strong>Datum<\/strong><\/b><\/p>\n<\/td>\n<td>\n<p><b><strong>Uhrzeit<\/strong><\/b><\/p>\n<\/td>\n<td>\n<p><b><strong>Spiel<\/strong><\/b><\/p>\n<\/td>\n<td>\n<p><b><strong>\u00dcbertragung im TV und Livestream<\/strong><\/b><\/p>\n<\/td>\n<td>\n<p><b><strong>Spielort<\/strong><\/b><\/p>\n<\/td>\n<\/tr>\n<tr>\n<td>\n<p>Mittwoch, 29. Juli<\/p>\n<\/td>\n<td>\n<p>12 Uhr (deutsche Zeit)<\/p>\n<\/td>\n<td>\n<p>Cerezo Osaka vs. BVB<\/p>\n<\/td>\n<td>\n<p>BVB-TV \/ Sky \/ DAZN<\/p>\n<\/td>\n<td>\n<p>Yanmar Stadium Nagai (Osaka City)<\/p>\n<\/td>\n<\/tr>\n<tr>\n<td>\n<p>Samstag, 1. August<\/p>\n<\/td>\n<td>\n<p>12 Uhr (deutsche Zeit)<\/p>\n<\/td>\n<td>\n<p>FC Tokyo vs. BVB<\/p>\n<\/td>\n<td>\n<p>BVB-TV \/ Sky \/ DAZN<\/p>\n<\/td>\n<td>\n<p>MUFG Stadium (Tokyo)<\/p>\n<\/td>\n<\/tr>\n<tr>\n<td>\n<p>Sonntag, 9. August<\/p>\n<\/td>\n<td>\n<p>15 Uhr (deutsche Zeit)<\/p>\n<\/td>\n<td>\n<p>FC Arsenal vs. BVB<\/p>\n<\/td>\n<td>\n<p>BVB-TV \/ Sky<\/p>\n<\/td>\n<td>\n<p>Emirates Stadium (London)<\/p>\n<\/td>\n<\/tr>\n<tr>\n<td>\n<p>Samstag, 15. August<\/p>\n<\/td>\n<td>\n<p>17.30 Uhr<\/p>\n<\/td>\n<td>\n<p>BVB vs. AS Rom<\/p>\n<\/td>\n<td>\n<p>BVB-TV \/ Sky<\/p>\n<\/td>\n<td>\n<p>Signal-Iduna-Park (Dortmund)<\/p>\n<\/td>\n<\/tr>\n","protected":false},"excerpt":{"rendered":"Einst knipste er in der Kreisliga, heute verhandelt er Millionensummen f\u00fcr Borussia Dortmund: Wer ist der 31-j\u00e4hrige Simon&hellip;\n","protected":false},"author":2,"featured_media":1200368,"comment_status":"","ping_status":"","sticky":false,"template":"","format":"standard","meta":{"footnotes":"","_share_on_mastodon":"0"},"categories":[1833],"tags":[888,299,3364,29,217,2033,347,30,216400,1209,121665,4604],"class_list":["post-1200367","post","type-post","status-publish","format-standard","has-post-thumbnail","category-dortmund","tag-borussia-dortmund","tag-bundesliga","tag-de","tag-deutschland","tag-dortmund","tag-features","tag-fussball","tag-germany","tag-k-karetsas","tag-nordrhein-westfalen","tag-s-el-mala","tag-soccer"],"share_on_mastodon":{"url":"","error":""},"_links":{"self":[{"href":"https:\/\/www.europesays.com\/de\/wp-json\/wp\/v2\/posts\/1200367","targetHints":{"allow":["GET"]}}],"collection":[{"href":"https:\/\/www.europesays.com\/de\/wp-json\/wp\/v2\/posts"}],"about":[{"href":"https:\/\/www.europesays.com\/de\/wp-json\/wp\/v2\/types\/post"}],"author":[{"embeddable":true,"href":"https:\/\/www.europesays.com\/de\/wp-json\/wp\/v2\/users\/2"}],"replies":[{"embeddable":true,"href":"https:\/\/www.europesays.com\/de\/wp-json\/wp\/v2\/comments?post=1200367"}],"version-history":[{"count":0,"href":"https:\/\/www.europesays.com\/de\/wp-json\/wp\/v2\/posts\/1200367\/revisions"}],"wp:featuredmedia":[{"embeddable":true,"href":"https:\/\/www.europesays.com\/de\/wp-json\/wp\/v2\/media\/1200368"}],"wp:attachment":[{"href":"https:\/\/www.europesays.com\/de\/wp-json\/wp\/v2\/media?parent=1200367"}],"wp:term":[{"taxonomy":"category","embeddable":true,"href":"https:\/\/www.europesays.com\/de\/wp-json\/wp\/v2\/categories?post=1200367"},{"taxonomy":"post_tag","embeddable":true,"href":"https:\/\/www.europesays.com\/de\/wp-json\/wp\/v2\/tags?post=1200367"}],"curies":[{"name":"wp","href":"https:\/\/api.w.org\/{rel}","templated":true}]}}