{"id":1200425,"date":"2026-07-29T06:33:17","date_gmt":"2026-07-29T06:33:17","guid":{"rendered":"https:\/\/www.europesays.com\/de\/1200425\/"},"modified":"2026-07-29T06:33:17","modified_gmt":"2026-07-29T06:33:17","slug":"neue-angriffe-duerften-dax-belasten","status":"publish","type":"post","link":"https:\/\/www.europesays.com\/de\/1200425\/","title":{"rendered":"Neue Angriffe d\u00fcrften DAX belasten"},"content":{"rendered":"<p>            <img loading=\"lazy\" decoding=\"async\" class=\"ts-image\" src=\"https:\/\/www.europesays.com\/de\/wp-content\/uploads\/2026\/06\/boerse-504.jpg\" alt=\"Blick auf das B\u00f6rsenparkett der Frankfurter B\u00f6rse.\" title=\"Blick auf das B\u00f6rsenparkett der Frankfurter B\u00f6rse. | picture alliance\/dpa\"\/><\/p>\n<p>                    <strong>Marktbericht<\/strong><\/p>\n<p class=\"metatextline\">Stand: 29.07.2026 \u2022 08:24 Uhr<\/p>\n<p class=\"article-head__shorttext\">\n        <strong>Neue Angriffe im Iran-Krieg d\u00fcrften den deutschen Aktienmarkt zum Start belasten. Die B\u00f6rsen in Fernost stehen weiter unter Druck. Das Zahlenwerk der Deutschen Bank d\u00fcrfte dagegen gut ankommen.<\/strong>\n    <\/p>\n<p class=\"textabsatz m-ten m-offset-one l-eight l-offset-two columns twelve\">Nach wenigen Tagen Ruhe ist der Iran-Krieg wieder aufgeflammt. Offenbar hat das iranische Regime US-Milit\u00e4rziele in Jordanien attackiert, w\u00e4hrend die USA gemeinsam mit Saudi-Arabien Iran-freundliche Milizen im Irak ins Visier nahmen.<\/p>\n<p class=\"textabsatz m-ten m-offset-one l-eight l-offset-two columns twelve\">Daraufhin zogen die \u00d6lpreise wieder an. Am Morgen kostete Brent-\u00d6l mit \u00fcber 87 Dollar rund vier Prozent mehr. Das hat die M\u00e4rkte in Fernost unter Druck gesetzt. In Tokio hat der Nikkei-Index bisher rund zwei Prozent verloren, der s\u00fcdkoreanische Kospi-Index bricht um weitere f\u00fcnf Prozent ein.<\/p>\n<p class=\"textabsatz m-ten m-offset-one l-eight l-offset-two columns twelve\">Erneut werden vor allem Technologiewerte verkauft. Schon gestern hatte sich die Talfahrt bei den Chiptiteln <a href=\"https:\/\/www.tagesschau.de\/wirtschaft\/finanzen\/marktbericht-einbruch-asien-kospi-100.html\" title=\"Kospi verliert 10,8 Prozent: Halbleiter-Beben in Fernost\" rel=\"nofollow noopener\" target=\"_blank\">in Asien beschleunigt<\/a>.<\/p>\n<p class=\"textabsatz m-ten m-offset-one l-eight l-offset-two columns twelve\">Der DAX d\u00fcrfte vor diesem Hintergrund mit Abschl\u00e4gen in den Tag starten. Erste Indikationen sehen den Leitindex zum Handelsstart rund 0,6 Prozent tiefer.<\/p>\n<p class=\"textabsatz m-ten m-offset-one l-eight l-offset-two columns twelve\">An der amerikanischen Nasdaq hatten die Kurse gestern Abend nur um moderate 0,2 Prozent nachgegeben. Der Dow Jones hatte um ein Prozent zugelegt.<\/p>\n<p class=\"textabsatz m-ten m-offset-one l-eight l-offset-two columns twelve\">Angesichts der Sorgen um um den Fortgang der KI-Rally stehen heute vor allem die Quartalszahlen der US-Technologieriesen Microsoft und Meta<strong> <\/strong>im Fokus, die aber erst nach US-B\u00f6rsenschluss erwartet werden. Die Zahlen gelten ebenso die von Apple und Amazon am Donnerstag als wichtiger Test, ob die KI-getriebene Rally noch Luft nach oben hat.<\/p>\n<p class=\"textabsatz m-ten m-offset-one l-eight l-offset-two columns twelve\">Zudem steht am Abend der Zinsentscheid der US-Notenbank Fed an. Eine Zins\u00e4nderung wird mehrheitlich nicht erwartet. Die US-Notenbanker d\u00fcrften den Leitzins also zum f\u00fcnften Mal in Folge in der Spanne von 3,50 bis 3,75 Prozent halten. Zuletzt hatte der neue Notenbankchef Kevin Warsh aber seine Entschlossenheit bekr\u00e4ftigt, die Inflation zu bek\u00e4mpfen.<\/p>\n<p class=\"textabsatz m-ten m-offset-one l-eight l-offset-two columns twelve\">Die Deutsche Bank hat im zweiten Quartal dank ihrer Investmentbank \u00fcberraschend einen Gewinn auf Rekordniveau erzielt. Das Vorsteuerergebnis war mit 2,68 Milliarden Euro nur minimal geringer als im gleichen Zeitraum des Rekordjahres 2007. Unter dem Strich steht dieses Mal ein Gewinn von 1,64 Milliarden Euro &#8211; zehn Prozent mehr als im Vorjahr, aber etwas weniger als 2007. Im zweiten Halbjahr m\u00f6chte die Bank weitere 500 Millionen Euro f\u00fcr den R\u00fcckkauf eigener Aktien ausgeben.<\/p>\n<p class=\"textabsatz m-ten m-offset-one l-eight l-offset-two columns twelve\">Der weltgr\u00f6\u00dfte Chemiekonzern BASF kommt bei seinem Sparprogramm und Konzernumbau voran. &#8222;Wir haben unsere Kosten gesenkt, die Investitionsausgaben reduziert und die Auslastung unserer Anlagen erh\u00f6ht&#8220;, sagte Unternehmenschef Markus Kamieth. Von Januar 2024 bis Ende Juni 2026 habe das Unternehmen weltweit rund 7.000 Stellen abgebaut. Vor zwei Wochen hatte BASF bereits vorl\u00e4ufige Zahlen zum zweiten Quartal vorgelegt und das Gewinnziel erh\u00f6ht. Diese best\u00e4tigte der DAX-Konzern nun.<\/p>\n","protected":false},"excerpt":{"rendered":"Marktbericht Stand: 29.07.2026 \u2022 08:24 Uhr Neue Angriffe im Iran-Krieg d\u00fcrften den deutschen Aktienmarkt zum Start belasten. Die&hellip;\n","protected":false},"author":2,"featured_media":1069731,"comment_status":"","ping_status":"","sticky":false,"template":"","format":"standard","meta":{"footnotes":"","_share_on_mastodon":"0"},"categories":[134],"tags":[175,170,169,29,30,171,5800,174,173,172],"class_list":["post-1200425","post","type-post","status-publish","format-standard","has-post-thumbnail","category-unternehmen-maerkte","tag-business","tag-companies","tag-companies-markets","tag-deutschland","tag-germany","tag-markets","tag-marktbericht","tag-maerkte","tag-unternehmen","tag-unternehmen-maerkte"],"share_on_mastodon":{"url":"https:\/\/pubeurope.com\/@de\/117001873567264831","error":""},"_links":{"self":[{"href":"https:\/\/www.europesays.com\/de\/wp-json\/wp\/v2\/posts\/1200425","targetHints":{"allow":["GET"]}}],"collection":[{"href":"https:\/\/www.europesays.com\/de\/wp-json\/wp\/v2\/posts"}],"about":[{"href":"https:\/\/www.europesays.com\/de\/wp-json\/wp\/v2\/types\/post"}],"author":[{"embeddable":true,"href":"https:\/\/www.europesays.com\/de\/wp-json\/wp\/v2\/users\/2"}],"replies":[{"embeddable":true,"href":"https:\/\/www.europesays.com\/de\/wp-json\/wp\/v2\/comments?post=1200425"}],"version-history":[{"count":0,"href":"https:\/\/www.europesays.com\/de\/wp-json\/wp\/v2\/posts\/1200425\/revisions"}],"wp:featuredmedia":[{"embeddable":true,"href":"https:\/\/www.europesays.com\/de\/wp-json\/wp\/v2\/media\/1069731"}],"wp:attachment":[{"href":"https:\/\/www.europesays.com\/de\/wp-json\/wp\/v2\/media?parent=1200425"}],"wp:term":[{"taxonomy":"category","embeddable":true,"href":"https:\/\/www.europesays.com\/de\/wp-json\/wp\/v2\/categories?post=1200425"},{"taxonomy":"post_tag","embeddable":true,"href":"https:\/\/www.europesays.com\/de\/wp-json\/wp\/v2\/tags?post=1200425"}],"curies":[{"name":"wp","href":"https:\/\/api.w.org\/{rel}","templated":true}]}}