{"id":1200472,"date":"2026-07-29T07:01:20","date_gmt":"2026-07-29T07:01:20","guid":{"rendered":"https:\/\/www.europesays.com\/de\/1200472\/"},"modified":"2026-07-29T07:01:20","modified_gmt":"2026-07-29T07:01:20","slug":"usa-und-saudi-arabien-greifen-iran-milizen-im-irak-an","status":"publish","type":"post","link":"https:\/\/www.europesays.com\/de\/1200472\/","title":{"rendered":"USA und Saudi-Arabien greifen Iran-Milizen im Irak an"},"content":{"rendered":"<p>\n         Zuerst ver\u00f6ffentlicht am<br \/>\n            29\/07\/2026 &#8211; 8:47 MESZ\n            <\/p>\n<p>Das US-Milit\u00e4r teilte am Dienstag mit, einen iranischen Raketenangriff abgewehrt zu haben. Gemeinsam mit den saudischen Streitkr\u00e4ften griffen die USA zudem Stellungen im Irak an, die von Teheran unterst\u00fctzte Milizen in den vergangenen Tagen f\u00fcr Angriffe genutzt haben sollen. <\/p>\n<p>          <img decoding=\"async\" class=\"c-ad__placeholder__logo\" src=\"https:\/\/static.euronews.com\/website\/images\/logos\/logo-euronews-stacked-outlined-72x72-grey-9.svg\" width=\"72\" height=\"72\" alt=\"\" loading=\"lazy\"\/><br \/>\n          WERBUNG<\/p>\n<p>          <img decoding=\"async\" class=\"c-ad__placeholder__logo\" src=\"https:\/\/static.euronews.com\/website\/images\/logos\/logo-euronews-stacked-outlined-72x72-grey-9.svg\" width=\"72\" height=\"72\" alt=\"\" loading=\"lazy\"\/><br \/>\n          WERBUNG<\/p>\n<p>Damit endete eine kurze Feuerpause. Nach Angaben des US-Zentralkommandos wurden alle auf amerikanische Truppen im Nahen Osten abgefeuerten iranischen Raketen abgefangen. Man bleibe &#8222;wachsam und in hoher Einsatzbereitschaft&#8220;, hie\u00df es.<\/p>\n<p>Mit der Bekanntgabe der Angriffe im Irak warnte Washington, dass weitere Attacken auf US-Soldaten oder die Energieinfrastruktur Saudi-Arabiens zus\u00e4tzliche milit\u00e4rische Ma\u00dfnahmen nach sich ziehen w\u00fcrden. Ein US-Beamter erkl\u00e4rte, der iranische Angriff mit ballistischen Raketen habe bereits begonnen, bevor US-amerikanische und saudische Streitkr\u00e4fte ihre Luftschl\u00e4ge im Irak flogen. <\/p>\n<p>Beide Ereignisse st\u00fcnden jedoch nicht in Zusammenhang. &#8222;US-amerikanische und saudische Kampfflugzeuge haben in einer entschlossenen Reaktion mehrere Logistik- und Waffenlager von Terrorgruppen im Osten des Irak angegriffen. Vorausgegangen waren mehr als 30 von der iranischen Revolutionsgarde (IRGC) gesteuerte Drohnenangriffe innerhalb der vergangenen 72 Stunden&#8220;, erkl\u00e4rte das US-Zentralkommando. Die Revolutionsgarde &#8222;und ihre terroristischen Stellvertreter m\u00fcssen diese Angriffe einstellen, um weitere milit\u00e4rische Reaktionen der Vereinigten Staaten zu vermeiden&#8220;, hie\u00df es weiter.<\/p>\n<p>Das saudische Verteidigungsministerium best\u00e4tigte die Angriffe in einem Beitrag auf X. &#8222;Das K\u00f6nigreich betont, dass es keine Eskalation anstrebt, aber auf jede Aggression reagieren wird&#8220;, hie\u00df es.<\/p>\n<p>Zuvor hatte Riad am Dienstag erkl\u00e4rt, zum zweiten Tag in Folge Drohnen abgeschossen zu haben, die von iranisch unterst\u00fctzten Milizen im Irak gestartet worden seien.<\/p>\n<p>Nach Angaben des Verteidigungsministeriums fingen die saudischen Luftabwehrkr\u00e4fte mehrere Drohnen ab und zerst\u00f6rten sie. Diese h\u00e4tten Anlagen der \u00d6lindustrie in der Ostprovinz des Landes treffen sollen.<\/p>\n<p>Iraks Ministerpr\u00e4sident Ali al-Zaidi beauftragte die Sicherheitsbeh\u00f6rden mit Ermittlungen, nachdem Riad bereits am Montag einen \u00e4hnlichen Angriff gemeldet hatte. Bagdad erkl\u00e4rte, man sei entschlossen, &#8222;zu verhindern, dass irakisches Staatsgebiet als Route oder Ausgangspunkt f\u00fcr Angriffe auf br\u00fcderliche oder befreundete L\u00e4nder genutzt wird&#8220;.<\/p>\n<p>Irakische Milizen wiesen jede Beteiligung an den Drohnenangriffen zur\u00fcck. Der Zusammenschluss &#8222;Islamischer Widerstand im Irak&#8220;, der mehrere von Iran unterst\u00fctzte bewaffnete Gruppen vereint, bezeichnete die saudischen Behauptungen als &#8222;Erfindungen&#8220; und deutete an, die Angriffe vom Montag seien von den Huthi-Rebellen ver\u00fcbt worden. Diese hatten ihrerseits beansprucht, saudische \u00d6lanlagen angegriffen zu haben.<\/p>\n<p>Die Huthi erkl\u00e4rten, sie h\u00e4tten Raketen auf den saudischen \u00d6ltanker &#8222;NCC Ghazal&#8220; abgefeuert und ihn so zur Umkehr gezwungen. In der vergangenen Woche k\u00fcndigten sie zudem eine Blockade saudischer Schiffe an und brachten damit eine weitere wichtige Wasserstra\u00dfe im Nahen Osten in Gefahr: die Meerenge Bab al-Mandab, die ins Rote Meer f\u00fchrt.<\/p>\n<p>Die USA und Iran erlebten zuvor eine Phase relativer Ruhe. Nach wochenlangen Gefechten um die strategische Stra\u00dfe von Hormus meldete mehrere Tage lang keine Seite neue Angriffe. Durch die Wasserstra\u00dfe im Persischen Golf, einen engen Flaschenhals, werden normalerweise 20 Prozent des weltweit gehandelten \u00d6ls transportiert.<\/p>\n<p>Die K\u00e4mpfe flammten zum Ende eines Monats auf, der f\u00fcr US-Pr\u00e4sident Donald Trump von zahlreichen innen- und au\u00dfenpolitischen Belastungen gepr\u00e4gt war. In den vergangenen Wochen kamen dabei vier US-Soldaten ums Leben. Gleichzeitig bat das Pentagon den zunehmend skeptischen Kongress um zus\u00e4tzliche Mittel, um die explodierenden Kosten des Konflikts zu decken.<\/p>\n","protected":false},"excerpt":{"rendered":"Zuerst ver\u00f6ffentlicht am 29\/07\/2026 &#8211; 8:47 MESZ Das US-Milit\u00e4r teilte am Dienstag mit, einen iranischen Raketenangriff abgewehrt zu&hellip;\n","protected":false},"author":2,"featured_media":1200473,"comment_status":"","ping_status":"","sticky":false,"template":"","format":"standard","meta":{"footnotes":"","_share_on_mastodon":"0"},"categories":[3977],"tags":[331,332,13,1016,345,186871,14,15,4769,12,4017,4018,4016,64,4019,4020],"class_list":["post-1200472","post","type-post","status-publish","format-standard","has-post-thumbnail","category-usa","tag-aktuelle-nachrichten","tag-aktuelle-news","tag-headlines","tag-irak","tag-iran","tag-iran-krieg","tag-nachrichten","tag-news","tag-saudi-arabien","tag-schlagzeilen","tag-united-states","tag-united-states-of-america","tag-us","tag-usa","tag-vereinigte-staaten","tag-vereinigte-staaten-von-amerika"],"share_on_mastodon":{"url":"https:\/\/pubeurope.com\/@de\/117001986646481959","error":""},"_links":{"self":[{"href":"https:\/\/www.europesays.com\/de\/wp-json\/wp\/v2\/posts\/1200472","targetHints":{"allow":["GET"]}}],"collection":[{"href":"https:\/\/www.europesays.com\/de\/wp-json\/wp\/v2\/posts"}],"about":[{"href":"https:\/\/www.europesays.com\/de\/wp-json\/wp\/v2\/types\/post"}],"author":[{"embeddable":true,"href":"https:\/\/www.europesays.com\/de\/wp-json\/wp\/v2\/users\/2"}],"replies":[{"embeddable":true,"href":"https:\/\/www.europesays.com\/de\/wp-json\/wp\/v2\/comments?post=1200472"}],"version-history":[{"count":0,"href":"https:\/\/www.europesays.com\/de\/wp-json\/wp\/v2\/posts\/1200472\/revisions"}],"wp:featuredmedia":[{"embeddable":true,"href":"https:\/\/www.europesays.com\/de\/wp-json\/wp\/v2\/media\/1200473"}],"wp:attachment":[{"href":"https:\/\/www.europesays.com\/de\/wp-json\/wp\/v2\/media?parent=1200472"}],"wp:term":[{"taxonomy":"category","embeddable":true,"href":"https:\/\/www.europesays.com\/de\/wp-json\/wp\/v2\/categories?post=1200472"},{"taxonomy":"post_tag","embeddable":true,"href":"https:\/\/www.europesays.com\/de\/wp-json\/wp\/v2\/tags?post=1200472"}],"curies":[{"name":"wp","href":"https:\/\/api.w.org\/{rel}","templated":true}]}}