{"id":1200549,"date":"2026-07-29T07:47:05","date_gmt":"2026-07-29T07:47:05","guid":{"rendered":"https:\/\/www.europesays.com\/de\/1200549\/"},"modified":"2026-07-29T07:47:05","modified_gmt":"2026-07-29T07:47:05","slug":"berlin-buergermeister-kai-wegner-will-nach-csd-anschlag-islamunterricht-an-schulen-politik","status":"publish","type":"post","link":"https:\/\/www.europesays.com\/de\/1200549\/","title":{"rendered":"Berlin: B\u00fcrgermeister Kai Wegner will nach CSD-Anschlag Islamunterricht an Schulen | Politik"},"content":{"rendered":"<p><a class=\"skip-content skip-content--link\" href=\"#in-content-skip-link-target-v-0-0\">TTS-Player \u00fcberspringen\u21b5<\/a><a id=\"in-content-skip-link-target-v-0-0\" class=\"skip-content--target-link-hidden skip-content skip-content--target-link\" href=\"#in-content-skip-link-target-v-0-0\">Artikel weiterlesen<\/a><\/p>\n<p>Berlin\/Stuttgart \u2013 <b>Nach dem islamistischen Anschlag auf den Christopher Street Day in Berlin w\u00e4chst der Druck auf Politik und Islamverb\u00e4nde. Berlins Regierender B\u00fcrgermeister Kai Wegner (53, CDU) spricht sich f\u00fcr Islamunterricht an Berliner Schulen aus \u2013 als Schutzwall gegen Radikalisierung. Denn: \u201eEs gibt immer wieder Jugendliche, die durch radikal religi\u00f6se Kontakte in sogenannten Hinterhofmoscheen radikalisiert werden\u201c, kritisiert Wegner. <\/b><\/p>\n<p>Sein Argument: Wer Religion in staatlichen Schulen lehrt, beh\u00e4lt die Kontrolle und \u201ek\u00f6nnte einen gro\u00dfen Teil dazu beitragen, Jugendliche vor solchen Beeinflussungen zu sch\u00fctzen\u201c. Wegner weiter: \u201eDazu geh\u00f6rt, dass auch der Islamunterricht an <a href=\"https:\/\/www.bild.de\/themen\/organisationen\/schule\/politik-nachrichten-news-fotos-videos-40045138.bild.html\" class=\"text-link\" rel=\"nofollow noopener\" target=\"_blank\">Schulen<\/a> stattfindet, der dadurch staatlicher Kontrolle unterliegen w\u00fcrde\u201c, so Wegner. Parallel fordert er h\u00e4rteres Durchgreifen bei Problemmoscheen: \u201eGleichzeitig m\u00fcssen wir den Druck und die Kontrolle auf radikale Moscheen erh\u00f6hen, mit dem Ziel, sie zu verbieten.\u201c<\/p>\n<p>\u00d6zdemir kritisiert Islamverb\u00e4nde<\/p>\n<p>Indes kommt von Baden-W\u00fcrttembergs Ministerpr\u00e4sident <a href=\"https:\/\/www.bild.de\/politik\/leute\/cem-oezdemir\/cem-oezdemir-alle-infos-76682782.bild.html\" class=\"text-link\" rel=\"nofollow noopener\" target=\"_blank\">Cem \u00d6zdemir<\/a> (60, <a href=\"https:\/\/www.bild.de\/politik\/inland\/die-gruenen\/die-gruenen-alle-infos-76661904.bild.html\" class=\"text-link\" rel=\"nofollow noopener\" target=\"_blank\">Gr\u00fcne<\/a>) scharfe Kritik an den Islamverb\u00e4nden. Der Gr\u00fcnen-Politiker bezieht sich auf eine Stellungnahme der muslimischen Dachverb\u00e4nde zum Anschlag \u2013 und l\u00e4sst kein gutes Haar daran. \u201eEs muss schon klar sein, dass es sich um einen schwulenfeindlichen, queerfeindlichen Anschlag handelt\u201c, sagte \u00d6zdemir in <a href=\"https:\/\/www.bild.de\/regional\/stuttgart\/stuttgart-regional\/home-16344498.bild.html\" class=\"text-link\" rel=\"nofollow noopener\" target=\"_blank\">Stuttgart<\/a>. \u201eWenn man das Wort vermeidet, hat man ein Problem offensichtlich.\u201c<\/p>\n<p><img decoding=\"async\" width=\"992\" height=\"596\" alt=\"Baden-W\u00fcrttembergs Ministerpr\u00e4sident Cem \u00d6zdemir (60, Gr\u00fcne)\" loading=\"lazy\" src=\"https:\/\/www.europesays.com\/de\/wp-content\/uploads\/2026\/07\/2884808f21335d4bde1ba97c841b6eac,6761396c.jpeg\"   class=\"dynamic\"\/><\/p>\n<p class=\"fig__caption__text\">Baden-W\u00fcrttembergs Ministerpr\u00e4sident Cem \u00d6zdemir (60, Gr\u00fcne)<\/p>\n<p>Foto: Bernd Wei\u00dfbrod\/dpa<\/p>\n<p>Auch dass die Verb\u00e4nde nicht erw\u00e4hnten, dass sich der T\u00e4ter auf seine Religion bezogen habe, kritisierte \u00d6zdemir: \u201eDas Thema des <a href=\"https:\/\/www.bild.de\/themen\/specials\/islamismus-alle-infos-und-news-NVoWXYZEMc5dIjjCAdJe\" class=\"text-link\" rel=\"nofollow noopener\" target=\"_blank\">Islamismus<\/a> muss einfach erw\u00e4hnt werden.\u201c Sein Urteil: \u201eSo kann man sich nicht \u00e4u\u00dfern dazu.\u201c<\/p>\n<p>Forscher rechnet mit mehr Radikalisierungen<\/p>\n<p>Islamwissenschaftler Mahmoud Jaraba von der Universit\u00e4t Erlangen fordert zudem mehr Einbindung muslimischer Gemeinden in Pr\u00e4vention und Deradikalisierung. \u201eDaran gibt es auch gro\u00dfes Interesse, doch sie haben zu wenige Ressourcen und oft auch kein Vertrauen vonseiten der Beh\u00f6rden\u201c, sagte Jaraba. Derzeit passiere \u201eextrem wenig\u201c, teilweise w\u00fcrden Mittel sogar gek\u00fcrzt. Sein Fazit: \u201eDabei ist sich die Wissenschaft einig: Es wird in Zukunft noch zu mehr Radikalisierungen von jungen Menschen kommen.\u201c<\/p>\n<p>Mehr zum Thema<\/p>\n<p>Der Islamexperte B\u00fclent U\u00e7ar glaubt nach dem CSD-Anschlag in <a href=\"https:\/\/www.bild.de\/regional\/berlin\/berlin-regional\/home-15823246.bild.html\" class=\"text-link\" rel=\"nofollow noopener\" target=\"_blank\">Berlin<\/a> nicht an ein Umdenken in der muslimischen Community. Die Ablehnung von Homosexualit\u00e4t sei dort weitverbreitet, sagt der Islamwissenschaftler der Universit\u00e4t Osnabr\u00fcck. Sie entspreche der Mehrheitsposition in allen gr\u00f6\u00dferen islamischen Str\u00f6mungen.<\/p>\n","protected":false},"excerpt":{"rendered":"TTS-Player \u00fcberspringen\u21b5Artikel weiterlesen Berlin\/Stuttgart \u2013 Nach dem islamistischen Anschlag auf den Christopher Street Day in Berlin w\u00e4chst der&hellip;\n","protected":false},"author":2,"featured_media":1200550,"comment_status":"","ping_status":"","sticky":false,"template":"","format":"standard","meta":{"footnotes":"","_share_on_mastodon":"0"},"categories":[1825],"tags":[296,29,30,36002,555,556,90178,138370,72535],"class_list":["post-1200549","post","type-post","status-publish","format-standard","has-post-thumbnail","category-berlin","tag-berlin","tag-deutschland","tag-germany","tag-isis","tag-islam","tag-islamismus","tag-oezdemir-cem","tag-team-first","tag-wegner-kai"],"share_on_mastodon":{"url":"","error":""},"_links":{"self":[{"href":"https:\/\/www.europesays.com\/de\/wp-json\/wp\/v2\/posts\/1200549","targetHints":{"allow":["GET"]}}],"collection":[{"href":"https:\/\/www.europesays.com\/de\/wp-json\/wp\/v2\/posts"}],"about":[{"href":"https:\/\/www.europesays.com\/de\/wp-json\/wp\/v2\/types\/post"}],"author":[{"embeddable":true,"href":"https:\/\/www.europesays.com\/de\/wp-json\/wp\/v2\/users\/2"}],"replies":[{"embeddable":true,"href":"https:\/\/www.europesays.com\/de\/wp-json\/wp\/v2\/comments?post=1200549"}],"version-history":[{"count":0,"href":"https:\/\/www.europesays.com\/de\/wp-json\/wp\/v2\/posts\/1200549\/revisions"}],"wp:featuredmedia":[{"embeddable":true,"href":"https:\/\/www.europesays.com\/de\/wp-json\/wp\/v2\/media\/1200550"}],"wp:attachment":[{"href":"https:\/\/www.europesays.com\/de\/wp-json\/wp\/v2\/media?parent=1200549"}],"wp:term":[{"taxonomy":"category","embeddable":true,"href":"https:\/\/www.europesays.com\/de\/wp-json\/wp\/v2\/categories?post=1200549"},{"taxonomy":"post_tag","embeddable":true,"href":"https:\/\/www.europesays.com\/de\/wp-json\/wp\/v2\/tags?post=1200549"}],"curies":[{"name":"wp","href":"https:\/\/api.w.org\/{rel}","templated":true}]}}