{"id":1200592,"date":"2026-07-29T08:14:25","date_gmt":"2026-07-29T08:14:25","guid":{"rendered":"https:\/\/www.europesays.com\/de\/1200592\/"},"modified":"2026-07-29T08:14:25","modified_gmt":"2026-07-29T08:14:25","slug":"paedophilen-jaeger-ueberfuehren-augsburger-mann-und-loesen-prozess-aus","status":"publish","type":"post","link":"https:\/\/www.europesays.com\/de\/1200592\/","title":{"rendered":"\u201eP\u00e4dophilen-J\u00e4ger\u201c \u00fcberf\u00fchren Augsburger Mann und l\u00f6sen Prozess aus"},"content":{"rendered":"<p class=\"mb-6 text-xs-varying md:text-m lg:text-l font-serif group-[.font-sans]:font-sans \">\n    Sie nannte sich \u201eJule\u201c. Eine 13-j\u00e4hrige Christin, so die Legende, offenbar auf der Suche nach Kontakten zu anderen Gl\u00e4ubigen. Der Mann aus <a href=\"https:\/\/www.augsburger-allgemeine.de\/augsburg\/\" target=\"_self\" class=\"underline \" rel=\"nofollow noopener\">Augsburg<\/a>, der im Mai 2024 <a href=\"https:\/\/www.augsburger-allgemeine.de\/augsburg\/jugendliche-paedophilen-jaeger-misshandeln-mann-so-werden-sie-bestraft-114203904\" target=\"_self\" class=\"underline \" rel=\"nofollow noopener\">mit \u201eJule\u201c auf einer christlichen Internetplattform schrieb<\/a>, glaubte fest daran, sich mit einem Teenager-M\u00e4dchen auszutauschen. Irgendwann wurden <a href=\"https:\/\/www.augsburger-allgemeine.de\/augsburg\/pedo-hunter-prozess-statt-sex-gab-es-im-wald-pruegel-10-05-114156944\" target=\"_self\" class=\"underline \" rel=\"nofollow noopener\">die Inhalte sexuell explizit, die beiden verabredeten ein Treffen<\/a>; der Mann formulierte vorab deutlich, wie sehr er sich darauf freue, mit der 13-J\u00e4hrigen intim zu werden, und auf welche Art er dies zu tun gedenke. Im <a href=\"https:\/\/www.augsburger-allgemeine.de\/schlagworte\/aa-prozess-augsburg\" target=\"_self\" class=\"underline \" rel=\"nofollow noopener\">Prozess<\/a> am Amtsgericht gegen den 55-J\u00e4hrigen ging es nun unter anderem um dieses Vorhaben des Mannes \u2013 und um die au\u00dfergew\u00f6hnliche Geschichte dahinter.\n  <\/p>\n","protected":false},"excerpt":{"rendered":"Sie nannte sich \u201eJule\u201c. Eine 13-j\u00e4hrige Christin, so die Legende, offenbar auf der Suche nach Kontakten zu anderen&hellip;\n","protected":false},"author":2,"featured_media":1197133,"comment_status":"","ping_status":"","sticky":false,"template":"","format":"standard","meta":{"footnotes":"","_share_on_mastodon":"0"},"categories":[1846],"tags":[1601,680,772,3364,29,548,663,3934,2050,2051,2690,30,13,14657,14,15,121,1269,12,213378,249755],"class_list":["post-1200592","post","type-post","status-publish","format-standard","has-post-thumbnail","category-augsburg","tag-amtsgericht","tag-augsburg","tag-bayern","tag-de","tag-deutschland","tag-eu","tag-europa","tag-europe","tag-frankfurt","tag-frankfurt-am-main","tag-gericht","tag-germany","tag-headlines","tag-main","tag-nachrichten","tag-news","tag-polizei","tag-prozess","tag-schlagzeilen","tag-silvia-huber","tag-stefan-mittelbach"],"share_on_mastodon":{"url":"https:\/\/pubeurope.com\/@de\/117002270731533884","error":""},"_links":{"self":[{"href":"https:\/\/www.europesays.com\/de\/wp-json\/wp\/v2\/posts\/1200592","targetHints":{"allow":["GET"]}}],"collection":[{"href":"https:\/\/www.europesays.com\/de\/wp-json\/wp\/v2\/posts"}],"about":[{"href":"https:\/\/www.europesays.com\/de\/wp-json\/wp\/v2\/types\/post"}],"author":[{"embeddable":true,"href":"https:\/\/www.europesays.com\/de\/wp-json\/wp\/v2\/users\/2"}],"replies":[{"embeddable":true,"href":"https:\/\/www.europesays.com\/de\/wp-json\/wp\/v2\/comments?post=1200592"}],"version-history":[{"count":0,"href":"https:\/\/www.europesays.com\/de\/wp-json\/wp\/v2\/posts\/1200592\/revisions"}],"wp:featuredmedia":[{"embeddable":true,"href":"https:\/\/www.europesays.com\/de\/wp-json\/wp\/v2\/media\/1197133"}],"wp:attachment":[{"href":"https:\/\/www.europesays.com\/de\/wp-json\/wp\/v2\/media?parent=1200592"}],"wp:term":[{"taxonomy":"category","embeddable":true,"href":"https:\/\/www.europesays.com\/de\/wp-json\/wp\/v2\/categories?post=1200592"},{"taxonomy":"post_tag","embeddable":true,"href":"https:\/\/www.europesays.com\/de\/wp-json\/wp\/v2\/tags?post=1200592"}],"curies":[{"name":"wp","href":"https:\/\/api.w.org\/{rel}","templated":true}]}}