{"id":1200692,"date":"2026-07-29T09:14:19","date_gmt":"2026-07-29T09:14:19","guid":{"rendered":"https:\/\/www.europesays.com\/de\/1200692\/"},"modified":"2026-07-29T09:14:19","modified_gmt":"2026-07-29T09:14:19","slug":"ard-moderatorin-esther-sedlaczek-postet-seltenes-foto-mit-kleinem-sohn","status":"publish","type":"post","link":"https:\/\/www.europesays.com\/de\/1200692\/","title":{"rendered":"ARD-Moderatorin Esther Sedlaczek postet seltenes Foto mit kleinem Sohn"},"content":{"rendered":"<p>Anpfiff f\u00fcrs Mama-Gl\u00fcck! Esther Sedlaczek genie\u00dft Kuschelzeit mit ihrem Baby<img alt=\"FIFA Fussball Weltmeisterschaft 2026, Gruppe E, Spiel 1, Deutschland vs. Curacao, 14.06.2026 im NRG Stadium in Houston, Texas Manuel Neuer Esther Sedlaczek und Bastian Schweinsteiger *** FIFA World Cup 2026, Group E, Match 1, Germany vs Curacao, 14 06 2026 at NRG Stadium in Houston, Texas Manuel Neuer Esther Sedlaczek and Bastian Schweinsteiger Copyright: xBahhoxKarax\" fetchpriority=\"high\" width=\"940\" height=\"529\" decoding=\"async\" data-nimg=\"1\" class=\"Image_image__SdgLQ Picture_image__vGN9W\" style=\"color:transparent\"   src=\"https:\/\/www.europesays.com\/de\/wp-content\/uploads\/2026\/07\/epi_1029673682_imago-sport_imago-sp-0614-22070001-1078524227jpg_fifa-fussball-weltme.webp\"\/><\/p>\n<p>Wochenlang stand die ARD-Moderatorin f\u00fcr die Fu\u00dfball-WM vor der Kamera \u2013 damit ist jetzt allerdings erst einmal Schluss.<\/p>\n<p> IMAGO\/Kirchner-Media<\/p>\n<p class=\"AnnotatedMarkup_paragraph__IUT9l\"><strong>Familiengl\u00fcck statt Fu\u00dfballstadion!<\/strong><br \/>Wochenlang stand Esther Sedlaczek bei der Fu\u00dfball-WM vor Millionen TV-Zuschauern im Rampenlicht. Doch auch, wenn die ARD-Moderatorin selbst gern vor der Kamera steht, h\u00e4lt sie ihre Familie weitestgehend aus der \u00d6ffentlichkeit heraus. Umso mehr freut es ihre Fans, dass Esther Sedlaczek nun einen seltenen privaten Schnappschuss teilt \u2013 mit ihrem j\u00fcngsten Sohn!<\/p>\n<p>\u201eWM-Modus aus. Familienzeit an\u201d \u2013 Esther Sedlaczek teilt Foto mit ihrem j\u00fcngsten Sohn<\/p>\n<p class=\"AnnotatedMarkup_paragraph__IUT9l\">Nach ihrem Einsatz als ARD-Moderatorin bei der Fu\u00dfball-Weltmeisterschaft hat Esther Sedlaczek erst einmal den Fernsehalltag hinter sich gelassen. Statt Analysen und Live-Schalten stehen f\u00fcr die 40-J\u00e4hrige jetzt Erholung und Zeit mit ihren Liebsten auf dem Programm. Das zeigt ein neuer Instagram-Beitrag der dreifachen Mutter, mit dem sie ihren Fans seltene Einblicke in ihren Familienalltag gew\u00e4hrt.<\/p>\n<p class=\"AnnotatedMarkup_paragraph__IUT9l\"><strong>Lese-Tipp<\/strong>: <a href=\"https:\/\/www.rtl.de\/unterhaltung\/stars\/was-esther-sedlaczek-macht-wenn-sie-bei-ihren-kindern-mal-nicht-mehr-weiter-weiss-id1955056.html\" target=\"_self\" rel=\"nofollow noopener\">Was Esther Sedlaczek macht, wenn sie bei ihren Kindern mal nicht mehr weiter wei\u00df<\/a><\/p>\n<p class=\"AnnotatedMarkup_paragraph__IUT9l\"><strong>Gleich das erste Bild ihres Urlaubs-Posts zeigt die Moderatorin mit ihrem j\u00fcngsten Kind bei einem Spaziergang durchs Gr\u00fcne. <\/strong>Den kleinen Jungen tr\u00e4gt sie eng an sich, w\u00e4hrend sie ihm liebevoll einen Kuss auf den Kopf gibt. Sein Gesicht bleibt \u2013 wie bei allen Kindern der Moderatorin \u2013 bewusst verborgen.<\/p>\n<p class=\"AnnotatedMarkup_paragraph__IUT9l\">Neben Landschaftsaufnahmen und einem Foto, auf dem sie mit einem gef\u00fcllten Weinglas entspannt, ver\u00f6ffentlicht Esther auch ein kurzes Video. Darauf h\u00e4lt sie erneut ihren j\u00fcngsten Sohn auf dem Arm, w\u00e4hrend die beiden eine Kuhherde beobachten. <strong>Zu ihrem Post schreibt Esther schlicht: \u201eWM-Modus aus. Familienzeit an.\u201d<\/strong> Mehr braucht es schlie\u00dflich nicht zur Erkl\u00e4rung!<\/p>\n<p><img alt=\"RTL+: Sport, Filme, Serien, Podcasts, H\u00f6rb\u00fccher, Live TV\" fetchpriority=\"auto\" loading=\"lazy\" width=\"615\" height=\"346\" decoding=\"async\" data-nimg=\"1\" class=\"Image_image__SdgLQ RtlPlusContent_image__Gbn0N\" style=\"color:transparent\"   src=\"https:\/\/www.europesays.com\/de\/wp-content\/uploads\/2026\/07\/rtlplus-sport-filme-serien-podcasts-hoerbuecher-live-tv.webp\"\/>Ihre Kinder und Ehemann bleiben bei Esther Sedlaczek meist privat<\/p>\n<p class=\"AnnotatedMarkup_paragraph__IUT9l\">Wer Esther Sedlaczek folgt, wei\u00df: Solche Aufnahmen sind eine Ausnahme. Die Moderatorin achtet seit Jahren darauf, ihre Familie aus der \u00d6ffentlichkeit herauszuhalten. <strong>Pers\u00f6nliche Momente teilt sie nur sehr ausgew\u00e4hlt \u2013 und nie so, dass ihre Kinder klar erkennbar sind.<\/strong><\/p>\n<p class=\"AnnotatedMarkup_paragraph__IUT9l\"><strong>Lese-Tipp<\/strong>: <a href=\"https:\/\/www.rtl.de\/unterhaltung\/stars\/ard-moderatorin-esther-sedlaczek-ganz-privater-einblick-nach-geburt-von-baby-nummer-3-id6644894.html\" target=\"_self\" rel=\"nofollow noopener\">Esther Sedlaczek meldet sich nach Geburt mit ehrlichen Worten<\/a><\/p>\n<p class=\"AnnotatedMarkup_paragraph__IUT9l\">Zur Familie geh\u00f6ren inzwischen drei Kinder. Nach einer Tochter und einem weiteren Sohn kam im Sommer 2025 ihr j\u00fcngstes Kind zur Welt. \u00dcber ihren Ehemann \u2013 ein M\u00fcnchener Gesch\u00e4ftsmann \u2013 spricht Sedlaczek ebenfalls nur selten. Privates bleibt bei Esther schlichtweg privat.<\/p>\n<p>Anzeige:<\/p>\n<p>Empfehlungen unserer Partner<\/p>\n<p>Video-Tipp: Diese RTL-Moderatorin verabschiedet sich in die Baby-Pause!<\/p>\n<p>00:40 min<\/p>\n<p>Sie hat ein Projekt ins Ziel zu bringen<\/p>\n<p>Bye, bye RTL Aktuell! Moderatorin Anna Fleischhauer verabschiedet sich in die Baby-Pause<\/p>\n<p>\u201eBeste Mama\u201d, \u201eSo s\u00fc\u00df\u201d und mehr: Esther Sedlaczeks Fans reagieren begeistert<\/p>\n<p class=\"AnnotatedMarkup_paragraph__IUT9l\">Dass die Moderatorin diesmal dennoch einen kleinen Blick in ihren Urlaub erlaubt, kommt bei ihren Followern gut an. Unter dem Beitrag sammeln sich zahlreiche herzliche Kommentare. Viele w\u00fcnschen ihr eine erholsame Auszeit nach den intensiven WM-Wochen, andere freuen sich einfach \u00fcber den seltenen Familienmoment.<\/p>\n<p class=\"AnnotatedMarkup_paragraph__IUT9l\">Vor allem das Bild mit ihrem j\u00fcngsten Sohn kommt bei den Fans bestens an. In den Kommentaren h\u00e4ufen sich liebevolle Botschaften wie \u201eWie s\u00fc\u00df\u201d, \u201eBeste Mama\u201d oder \u201eWow, grooo\u00df\u201d!<\/p>\n<p class=\"AnnotatedMarkup_paragraph__IUT9l\">Verwendete Quellen:<a rel=\"noopener noreferrer nofollow\" href=\"https:\/\/www.instagram.com\/p\/DbTPPvNDTMM\/\" target=\"_blank\"> Instagram\/esthersedlaczek<\/a><\/p>\n<p><script async src=\"\/\/www.instagram.com\/embed.js\"><\/script><\/p>\n","protected":false},"excerpt":{"rendered":"Anpfiff f\u00fcrs Mama-Gl\u00fcck! Esther Sedlaczek genie\u00dft Kuschelzeit mit ihrem Baby Wochenlang stand die ARD-Moderatorin f\u00fcr die Fu\u00dfball-WM vor&hellip;\n","protected":false},"author":2,"featured_media":1200693,"comment_status":"","ping_status":"","sticky":false,"template":"","format":"standard","meta":{"footnotes":"","_share_on_mastodon":"0"},"categories":[1776],"tags":[299,1801,468,29,214,1572,347,30,4550,107259,1802,265,215],"class_list":["post-1200692","post","type-post","status-publish","format-standard","has-post-thumbnail","category-prominente","tag-bundesliga","tag-celebrities","tag-champions-league","tag-deutschland","tag-entertainment","tag-formel-1","tag-fussball","tag-germany","tag-nfl","tag-oktagon-mma","tag-prominente","tag-sport","tag-unterhaltung"],"share_on_mastodon":{"url":"https:\/\/pubeurope.com\/@de\/117002508189102771","error":""},"_links":{"self":[{"href":"https:\/\/www.europesays.com\/de\/wp-json\/wp\/v2\/posts\/1200692","targetHints":{"allow":["GET"]}}],"collection":[{"href":"https:\/\/www.europesays.com\/de\/wp-json\/wp\/v2\/posts"}],"about":[{"href":"https:\/\/www.europesays.com\/de\/wp-json\/wp\/v2\/types\/post"}],"author":[{"embeddable":true,"href":"https:\/\/www.europesays.com\/de\/wp-json\/wp\/v2\/users\/2"}],"replies":[{"embeddable":true,"href":"https:\/\/www.europesays.com\/de\/wp-json\/wp\/v2\/comments?post=1200692"}],"version-history":[{"count":0,"href":"https:\/\/www.europesays.com\/de\/wp-json\/wp\/v2\/posts\/1200692\/revisions"}],"wp:featuredmedia":[{"embeddable":true,"href":"https:\/\/www.europesays.com\/de\/wp-json\/wp\/v2\/media\/1200693"}],"wp:attachment":[{"href":"https:\/\/www.europesays.com\/de\/wp-json\/wp\/v2\/media?parent=1200692"}],"wp:term":[{"taxonomy":"category","embeddable":true,"href":"https:\/\/www.europesays.com\/de\/wp-json\/wp\/v2\/categories?post=1200692"},{"taxonomy":"post_tag","embeddable":true,"href":"https:\/\/www.europesays.com\/de\/wp-json\/wp\/v2\/tags?post=1200692"}],"curies":[{"name":"wp","href":"https:\/\/api.w.org\/{rel}","templated":true}]}}