{"id":1200976,"date":"2026-07-29T12:03:22","date_gmt":"2026-07-29T12:03:22","guid":{"rendered":"https:\/\/www.europesays.com\/de\/1200976\/"},"modified":"2026-07-29T12:03:22","modified_gmt":"2026-07-29T12:03:22","slug":"wolfratshauser-csd-nach-anschlag-in-berlin-jetzt-erst-recht-bad-toelz-wolfratshausen","status":"publish","type":"post","link":"https:\/\/www.europesays.com\/de\/1200976\/","title":{"rendered":"Wolfratshauser CSD nach Anschlag in Berlin: \u201eJetzt erst recht!\u201c &#8211; Bad T\u00f6lz-Wolfratshausen"},"content":{"rendered":"<p data-manual=\"paragraph\" data-schema-org-speakable=\"true\" class=\"css-1eosz7k\">Ein paar Tage Bedenkzeit hatte sich das Organisationsteam um Raffael Joos ausgebeten. In der Nacht zum Mittwoch stand dann fest: \u201eJetzt erst recht!\u201c, lautet die Wolfratshauser Antwort auf den Anschlag beim <a href=\"https:\/\/www.sueddeutsche.de\/thema\/Christopher_Street_Day\" rel=\"nofollow noopener\" target=\"_blank\">Christopher Street Day<\/a> (CSD) in <a href=\"https:\/\/www.sueddeutsche.de\/thema\/Berlin\" rel=\"nofollow noopener\" target=\"_blank\">Berlin<\/a> am vergangenen Samstag. \u201eWenn die Angst siegt, dann hat der Terror bekommen, was er will\u201c, erkl\u00e4rt Joos. Die zweite CSD-Party in Wolfratshausen soll deshalb wie geplant am Samstag, 1. August, \u00fcber die B\u00fchne gehen.<\/p>\n<p data-manual=\"paragraph\" data-schema-org-speakable=\"true\" class=\"css-1eosz7k\">Als Versammlungsleiter fasst Joos zusammen, was ihn und sein Team seit dem Attentat umtreibt, bei dem eine Frau get\u00f6tet und 29 Menschen teils schwer verletzt wurden. \u201eDer Anschlag auf die Afterparty in Berlin hat uns alle ersch\u00fcttert. Wir bekommen Nachrichten und Anrufe von unseren Familien und Freund*innen \u2013 teils besorgt, teils ermutigend, alle mitf\u00fchlend.\u201c<\/p>\n<p><img decoding=\"async\" src=\"https:\/\/www.europesays.com\/de\/wp-content\/uploads\/2026\/07\/22369010-a73a-41a2-868c-336b7cdfc039.jpg\"   alt=\"Rafael Joos geh\u00f6rt zum Organisationsteam des Wolfratshauser CSD.\" loading=\"lazy\" class=\"css-8atqhb\"\/>Rafael Joos geh\u00f6rt zum Organisationsteam des Wolfratshauser CSD. Harry Wolfsbauer<\/p>\n<p data-manual=\"paragraph\" data-schema-org-speakable=\"true\" class=\"css-1eosz7k\">Terror solle einsch\u00fcchtern und queere Menschen daran hindern, dass sie sich zeigten, auf ihre Situation aufmerksam machten und f\u00fcr ihre Rechte einst\u00fcnden, so Joos. Die besten Mittel gegen Angst und Ohnmacht seien \u201eSolidarit\u00e4t und das Gef\u00fchl, nicht alleine zu sein\u201c. Eben dazu lade der Wolfratshauser CSD am Samstag ein.\u00a0Um 10.30 Uhr, so der Plan, startet eine bunte Parade mit Lautsprecherwagen und Musik vor der Loisachhalle, dreht eine Runde durch die Innenstadt und feiert dann mit Tanz und Musik auf dem Platz vor der Kulturhalle. Als Gastredner haben sich der SPD-Bundestagsabgeordnete und Parteivorsitzende in <a href=\"https:\/\/www.sueddeutsche.de\/thema\/Bayern\" rel=\"nofollow noopener\" target=\"_blank\">Bayern<\/a>, Sebastian Roloff, und der B\u00fcrgermeister von Bad Wiessee, Robert K\u00fchn (SPD), angek\u00fcndigt. Zudem berichten Menschen \u00fcber den queeren Lebensalltag in der Region.<\/p>\n<p data-manual=\"paragraph\" data-schema-org-speakable=\"true\" class=\"css-1eosz7k\">Mit den Sicherheitsbeh\u00f6rden stehe man seit dem Wochenende in einem \u201everst\u00e4rkten und konstruktiven Austausch\u201c, erkl\u00e4rt Joos. Das Sicherheitskonzept werde \u201elaufend angepasst\u201c. Derzeit gebe es keinen Anlass, die Veranstaltung einzuschr\u00e4nken.\u00a0\u201eWir haben aufgestockt\u201c, best\u00e4tigt Polizeihauptkommissar Alexander M\u00f6ckl, stellvertretender Dienststellenleiter der Polizeiinspektion Wolfratshausen. Die zust\u00e4ndige Sicherheitsbeh\u00f6rde sei in diesem Fall das Landratsamt Bad T\u00f6lz-Wolfratshausen. Einzelheiten zu den geplanten Ma\u00dfnahmen fallen seinen Worten nach unter \u201etaktische Interna\u201c und werden nicht \u00f6ffentlich gemacht.<\/p>\n<p data-manual=\"paragraph\" data-schema-org-speakable=\"true\" class=\"css-1eosz7k\">Organisator Joos, der 2025 bei den Bundestagswahlen als Direktkandidat der SPD antrat, erinnert an die Wurzeln des Christopher Street Day in den Stonewall-Aufst\u00e4nden von 1969 in New York. Dort war es zu gewaltt\u00e4tigen Konflikten zwischen Homosexuellen und Polizeibeamten gekommen.\u00a0\u201eAuch damals wehrte sich die queere Community gegen Willk\u00fcr und Gewalt.\u201c Er und sein Team wollten diesen Gedanken weitertragen. Ihr Appell lautet, \u201eumso selbstbewusster und sichtbarer zu sein \u2013 ganz getreu dem diesj\u00e4hrigen Motto: Wenn alles wieder grau wird, mach\u2019 Farbe dran!\u201c<\/p>\n","protected":false},"excerpt":{"rendered":"Ein paar Tage Bedenkzeit hatte sich das Organisationsteam um Raffael Joos ausgebeten. In der Nacht zum Mittwoch stand&hellip;\n","protected":false},"author":2,"featured_media":1200977,"comment_status":"","ping_status":"","sticky":false,"template":"","format":"standard","meta":{"footnotes":"","_share_on_mastodon":"0"},"categories":[1825],"tags":[84224,772,296,30485,29,30,3233,2339,95149,149],"class_list":["post-1200976","post","type-post","status-publish","format-standard","has-post-thumbnail","category-berlin","tag-bad-toelz-wolfratshausen","tag-bayern","tag-berlin","tag-christopher-street-day","tag-deutschland","tag-germany","tag-landkreis-bad-toelz-wolfratshausen","tag-oberbayern","tag-stadt-wolfratshausen","tag-sueddeutsche-zeitung"],"share_on_mastodon":{"url":"https:\/\/pubeurope.com\/@de\/117003172642662986","error":""},"_links":{"self":[{"href":"https:\/\/www.europesays.com\/de\/wp-json\/wp\/v2\/posts\/1200976","targetHints":{"allow":["GET"]}}],"collection":[{"href":"https:\/\/www.europesays.com\/de\/wp-json\/wp\/v2\/posts"}],"about":[{"href":"https:\/\/www.europesays.com\/de\/wp-json\/wp\/v2\/types\/post"}],"author":[{"embeddable":true,"href":"https:\/\/www.europesays.com\/de\/wp-json\/wp\/v2\/users\/2"}],"replies":[{"embeddable":true,"href":"https:\/\/www.europesays.com\/de\/wp-json\/wp\/v2\/comments?post=1200976"}],"version-history":[{"count":0,"href":"https:\/\/www.europesays.com\/de\/wp-json\/wp\/v2\/posts\/1200976\/revisions"}],"wp:featuredmedia":[{"embeddable":true,"href":"https:\/\/www.europesays.com\/de\/wp-json\/wp\/v2\/media\/1200977"}],"wp:attachment":[{"href":"https:\/\/www.europesays.com\/de\/wp-json\/wp\/v2\/media?parent=1200976"}],"wp:term":[{"taxonomy":"category","embeddable":true,"href":"https:\/\/www.europesays.com\/de\/wp-json\/wp\/v2\/categories?post=1200976"},{"taxonomy":"post_tag","embeddable":true,"href":"https:\/\/www.europesays.com\/de\/wp-json\/wp\/v2\/tags?post=1200976"}],"curies":[{"name":"wp","href":"https:\/\/api.w.org\/{rel}","templated":true}]}}