{"id":1201051,"date":"2026-07-29T12:45:02","date_gmt":"2026-07-29T12:45:02","guid":{"rendered":"https:\/\/www.europesays.com\/de\/1201051\/"},"modified":"2026-07-29T12:45:02","modified_gmt":"2026-07-29T12:45:02","slug":"schweiz-und-vereinigtes-koenigreich-einigen-sich-auf-handelsabkommen-3","status":"publish","type":"post","link":"https:\/\/www.europesays.com\/de\/1201051\/","title":{"rendered":"Schweiz und Vereinigtes K\u00f6nigreich einigen sich auf Handelsabkommen"},"content":{"rendered":"<p>    <img src=\"https:\/\/www.europesays.com\/de\/wp-content\/uploads\/2026\/07\/c2aeb336640a06c710876045e88812bc155221fb-91739350.jpg\" width=\"1400\" height=\"1050\" alt=\"Die Schweiz und das Vereinigte K\u00f6nigreich einigen sich auf ein Handelsabkommen\" loading=\"eager\" decoding=\"sync\" fetchpriority=\"high\"\/><\/p>\n<p>                Die Schweiz und das Vereinigte K\u00f6nigreich einigen sich auf ein Handelsabkommen            <\/p>\n<p>            Keystone-SDA        <\/p>\n<p>        Die Schweiz und das Vereinigte K\u00f6nigreich haben am Montag die Verhandlungen \u00fcber ein erweitertes Freihandelsabkommen abgeschlossen. Das auf Dienstleistungen ausgerichtete Abkommen soll den Handel, die Investitionen und Arbeitspl\u00e4tze f\u00f6rdern.\n<\/p>\n<p>        Dieser Inhalt wurde am ver\u00f6ffentlicht    <\/p>\n<p>        13. Juli 2026 &#8211; 16:00\n<\/p>\n<p> (Keystone-SDA) Besonders davon profitieren sollen etwa Unternehmen in den Bereichen Finanzdienstleistungen und Naturwissenschaften, wie Bundesratspr\u00e4sident Guy Parmelin und der britische Wirtschaftsminister Peter Kyle am Montag in Bern vor den Medien ausf\u00fchrten. In diesem Rahmen w\u00fcrden administrative H\u00fcrden gesenkt, und der Marktzugang w\u00fcrde verbessert.<\/p>\n<p>Weiter soll es f\u00fcr Gesch\u00e4ftsreisende und Fachkr\u00e4fte einfacher werden, grenz\u00fcberschreitend t\u00e4tig zu sein. Dazu kommen verbesserte Rahmenbedingungen f\u00fcr Datenfl\u00fcsse und den Schutz des geistigen Eigentums. Kyle sprach von einem \u00abhistorischen Deal\u00bb.<\/p>\n<p>Ziel ist es gem\u00e4ss Parmelin, das Freihandelsabkommen bis Ende dieses Jahres f\u00fcr die Unterschrift vorzubereiten. Danach folgen die jeweiligen innerstaatlichen Genehmigungsverfahren.<\/p>\n","protected":false},"excerpt":{"rendered":"Die Schweiz und das Vereinigte K\u00f6nigreich einigen sich auf ein Handelsabkommen Keystone-SDA Die Schweiz und das Vereinigte K\u00f6nigreich&hellip;\n","protected":false},"author":2,"featured_media":1201052,"comment_status":"","ping_status":"","sticky":false,"template":"","format":"standard","meta":{"footnotes":"","_share_on_mastodon":"0"},"categories":[3976],"tags":[331,332,13,14,15,12,2706,3992,3993,3994,3995,3996,3997],"class_list":["post-1201051","post","type-post","status-publish","format-standard","has-post-thumbnail","category-vereinigtes-koenigreich","tag-aktuelle-nachrichten","tag-aktuelle-news","tag-headlines","tag-nachrichten","tag-news","tag-schlagzeilen","tag-ticker","tag-uk","tag-united-kingdom","tag-united-kingdom-of-great-britain-and-northern-ireland","tag-vereinigtes-koenigreich","tag-vereinigtes-koenigreich-grossbritannien-und-nordirland","tag-vereinigtes-koenigreich-von-grossbritannien-und-nordirland"],"share_on_mastodon":{"url":"https:\/\/pubeurope.com\/@de\/117003337896142773","error":""},"_links":{"self":[{"href":"https:\/\/www.europesays.com\/de\/wp-json\/wp\/v2\/posts\/1201051","targetHints":{"allow":["GET"]}}],"collection":[{"href":"https:\/\/www.europesays.com\/de\/wp-json\/wp\/v2\/posts"}],"about":[{"href":"https:\/\/www.europesays.com\/de\/wp-json\/wp\/v2\/types\/post"}],"author":[{"embeddable":true,"href":"https:\/\/www.europesays.com\/de\/wp-json\/wp\/v2\/users\/2"}],"replies":[{"embeddable":true,"href":"https:\/\/www.europesays.com\/de\/wp-json\/wp\/v2\/comments?post=1201051"}],"version-history":[{"count":0,"href":"https:\/\/www.europesays.com\/de\/wp-json\/wp\/v2\/posts\/1201051\/revisions"}],"wp:featuredmedia":[{"embeddable":true,"href":"https:\/\/www.europesays.com\/de\/wp-json\/wp\/v2\/media\/1201052"}],"wp:attachment":[{"href":"https:\/\/www.europesays.com\/de\/wp-json\/wp\/v2\/media?parent=1201051"}],"wp:term":[{"taxonomy":"category","embeddable":true,"href":"https:\/\/www.europesays.com\/de\/wp-json\/wp\/v2\/categories?post=1201051"},{"taxonomy":"post_tag","embeddable":true,"href":"https:\/\/www.europesays.com\/de\/wp-json\/wp\/v2\/tags?post=1201051"}],"curies":[{"name":"wp","href":"https:\/\/api.w.org\/{rel}","templated":true}]}}