{"id":1201238,"date":"2026-07-29T14:31:20","date_gmt":"2026-07-29T14:31:20","guid":{"rendered":"https:\/\/www.europesays.com\/de\/1201238\/"},"modified":"2026-07-29T14:31:20","modified_gmt":"2026-07-29T14:31:20","slug":"dortmund-anwohner-von-grossbaustelle-in-der-bittermark-beschweren-sich","status":"publish","type":"post","link":"https:\/\/www.europesays.com\/de\/1201238\/","title":{"rendered":"Dortmund: Anwohner von Gro\u00dfbaustelle in der Bittermark beschweren sich"},"content":{"rendered":"<p>\t\tGro\u00dfbaustelle in der Bittermark<br \/>\n\t\t\t\t\tAnwohner beschweren sich \u00fcber fehlende Informationen<\/p>\n<p>\t\t<img alt=\"\" src=\"https:\/\/www.europesays.com\/de\/wp-content\/uploads\/2025\/04\/630_0036_47905_.jpg\"  class=\"avatar avatar-36 photo avatar-default\" height=\"36\" width=\"36\" loading=\"eager\" decoding=\"async\"\/>\t\t<a class=\"article-author__name\" href=\"https:\/\/www.ruhrnachrichten.de\/author\/britta-linnhoff\/\" rel=\"author nofollow noopener\" target=\"_blank\">Britta Linnhoff<\/a><br \/>\n\t\tRedakteurin<\/p>\n<p>    <a href=\"https:\/\/www.ruhrnachrichten.de\/wp-content\/uploads\/2026\/07\/29\/13\/630_0900_6601127_-1648x824.jpg\" rel=\"nofollow noopener\" target=\"_blank\"><\/p>\n<p>            <img loading=\"lazy\" decoding=\"async\" src=\"https:\/\/www.europesays.com\/de\/wp-content\/uploads\/2026\/07\/630_0900_6601097_-640x428.jpg\" width=\"640\" height=\"428\"  alt=\"Melanie Fischer vor der Baustelle in der Spissennagelstra\u00dfe in Dortmund-Kirchh\u00f6rde.\"\/><\/p>\n<p>    <\/a><br \/>\n    Anliegerin Melanie Fischer beklagt, dass sie erst sehr kurzfristig von den Arbeiten erfahren habe. Sie w\u00fcnscht sich ein wenig mehr Vorlauf. \u00a9 Britta Linnhoff<\/p>\n<p class=\"article__teaser-text\">Kan\u00e4le, Leitungen, Stra\u00dfen: Ein Gro\u00dfprojekt in der Bittermark sorgt zum Start bei Anliegern f\u00fcr Unmut. Informationen habe es erst sp\u00e4t gegeben.<\/p>\n<p>2 Min Lesezeit<\/p>\n<p>1500 Info-Schreiben verteiltNaheliegende Erkl\u00e4rungZufahrt zu Grundst\u00fccken<\/p>\n","protected":false},"excerpt":{"rendered":"Gro\u00dfbaustelle in der Bittermark Anwohner beschweren sich \u00fcber fehlende Informationen Britta Linnhoff Redakteurin Anliegerin Melanie Fischer beklagt, dass&hellip;\n","protected":false},"author":2,"featured_media":1201239,"comment_status":"","ping_status":"","sticky":false,"template":"","format":"standard","meta":{"footnotes":"","_share_on_mastodon":"0"},"categories":[1833],"tags":[16365,3364,29,217,30,1209,3587],"class_list":["post-1201238","post","type-post","status-publish","format-standard","has-post-thumbnail","category-dortmund","tag-baustart","tag-de","tag-deutschland","tag-dortmund","tag-germany","tag-nordrhein-westfalen","tag-verkehr-mobilitaet"],"share_on_mastodon":{"url":"https:\/\/pubeurope.com\/@de\/117003755741939753","error":""},"_links":{"self":[{"href":"https:\/\/www.europesays.com\/de\/wp-json\/wp\/v2\/posts\/1201238","targetHints":{"allow":["GET"]}}],"collection":[{"href":"https:\/\/www.europesays.com\/de\/wp-json\/wp\/v2\/posts"}],"about":[{"href":"https:\/\/www.europesays.com\/de\/wp-json\/wp\/v2\/types\/post"}],"author":[{"embeddable":true,"href":"https:\/\/www.europesays.com\/de\/wp-json\/wp\/v2\/users\/2"}],"replies":[{"embeddable":true,"href":"https:\/\/www.europesays.com\/de\/wp-json\/wp\/v2\/comments?post=1201238"}],"version-history":[{"count":0,"href":"https:\/\/www.europesays.com\/de\/wp-json\/wp\/v2\/posts\/1201238\/revisions"}],"wp:featuredmedia":[{"embeddable":true,"href":"https:\/\/www.europesays.com\/de\/wp-json\/wp\/v2\/media\/1201239"}],"wp:attachment":[{"href":"https:\/\/www.europesays.com\/de\/wp-json\/wp\/v2\/media?parent=1201238"}],"wp:term":[{"taxonomy":"category","embeddable":true,"href":"https:\/\/www.europesays.com\/de\/wp-json\/wp\/v2\/categories?post=1201238"},{"taxonomy":"post_tag","embeddable":true,"href":"https:\/\/www.europesays.com\/de\/wp-json\/wp\/v2\/tags?post=1201238"}],"curies":[{"name":"wp","href":"https:\/\/api.w.org\/{rel}","templated":true}]}}