{"id":1201437,"date":"2026-07-29T16:27:26","date_gmt":"2026-07-29T16:27:26","guid":{"rendered":"https:\/\/www.europesays.com\/de\/1201437\/"},"modified":"2026-07-29T16:27:26","modified_gmt":"2026-07-29T16:27:26","slug":"friedrich-merz-stellt-sich-bei-rtl-fragen-der-buergerinnen-und-buerger","status":"publish","type":"post","link":"https:\/\/www.europesays.com\/de\/1201437\/","title":{"rendered":"Friedrich Merz stellt sich bei RTL Fragen der B\u00fcrgerinnen und B\u00fcrger"},"content":{"rendered":"<p>Pinar Atalay moderiert <\/p>\n<p>Friedrich Merz stellt sich bei RTL Fragen der B\u00fcrgerinnen und B\u00fcrger<\/p>\n<p>29.07.2026 &#8211; 15:36 UhrLesedauer: 2 Min.<\/p>\n<p><a href=\"#focus-0\" class=\"transition-colors block text-current relative\" data-sctrack=\"FocusGalleryImage.Reference\"><img fetchpriority=\"high\" data-testid=\"Opener.Image\"   loading=\"eager\" src=\"https:\/\/www.europesays.com\/de\/wp-content\/uploads\/2025\/05\/pinar-atalay-seit-2021-steht-sie-fuer-rtl-direkt-vor-der-kamera.jpg\" alt=\"Pinar Atalay: Seit 2021 steht sie f\u00fcr &quot;RTL direkt&quot; vor der Kamera.\" title=\"Pinar Atalay: Seit 2021 steht sie f\u00fcr &quot;RTL direkt&quot; vor der Kamera.\" width=\"2597\" height=\"1461\" class=\"bg-[url:var(--lqipURL)] bg-cover bg-center flex h-full w-full max-w-full\" style=\"--lqipURL:url('https:\/\/images.t-online.de\/2024\/07\/aZGesl8ifSKp\/0x0:2597x1461\/fit-in\/150x0\/filters:blur(25)\/pinar-atalay-seit-2021-steht-sie-fuer-rtl-direkt-vor-der-kamera.jpg')\" decoding=\"async\"\/><img loading=\"lazy\" src=\"https:\/\/www.t-online.de\/s\/paper\/_next\/static\/media\/zoom-in.f7dae02f.svg\" alt=\"Vergr\u00f6\u00dfern des Bildes\" title=\"Vergr\u00f6\u00dfern des Bildes\" class=\"block h-[calc(var(--height)_\/_16_*_1rem)] w-[calc(var(--width)_\/_16_*_1rem)] max-w-none absolute right-8 bottom-8 rounded-4 bg-snow p-8\" style=\"--width:32;--height:32\" decoding=\"async\"\/><\/a><\/p>\n<p>Pinar Atalay: Die Moderatorin wird durch die Sendung f\u00fchren. (Quelle: RTL)<\/p>\n<p><img loading=\"lazy\" src=\"https:\/\/www.t-online.de\/s\/paper\/_next\/static\/media\/audio-volume.6689034c.svg\" alt=\"\" title=\"\" class=\"block h-[calc(var(--height)_\/_16_*_1rem)] w-[calc(var(--width)_\/_16_*_1rem)] max-w-none group-hover:brightness-0 group-hover:invert\" style=\"--width:16;--height:16\" decoding=\"async\"\/>Vorlesen<\/p>\n<p>Aktuelle Zeit:0:00Gesamtdauer:0:00<\/p>\n<p>1x<\/p>\n<p class=\"text-center\">Jetzt neu bei t-online:<\/p>\n<p class=\"text-center\">Schriftgr\u00f6\u00dfe anpassen!<\/p>\n<p><img loading=\"lazy\" src=\"https:\/\/www.t-online.de\/s\/paper\/_next\/static\/media\/font-sizes.32942e33.svg\" alt=\"\" title=\"\" class=\"block h-[calc(var(--height)_\/_16_*_1rem)] w-[calc(var(--width)_\/_16_*_1rem)] max-w-none group-hover:hidden group-aria-expanded:hidden\" style=\"--width:16;--height:16\" decoding=\"async\"\/><img loading=\"lazy\" src=\"https:\/\/www.t-online.de\/s\/paper\/_next\/static\/media\/font-sizes-dark-mode.e382645c.svg\" alt=\"\" title=\"\" class=\"block h-[calc(var(--height)_\/_16_*_1rem)] w-[calc(var(--width)_\/_16_*_1rem)] max-w-none hidden group-hover:block group-aria-expanded:block\" style=\"--width:16;--height:16\" decoding=\"async\"\/><img loading=\"lazy\" src=\"https:\/\/www.t-online.de\/s\/paper\/_next\/static\/media\/sharing-menu-icon.1eb71368.svg\" alt=\"\" title=\"\" class=\"block h-[calc(var(--height)_\/_16_*_1rem)] w-[calc(var(--width)_\/_16_*_1rem)] max-w-none group-hover:brightness-0 group-hover:invert\" style=\"--width:16;--height:16\" decoding=\"async\"\/>Artikel teilen<\/p>\n<p class=\"font-bold text-18 leading-17 user-text-lg:text-22 user-text-xl:text-24\">Personalquerelen und dr\u00e4ngende gesellschaftliche Fragen: Viele Menschen in Deutschland haben Redebedarf. Ende August k\u00f6nnen einige von ihnen bei RTL auf Bundeskanzler Friedrich Merz treffen.<\/p>\n<p class=\"text-18 leading-17 user-text-lg:text-22 user-text-xl:text-24\">Wie der Sender am Mittwoch mitteilte, wird am 27. August die Sendung &#8222;Am Tisch mit Friedrich Merz&#8220; ausgestrahlt. Ab 22.15 Uhr stellt sich der Bundeskanzler den Fragen von B\u00fcrgerinnen und B\u00fcrgern. &#8222;An einem Tisch mit dem Regierungschef k\u00f6nnen die G\u00e4ste ihre konkreten Fragen, W\u00fcnsche und Forderungen zu den Themen stellen, die sie derzeit besonders bewegen&#8220;, hei\u00dft es in der Ank\u00fcndigung. Die Moderation \u00fcbernimmt Pinar Atalay.<\/p>\n<p class=\"text-18 leading-17 user-text-lg:text-22 user-text-xl:text-24\">Die Themen, um die es gehen k\u00f6nnte, formuliert der Sender so: Was w\u00fcrde ein Wahlsieg der <a href=\"https:\/\/www.t-online.de\/themen\/alternative-fuer-deutschland\/\" class=\"transition-colors cursor-pointer no-underline md:hover:text-magenta md:focus:text-magenta border-b border-solid border-current text-salemsfur md:hover:border-magenta\" data-tracking=\"{&quot;action&quot;:&quot;click&quot;,&quot;category&quot;:&quot;intextLink&quot;,&quot;label&quot;:&quot;\/themen\/alternative-fuer-deutschland\/&quot;}\" data-sctrack=\"BodyAnchor\" rel=\"nofollow noopener\" target=\"_blank\">AfD<\/a> bei der Landtagswahl in Sachsen-Anhalt am 6. September bedeuten? Wie bewerten Betroffene das Reformpaket der <a href=\"https:\/\/www.t-online.de\/themen\/bundesregierung\/\" class=\"transition-colors cursor-pointer no-underline md:hover:text-magenta md:focus:text-magenta border-b border-solid border-current text-salemsfur md:hover:border-magenta\" data-tracking=\"{&quot;action&quot;:&quot;click&quot;,&quot;category&quot;:&quot;intextLink&quot;,&quot;label&quot;:&quot;\/themen\/bundesregierung\/&quot;}\" data-sctrack=\"BodyAnchor\" rel=\"nofollow noopener\" target=\"_blank\">Bundesregierung<\/a>? Und wie blickt <a href=\"https:\/\/www.t-online.de\/themen\/friedrich-merz\/\" class=\"transition-colors cursor-pointer no-underline md:hover:text-magenta md:focus:text-magenta border-b border-solid border-current text-salemsfur md:hover:border-magenta\" data-tracking=\"{&quot;action&quot;:&quot;click&quot;,&quot;category&quot;:&quot;intextLink&quot;,&quot;label&quot;:&quot;\/themen\/friedrich-merz\/&quot;}\" data-sctrack=\"BodyAnchor\" rel=\"nofollow noopener\" target=\"_blank\">Friedrich Merz<\/a> auf anhaltende Kriege und globale Krisen?<\/p>\n<p><a href=\"#focus-1\" class=\"transition-colors block text-current relative\" data-sctrack=\"FocusGalleryImage.Reference\"><img   loading=\"lazy\" src=\"https:\/\/www.europesays.com\/de\/wp-content\/uploads\/2026\/07\/am-tisch-mit-friedrich-merz-die-sendung-ist-fuer-den-27-august-angekuendigt.jpg\" alt=\"&quot;Am Tisch mit Friedrich Merz&quot;: Die Sendung ist f\u00fcr den 27. August angek\u00fcndigt.\" title=\"&quot;Am Tisch mit Friedrich Merz&quot;: Die Sendung ist f\u00fcr den 27. August angek\u00fcndigt.\" width=\"400\" height=\"225\" class=\"h-full w-full max-w-full rounded-8\" decoding=\"async\"\/><img loading=\"lazy\" src=\"https:\/\/www.t-online.de\/s\/paper\/_next\/static\/media\/zoom-in.f7dae02f.svg\" alt=\"Vergr\u00f6\u00dfern des Bildes\" title=\"Vergr\u00f6\u00dfern des Bildes\" class=\"block h-[calc(var(--height)_\/_16_*_1rem)] w-[calc(var(--width)_\/_16_*_1rem)] max-w-none absolute right-8 bottom-8 rounded-4 bg-snow p-8\" style=\"--width:32;--height:32\" decoding=\"async\"\/>&#8222;Am Tisch mit Friedrich Merz&#8220;: Die Sendung ist f\u00fcr den 27. August angek\u00fcndigt. (Quelle: RTL)<\/a><\/p>\n<p class=\"text-18 leading-17 user-text-lg:text-22 user-text-xl:text-24\">Direkt im Anschluss blickt RTL\/ntv-Politikchef Nikolaus Blome auf einen m\u00f6glichen Wahlerfolg der AfD. Ab 23.30 Uhr wird die rund 30-min\u00fctige Dokumentation &#8222;Kein Land f\u00fcr alle &#8211; Wer verliert, wenn die AfD gewinnt?&#8220; gezeigt. Blome wird sich darin der Frage widmen, &#8222;wer sich vor einer (Allein-)Regierung der AfD in Sachsen-Anhalt pers\u00f6nlich f\u00fcrchten m\u00fcsste \u2013 und warum konkret&#8220;.<\/p>\n<p class=\"text-18 leading-17 user-text-lg:text-22 user-text-xl:text-24\">In der RTL-Mitteilung hei\u00dft es weiter: &#8222;Zu Wort kommen unter anderem ein Arzt, der laut offiziellem Wahl-Programm der AfD als &#8218;kulturfremder&#8216; Ausl\u00e4nder &#8218;das Wohl der Patienten gef\u00e4hrdet&#8216; und ungeeignet sei, &#8218;unsere B\u00fcrger richtig zu behandeln'&#8220;. Dazu berichtet ein Lehrer, wie ihn und seine Kollegen ein geplanter offizieller Lehrerpranger einsch\u00fcchtern soll. &#8222;Ein evangelischer Pfarrer wird in seiner Gemeinde zeigen, wie die von der AfD im Wahlprogramm angek\u00fcndigten K\u00fcrzungen und Beschr\u00e4nkungen staatlicher Zahlungen kirchliche Angebote wie Kita, Friedhof oder Jugendclub unm\u00f6glich machen.&#8220; Blome wird zitiert mit den Worten: &#8222;Wir nehmen die AfD beim Wort. Und ihre W\u00e4hler ernst.&#8220;<\/p>\n","protected":false},"excerpt":{"rendered":"Pinar Atalay moderiert Friedrich Merz stellt sich bei RTL Fragen der B\u00fcrgerinnen und B\u00fcrger 29.07.2026 &#8211; 15:36 UhrLesedauer:&hellip;\n","protected":false},"author":2,"featured_media":1201438,"comment_status":"","ping_status":"","sticky":false,"template":"","format":"standard","meta":{"footnotes":"","_share_on_mastodon":"0"},"categories":[1773],"tags":[36557,186,29,214,775,30,99561,250596,250595,51848,640,860,471,1780,215],"class_list":["post-1201437","post","type-post","status-publish","format-standard","has-post-thumbnail","category-serien","tag-redebedarf","tag-afd","tag-deutschland","tag-entertainment","tag-friedrich-merz","tag-germany","tag-landtagswahl-sachsen-anhalt","tag-nikolaus-blome","tag-personalquerele","tag-pinar-atalay","tag-rtl","tag-sachsen-anhalt","tag-serien","tag-series","tag-unterhaltung"],"share_on_mastodon":{"url":"https:\/\/pubeurope.com\/@de\/117004211766905555","error":""},"_links":{"self":[{"href":"https:\/\/www.europesays.com\/de\/wp-json\/wp\/v2\/posts\/1201437","targetHints":{"allow":["GET"]}}],"collection":[{"href":"https:\/\/www.europesays.com\/de\/wp-json\/wp\/v2\/posts"}],"about":[{"href":"https:\/\/www.europesays.com\/de\/wp-json\/wp\/v2\/types\/post"}],"author":[{"embeddable":true,"href":"https:\/\/www.europesays.com\/de\/wp-json\/wp\/v2\/users\/2"}],"replies":[{"embeddable":true,"href":"https:\/\/www.europesays.com\/de\/wp-json\/wp\/v2\/comments?post=1201437"}],"version-history":[{"count":0,"href":"https:\/\/www.europesays.com\/de\/wp-json\/wp\/v2\/posts\/1201437\/revisions"}],"wp:featuredmedia":[{"embeddable":true,"href":"https:\/\/www.europesays.com\/de\/wp-json\/wp\/v2\/media\/1201438"}],"wp:attachment":[{"href":"https:\/\/www.europesays.com\/de\/wp-json\/wp\/v2\/media?parent=1201437"}],"wp:term":[{"taxonomy":"category","embeddable":true,"href":"https:\/\/www.europesays.com\/de\/wp-json\/wp\/v2\/categories?post=1201437"},{"taxonomy":"post_tag","embeddable":true,"href":"https:\/\/www.europesays.com\/de\/wp-json\/wp\/v2\/tags?post=1201437"}],"curies":[{"name":"wp","href":"https:\/\/api.w.org\/{rel}","templated":true}]}}